{"id":58478,"date":"2025-07-22T07:47:43","date_gmt":"2025-07-22T07:47:43","guid":{"rendered":"https:\/\/ikimisli.tr\/?p=58478"},"modified":"2025-07-22T07:47:43","modified_gmt":"2025-07-22T07:47:43","slug":"kemal-kilicdaroglunun-ikizi-hayatini-kaybetti","status":"publish","type":"post","link":"https:\/\/ikimisli.tr\/index.php\/2025\/07\/22\/kemal-kilicdaroglunun-ikizi-hayatini-kaybetti\/","title":{"rendered":"Kemal K\u0131l\u0131\u00e7daro\u011flu&#8217;nun ikizi hayat\u0131n\u0131 kaybetti"},"content":{"rendered":"<p>CHP eski Genel Ba\u015fkan\u0131 Kemal K\u0131l\u0131\u00e7daro\u011flu\u2019nun ikiz karde\u015fi Adil K\u0131l\u0131\u00e7daro\u011flu hayat\u0131n\u0131 yitirdi.<\/p>\n<p>76 ya\u015f\u0131ndaki Adil K\u0131l\u0131\u00e7daro\u011flu&#8217;nun hayat\u0131n\u0131 yitirmesine ait Bal\u0131kesir B\u00fcy\u00fck\u015fehir Belediye Ba\u015fkan\u0131 Ahmet Ak\u0131n, X hesab\u0131ndan payla\u015f\u0131m yapt\u0131.<\/p>\n<p><img decoding=\"async\" src=\"https:\/\/ikimisli.tr\/wp-content\/uploads\/2025\/07\/kemal-kilicdaroglunun-ikizi-hayatini-kaybetti-0-Ig322sgR.jpg\"\/><\/p>\n<p>Ak\u0131n, yapt\u0131\u011f\u0131 payla\u015f\u0131mda \u201c\u00d6nceki Periyot Genel Liderimiz Sn. Kemal K\u0131l\u0131\u00e7daro\u011flu\u2019nun ikiz karde\u015fi Adil K\u0131l\u0131\u00e7daro\u011flu\u2019nun vefat\u0131n\u0131 b\u00fcy\u00fck bir kederle \u00f6\u011frendim. Merhuma Allah\u2019tan rahmet, K\u0131l\u0131\u00e7daro\u011flu ailesine, yak\u0131nlar\u0131na ve t\u00fcm sevenlerine ba\u015fsa\u011fl\u0131\u011f\u0131 diliyorum. Yeri cennet olsun\u201d tabirlerini kulland\u0131.<\/p>\n<p><b>A\u0130DAT TARTI\u015eMASI <\/b><\/p>\n<p>Adil K\u0131l\u0131\u00e7daro\u011flu&#8217;nun, Bal\u0131kesir Burhaniye&#8217;de y\u00f6netici oldu\u011fu sitede \u00e7\u0131kan aidat tart\u0131\u015fmas\u0131 nedeniyle ge\u00e7irdi\u011fi kalp krizi sonucu hayat\u0131n\u0131 kaybetti\u011fi \u00f6\u011frenildi. <\/p>\n","protected":false},"excerpt":{"rendered":"<p>CHP eski lideri Kemal K\u0131l\u0131\u00e7daro\u011flu\u2019nun ikiz karde\u015fi Adil K\u0131l\u0131\u00e7daro\u011flu, 76 ya\u015f\u0131nda hayat\u0131n\u0131 yitirdi.<\/p>\n","protected":false},"author":1,"featured_media":58479,"comment_status":"open","ping_status":"open","sticky":false,"template":"","format":"standard","meta":{"footnotes":""},"categories":[25],"tags":[5191],"class_list":["post-58478","post","type-post","status-publish","format-standard","has-post-thumbnail","hentry","category-gundem","tag-kilicdaroglu"],"_links":{"self":[{"href":"https:\/\/ikimisli.tr\/index.php\/wp-json\/wp\/v2\/posts\/58478","targetHints":{"allow":["GET"]}}],"collection":[{"href":"https:\/\/ikimisli.tr\/index.php\/wp-json\/wp\/v2\/posts"}],"about":[{"href":"https:\/\/ikimisli.tr\/index.php\/wp-json\/wp\/v2\/types\/post"}],"author":[{"embeddable":true,"href":"https:\/\/ikimisli.tr\/index.php\/wp-json\/wp\/v2\/users\/1"}],"replies":[{"embeddable":true,"href":"https:\/\/ikimisli.tr\/index.php\/wp-json\/wp\/v2\/comments?post=58478"}],"version-history":[{"count":1,"href":"https:\/\/ikimisli.tr\/index.php\/wp-json\/wp\/v2\/posts\/58478\/revisions"}],"predecessor-version":[{"id":58481,"href":"https:\/\/ikimisli.tr\/index.php\/wp-json\/wp\/v2\/posts\/58478\/revisions\/58481"}],"wp:featuredmedia":[{"embeddable":true,"href":"https:\/\/ikimisli.tr\/index.php\/wp-json\/wp\/v2\/media\/58479"}],"wp:attachment":[{"href":"https:\/\/ikimisli.tr\/index.php\/wp-json\/wp\/v2\/media?parent=58478"}],"wp:term":[{"taxonomy":"category","embeddable":true,"href":"https:\/\/ikimisli.tr\/index.php\/wp-json\/wp\/v2\/categories?post=58478"},{"taxonomy":"post_tag","embeddable":true,"href":"https:\/\/ikimisli.tr\/index.php\/wp-json\/wp\/v2\/tags?post=58478"}],"curies":[{"name":"wp","href":"https:\/\/api.w.org\/{rel}","templated":true}]}}