{"id":58482,"date":"2025-07-22T07:59:42","date_gmt":"2025-07-22T07:59:42","guid":{"rendered":"https:\/\/ikimisli.tr\/?p=58482"},"modified":"2025-07-22T07:59:42","modified_gmt":"2025-07-22T07:59:42","slug":"kumese-kapatilan-kazlara-tepkiler-sonrasi-sartli-tahliye","status":"publish","type":"post","link":"https:\/\/ikimisli.tr\/index.php\/2025\/07\/22\/kumese-kapatilan-kazlara-tepkiler-sonrasi-sartli-tahliye\/","title":{"rendered":"K\u00fcmese kapat\u0131lan kazlara tepkiler sonras\u0131 &#8216;\u015fartl\u0131 tahliye&#8217;"},"content":{"rendered":"<p>Denize girdikleri i\u00e7in C\u0130MER&#8217;e \u015fikayet edilen ve k\u00fcmese hapsedilen kazlar i\u00e7in reaksiyonlar sonras\u0131 harekete ge\u00e7ildi. Denize girmemek ve soka\u011fa \u00e7\u0131kmamak kaidesiyle kazlar\u0131n k\u00fcmesten \u00e7\u0131kmas\u0131na m\u00fcsaade verildi.<\/p>\n<p><b>\u015eARTLI TAHL\u0130YE GELD\u0130<\/b><\/p>\n<p>\u0130l\u00e7e Tar\u0131m ve Orman M\u00fcd\u00fcrl\u00fc\u011f\u00fc yetkililerince denize girmemek ve soka\u011fa \u00e7\u0131kmamak kural\u0131yla k\u00fcmesten \u00e7\u0131kmalar\u0131na m\u00fcsaade verilen kazlar, bah\u00e7ede gezebildi, su kaplar\u0131na koyulan su ile serinledi.<\/p>\n<p><b>C\u0130MER&#8217;E \u015e\u0130KAYET ED\u0130LD\u0130LER<\/b><\/p>\n<p>Erdek il\u00e7esinde ya\u015fayan 2 \u00e7ocuk babas\u0131 Mehmet Ke\u015fni\u015f, etraf\u0131nda hayvanlara olan sevgisiyle tan\u0131n\u0131yor. K\u0131y\u0131 Mahallesi&#8217;nde hem kafe hem de kamping hizmeti veren Ke\u015fni\u015f&#8217;in \u00e7iftlik hayat\u0131, 11 y\u0131l evvel arkada\u015f\u0131n\u0131n tavsiyesiyle bah\u00e7edeki otlar\u0131 yemesi i\u00e7in ald\u0131\u011f\u0131 2 kazla ba\u015flad\u0131. Ge\u00e7en m\u00fcddette kazlar\u0131n say\u0131s\u0131 artt\u0131. Ke\u015fni\u015f, bah\u00e7esinde b\u00fcy\u00fcyen kazlar\u0131 kesmedi ve satmad\u0131. Her sabah s\u00fcr\u00fc halinde kafenin bah\u00e7esinden \u00e7\u0131kan kazlar, y\u0131llar boyunca k\u0131y\u0131ya inerek denize girdi. Say\u0131lar\u0131 11 y\u0131lda 30&#8217;a ula\u015fan kazlar, etraftakilerin de ilgi oda\u011f\u0131 olurken, bu durumdan rahats\u0131z olanlar\u0131n C\u0130MER&#8217;e \u015fikayette bulununca \u0130l\u00e7e Tar\u0131m ve Orman M\u00fcd\u00fcrl\u00fc\u011f\u00fc yetkilileri Ke\u015fni\u015f&#8217;ten kazlar\u0131 d\u0131\u015far\u0131 \u00e7\u0131karmamas\u0131n\u0131 ve denize sokmamas\u0131n\u0131 istedi.<\/p>\n<p><b>1 AY K\u00dcMESTE KALDILAR<\/b><\/p>\n<p>Cezai s\u00fcre\u00e7 uygulanmamas\u0131 i\u00e7in 1 ay evvel k\u00fcmese kapat\u0131lan kazlardan 8&#8217;inin s\u0131cak hava ve gerilime ba\u011fl\u0131 olarak \u00f6ld\u00fc\u011f\u00fc tez edilirken, DHA&#8217;n\u0131n haberinin akabinde k\u00fcmesteki kazlara &#8216;\u015fartl\u0131 tahliye&#8217; geldi. Toplumsal medyada geni\u015f yank\u0131 uyand\u0131ran haberin akabinde, \u0130l\u00e7e Tar\u0131m ve Orman M\u00fcd\u00fcrl\u00fc\u011f\u00fc yetkilileri, denize girmemek ve soka\u011fa \u00e7\u0131kmamak ko\u015fuluyla kazlar\u0131n k\u00fcmesten \u00e7\u0131kar\u0131labilece\u011fini s\u00f6yledi.<\/p>\n<p><b>&#8216;EN AZINDAN Y\u00dcR\u00dcY\u00dc\u015e YAPAB\u0130LECEKLER&#8217;<\/b><\/p>\n<p>Karar\u0131n bildirim edildi\u011fi Mehmet Ke\u015fni\u015f ile k\u0131z\u0131 Ba\u015fak Ke\u015fni\u015f&#8217;in birinci i\u015fi, 1 aydan beri k\u00fcmeste kapal\u0131 olan kazlar\u0131, bah\u00e7eye salmak oldu. Denize girmemek ve soka\u011fa \u00e7\u0131kmamak ko\u015fuluyla k\u00fcmesten \u00e7\u0131kmalar\u0131na m\u00fcsaade verilen kazlar, bah\u00e7ede gezebildi, su kaplar\u0131na koyulan su ile serinledi. Ba\u015fak Ke\u015fni\u015f, &#8220;\u0130l\u00e7e Tar\u0131m M\u00fcd\u00fcrl\u00fc\u011f\u00fc&#8217;nden geldiler, &#8216;denetimli bir halde kendi bah\u00e7enize salabilirsiniz&#8217; dediler. Yeniden denize giremiyorlar lakin \u015fimdilik bu bile ho\u015f bir haber. Hayvanlar en az\u0131ndan y\u00fcr\u00fcy\u00fc\u015f yapabilecek, ayaklar\u0131 a\u00e7\u0131lacak. Burada sular\u0131 var zati, i\u00e7ine giriyorlar, i\u00e7iyorlar, seviniyorlar zati. Sabahtan beri \u00e7ok ho\u015f. Kontroll\u00fc h\u00fcrl\u00fck oldu \u015fu an hayvanlar i\u00e7in. Bah\u00e7ede gezebiliyorlar en az\u0131ndan, alan geni\u015f asl\u0131nda. Denize girene kadar yetecek bunlara in\u015fallah&#8221; dedi.<\/p>\n<p><b>&#8216;TOPLU B\u0130R \u015e\u0130KAYETTEN BAHSED\u0130LM\u0130YOR&#8217;<\/b><\/p>\n<p>Kazlar\u0131n \u00f6zg\u00fcrl\u00fcklerine kavu\u015fmas\u0131n\u0131n yaln\u0131zca kendilerini de\u011fil, etraf sakinlerini de keyifli etti\u011fini s\u00f6yleyen Ke\u015fni\u015f, &#8220;\u00c7ok fazla insan sevindi zati. Yani o \u015fikayet eden ki\u015finin de bir ki\u015fi oldu\u011funu d\u00fc\u015f\u00fcn\u00fcyoruz. O denli toplu bir \u015fikayetten bahsedilmiyor. Bir bireye kar\u015f\u0131 b\u00fct\u00fcn mahalle neredeyse aya\u011fa kalkt\u0131. Her gelen soruyordu. Yemeklerini hi\u00e7 eksik etmediler sa\u011f olsunlar. Art\u0131k b\u0131rakt\u0131\u011f\u0131m\u0131z\u0131 g\u00f6renler tekrar seviniyorlar&#8221; diye konu\u015ftu.<\/p>\n","protected":false},"excerpt":{"rendered":"<p>Bal\u0131kesir&#8217;de denize girdikleri i\u00e7in \u015fikayet edilerek k\u00fcmese kapat\u0131lan kazlara, &#8216;\u015fartl\u0131 tahliye&#8217; geldi.<\/p>\n","protected":false},"author":1,"featured_media":58483,"comment_status":"open","ping_status":"open","sticky":false,"template":"","format":"standard","meta":{"footnotes":""},"categories":[25],"tags":[7093,7715,1015],"class_list":["post-58482","post","type-post","status-publish","format-standard","has-post-thumbnail","hentry","category-gundem","tag-denize","tag-kazlar","tag-sikayet"],"_links":{"self":[{"href":"https:\/\/ikimisli.tr\/index.php\/wp-json\/wp\/v2\/posts\/58482","targetHints":{"allow":["GET"]}}],"collection":[{"href":"https:\/\/ikimisli.tr\/index.php\/wp-json\/wp\/v2\/posts"}],"about":[{"href":"https:\/\/ikimisli.tr\/index.php\/wp-json\/wp\/v2\/types\/post"}],"author":[{"embeddable":true,"href":"https:\/\/ikimisli.tr\/index.php\/wp-json\/wp\/v2\/users\/1"}],"replies":[{"embeddable":true,"href":"https:\/\/ikimisli.tr\/index.php\/wp-json\/wp\/v2\/comments?post=58482"}],"version-history":[{"count":1,"href":"https:\/\/ikimisli.tr\/index.php\/wp-json\/wp\/v2\/posts\/58482\/revisions"}],"predecessor-version":[{"id":58484,"href":"https:\/\/ikimisli.tr\/index.php\/wp-json\/wp\/v2\/posts\/58482\/revisions\/58484"}],"wp:featuredmedia":[{"embeddable":true,"href":"https:\/\/ikimisli.tr\/index.php\/wp-json\/wp\/v2\/media\/58483"}],"wp:attachment":[{"href":"https:\/\/ikimisli.tr\/index.php\/wp-json\/wp\/v2\/media?parent=58482"}],"wp:term":[{"taxonomy":"category","embeddable":true,"href":"https:\/\/ikimisli.tr\/index.php\/wp-json\/wp\/v2\/categories?post=58482"},{"taxonomy":"post_tag","embeddable":true,"href":"https:\/\/ikimisli.tr\/index.php\/wp-json\/wp\/v2\/tags?post=58482"}],"curies":[{"name":"wp","href":"https:\/\/api.w.org\/{rel}","templated":true}]}}