{"id":58491,"date":"2025-07-22T08:35:42","date_gmt":"2025-07-22T08:35:42","guid":{"rendered":"https:\/\/ikimisli.tr\/?p=58491"},"modified":"2025-07-22T08:35:42","modified_gmt":"2025-07-22T08:35:42","slug":"istanbul-barosundan-murat-calik-aciklamasi","status":"publish","type":"post","link":"https:\/\/ikimisli.tr\/index.php\/2025\/07\/22\/istanbul-barosundan-murat-calik-aciklamasi\/","title":{"rendered":"\u0130stanbul Barosu&#8217;ndan Murat \u00c7al\u0131k a\u00e7\u0131klamas\u0131"},"content":{"rendered":"<p>\u0130ki defa kanser atlatan ve cezaevinde 21 kilo veren tutuklu Beylikd\u00fcz\u00fc Belediye Ba\u015fkan\u0131 Murat \u00c7al\u0131k i\u00e7in \u0130stanbul Barosu da a\u00e7\u0131klama yapt\u0131. A\u00e7\u0131klamada, &#8220;En son ba\u015fvurulmas\u0131 gereken ve istisnai bir \u00f6nlem olan tutukluluk hallerine son verilerek, bir an evvel tahliye edilmeleri gerekmektedir.&#8221; denildi.<\/p>\n<p>Yap\u0131lan a\u00e7\u0131klamada, &#8220;M. Murat \u00c7al\u0131k&#8217;\u0131n t\u0131bbi bilgi ve dok\u00fcmanlarla kan\u0131tlanm\u0131\u015f a\u011f\u0131r s\u0131hhat meselelerine kar\u015f\u0131n hala tutuklulu\u011fun devam\u0131nda \u0131srar ediliyor olmas\u0131, hukuken ve insani a\u00e7\u0131dan kabul edilemez bir durumdur. Bir ki\u015finin hayati tehlikesinin oldu\u011fu a\u00e7\u0131k ve net olmas\u0131na kar\u015f\u0131n cezaevinde tutulmas\u0131, m\u00fcmk\u00fcn t\u00fcm sonu\u00e7lar a\u00e7\u0131s\u0131ndan, bu s\u00fcreci y\u00fcr\u00fcten kamu vazifelilerinin cezai ve hukuksal sorumluluklar\u0131n\u0131, Devletin de hukuksal sorumlulu\u011funu gerektiren bir durumdur.&#8221; s\u00f6z\u00fc kullan\u0131ld\u0131.\u00a0<\/p>\n<p>A\u00e7\u0131klamada \u015funlar kaydedildi:\u00a0<\/p>\n<p>Anayasa&#8217;n\u0131n 17. unsuru ile Avrupa \u0130nsan Haklar\u0131 Mukavelesi&#8217;nin 2. unsuru &#8220;Ya\u015fam Hakk\u0131&#8221;n\u0131; Anayasa&#8217;n\u0131n 19. unsuru ile Avrupa \u0130nsan Haklar\u0131 Mukavelesi&#8217;nin 5. unsuru de &#8220;Ki\u015fi H\u00fcrriyeti ve G\u00fcvenli\u011fi Hakk\u0131&#8221;n\u0131 d\u00fczenlemi\u015f, bu ba\u011flamda Devlete m\u00fcspet ve negatif y\u00fck\u00fcml\u00fcl\u00fckler olmak \u00fczere ikili y\u00fck\u00fcml\u00fcl\u00fck y\u00fcklemi\u015ftir. Haks\u0131z, hukuka muhalif ve b\u00fcsb\u00fct\u00fcn keyfi halde tutuklanan ve tutukluluk hali devam ettirilen Beylikd\u00fcz\u00fc Belediye Ba\u015fkan\u0131 M. Murat \u00c7al\u0131k&#8217;\u0131n \u00f6nemli s\u0131hhat problemlerinin oldu\u011fu da g\u00f6zetildi\u011finde, tutuklulu\u011funun devam ettiriliyor olmas\u0131n\u0131n kanunlara, Anayasa&#8217;ya ve Avrupa \u0130nsan Haklar\u0131 S\u00f6zle\u015fmesi&#8217;ne tersli\u011fi tart\u0131\u015fmaya yer vermeyecek derecede a\u00e7\u0131k ve nettir.<\/p>\n<p>T\u00fcrkiye Cumhuriyeti bir hukuk Devletidir. Hukuk devletinin gerekleri yerine getirilip, a\u011f\u0131r hasta olan ve hukuka muhalif bi\u00e7imde tutuklanan ve tutuklulu\u011fu devam ettirilen Beylikd\u00fcz\u00fc Belediye Ba\u015fkan\u0131 M. Murat \u00c7ALIK ba\u015fta olmak \u00fczere, cezaevinde kalamayacak derecede hasta olan t\u00fcm mahpuslar ile belediyelere y\u00f6nelik operasyonlar sonucu haks\u0131z ve hukuka ters halde \u00f6zg\u00fcrl\u00fcklerinden al\u0131konulan \u015fah\u0131slar\u0131n durumlar\u0131n\u0131n g\u00f6zden ge\u00e7irilerek, en son ba\u015fvurulmas\u0131 gereken ve istisnai bir \u00f6nlem olan tutukluluk hallerine son verilerek, bir an evvel tahliye edilmeleri gerekmektedir.<\/p>\n<p>En temel insan hakk\u0131 olan Hayat Hakk\u0131 gere\u011fi; Beylikd\u00fcz\u00fc Belediye Ba\u015fkan\u0131 M. Murat \u00c7al\u0131k ve t\u00fcm hasta mahpuslar ile belediyelere y\u00f6nelik operasyonlar sonucu haks\u0131z ve hukuka muhalif halde tutuklanan t\u00fcm yurtta\u015flar\u0131n durumlar\u0131 Baromuzca yak\u0131ndan takip edilecektir.<\/p>\n","protected":false},"excerpt":{"rendered":"<p>Barodan, &#8220;Son g\u00fcnlerde bas\u0131nda da yer ald\u0131\u011f\u0131 \u00fczere; \u015fartlar\u0131 olu\u015fmamas\u0131na kar\u015f\u0131n haks\u0131z, hukuka al\u0131\u015f\u0131lmam\u0131\u015f ve b\u00fcsb\u00fct\u00fcn keyfi formda tutuklanan Beylikd\u00fcz\u00fc Belediye Ba\u015fkan\u0131 M. Murat \u00c7al\u0131k cezaevinde a\u011f\u0131r s\u0131hhat meseleleri ya\u015famaktad\u0131r.&#8221; a\u00e7\u0131klamas\u0131 yap\u0131ld\u0131<\/p>\n","protected":false},"author":1,"featured_media":58492,"comment_status":"open","ping_status":"open","sticky":false,"template":"","format":"standard","meta":{"footnotes":""},"categories":[25],"tags":[6721,40,302,711,2904],"class_list":["post-58491","post","type-post","status-publish","format-standard","has-post-thumbnail","hentry","category-gundem","tag-aykiri","tag-belediye","tag-hukuk","tag-insan","tag-tutuklu"],"_links":{"self":[{"href":"https:\/\/ikimisli.tr\/index.php\/wp-json\/wp\/v2\/posts\/58491","targetHints":{"allow":["GET"]}}],"collection":[{"href":"https:\/\/ikimisli.tr\/index.php\/wp-json\/wp\/v2\/posts"}],"about":[{"href":"https:\/\/ikimisli.tr\/index.php\/wp-json\/wp\/v2\/types\/post"}],"author":[{"embeddable":true,"href":"https:\/\/ikimisli.tr\/index.php\/wp-json\/wp\/v2\/users\/1"}],"replies":[{"embeddable":true,"href":"https:\/\/ikimisli.tr\/index.php\/wp-json\/wp\/v2\/comments?post=58491"}],"version-history":[{"count":1,"href":"https:\/\/ikimisli.tr\/index.php\/wp-json\/wp\/v2\/posts\/58491\/revisions"}],"predecessor-version":[{"id":58493,"href":"https:\/\/ikimisli.tr\/index.php\/wp-json\/wp\/v2\/posts\/58491\/revisions\/58493"}],"wp:featuredmedia":[{"embeddable":true,"href":"https:\/\/ikimisli.tr\/index.php\/wp-json\/wp\/v2\/media\/58492"}],"wp:attachment":[{"href":"https:\/\/ikimisli.tr\/index.php\/wp-json\/wp\/v2\/media?parent=58491"}],"wp:term":[{"taxonomy":"category","embeddable":true,"href":"https:\/\/ikimisli.tr\/index.php\/wp-json\/wp\/v2\/categories?post=58491"},{"taxonomy":"post_tag","embeddable":true,"href":"https:\/\/ikimisli.tr\/index.php\/wp-json\/wp\/v2\/tags?post=58491"}],"curies":[{"name":"wp","href":"https:\/\/api.w.org\/{rel}","templated":true}]}}