{"id":58541,"date":"2025-07-22T11:47:41","date_gmt":"2025-07-22T11:47:41","guid":{"rendered":"https:\/\/ikimisli.tr\/?p=58541"},"modified":"2025-07-22T11:47:41","modified_gmt":"2025-07-22T11:47:41","slug":"istifalar-sonrasi-gelecek-partisinden-aciklama-partimize-donuk-operasyon","status":"publish","type":"post","link":"https:\/\/ikimisli.tr\/index.php\/2025\/07\/22\/istifalar-sonrasi-gelecek-partisinden-aciklama-partimize-donuk-operasyon\/","title":{"rendered":"\u0130stifalar sonras\u0131 Gelecek Partisi&#8217;nden a\u00e7\u0131klama: &#8216;Partimize d\u00f6n\u00fck operasyon&#8217;"},"content":{"rendered":"<p>Son \u00fc\u00e7 g\u00fcnde Gelecek Partisi milletvekilleri Do\u011fan Demir, Selim Temurci ve \u0130sa Mesih \u015eahin&#8217;in istifa etmesinin akabinde partiden a\u00e7\u0131klama geldi. A\u00e7\u0131klamada, &#8220;Son \u00fc\u00e7 g\u00fcn i\u00e7inde ya\u015fanan geli\u015fmeler ferdi istifalarla de\u011fil partimize d\u00f6n\u00fck bir operasyonla kar\u015f\u0131 kar\u015f\u0131ya oldu\u011fumuz ger\u00e7e\u011fini a\u00e7\u0131k bir halde ortaya koymu\u015ftur.&#8221; denildi.<\/p>\n<p>A\u00e7\u0131klamada, &#8220;Anla\u015f\u0131lan odur ki, Gelecek Partimiz ve Genel Liderimiz \u00fclkemize insan hak ve \u00f6zg\u00fcrl\u00fcklerini yok eden otoriter bir meczup g\u00f6mle\u011fi giydirmeye, mafyatik \u00e7\u0131kar etraflar\u0131n\u0131 g\u00fc\u00e7l\u00fc etmek \u00fczerine kurulmu\u015f sistemik yolsuzluk sistemini s\u00fcrd\u00fcrmeye, adalet kavram\u0131n\u0131 yok eden bir yarg\u0131 tertibi kurmaya odaklanm\u0131\u015f etraflar\u0131 rahats\u0131z etmi\u015ftir. Bu \u00e7evrelere odunsuz bir kararl\u0131l\u0131kla meydan okuyoruz: \u00dclkemizde \u00f6zg\u00fcrl\u00fck\u00e7\u00fc demokrat bir siyasal tertip, y\u0131rt\u0131c\u0131 servet transferine kar\u015f\u0131 gelir adaletine dayal\u0131 adil bir ekonomik nizam, adalet temelli sahiden tam ba\u011f\u0131ms\u0131z ve tarafs\u0131z bir yarg\u0131 nizam\u0131, ahlak unsurlar\u0131n\u0131n h\u00e2kim oldu\u011fu bir toplumsal tertip kuruluncaya kadar sizi rahats\u0131z etmeye devam edece\u011fiz!&#8217; s\u00f6z\u00fc kullan\u0131ld\u0131.<\/p>\n<p>A\u00e7\u0131klamada \u015funlar kaydedildi:<\/p>\n<p>-Siz zihninizdeki siyasal m\u00fchendislik projelerini hayata ge\u00e7irmek i\u00e7in, b\u00fct\u00fcn prensiplerini ve se\u00e7menlerine verdi\u011fi s\u00f6zleri \u00e7i\u011fneyen milletvekillerini transfer ederek say\u0131sal \u00fcst\u00fcnl\u00fck pe\u015finde ko\u015fabilirsiniz. Biz sizin say\u0131sal \u00fcst\u00fcn-l\u00fck u\u011fra\u015f\u0131n\u0131za ahlaki \u00fcst\u00fcnl\u00fckle direnece\u011fiz!<\/p>\n<p>-Genel Liderimiz her \u00e7e\u015fit siyasi hesab\u0131 kenara b\u0131rakarak tam bir sorumluluk \u015fuuru ile sars\u0131lan d\u00fcnya nizam\u0131, ba\u015fta Siyonizm olmak \u00fczere global g\u00fc\u00e7lerin k\u0131skac\u0131ndaki b\u00f6lgemiz, bu sars\u0131nt\u0131lar\u0131n i\u00e7inde soyk\u0131r\u0131m ya\u015fayan Gazze ve bir ate\u015f \u00e7emberinin i\u00e7inden ge\u00e7en \u00fclkemiz i\u00e7in yurt i\u00e7inde ve d\u0131\u015f\u0131nda cansiperane bir \u00e7aba verirken siz son iki y\u0131l i\u00e7inde parti kimli\u011fine hi\u00e7 katk\u0131 yapmadan ve parti disiplinine al\u0131\u015f\u0131lmam\u0131\u015f bir bi\u00e7imde Ankara&#8217;n\u0131n kirli koridorlar\u0131nda ikbal ve \u00e7\u0131kar eforu i\u00e7ine girmi\u015f kimi milletvekillerini transfer ederek k\u00fc\u00e7\u00fck zafer hazlar\u0131 ya\u015famak pe\u015finde olabilirsiniz!<\/p>\n<p>Biz efakar te\u015fkilatlar\u0131m\u0131zla birlikte Genel Liderimizin \u00f6nc\u00fcl\u00fc\u011f\u00fcnde milletimiz, g\u00f6n\u00fcl co\u011frafyam\u0131z ve insanl\u0131k i\u00e7in b\u0131kmadan, usanmadan gece g\u00fcnd\u00fcz \u00e7al\u0131\u015fmaya devam edece\u011fiz! Tehditlere, bask\u0131lara, engellemelere ve ihanetlere ald\u0131rmadan herkes i\u00e7in \u00f6zg\u00fcrl\u00fck, herkes i\u00e7in adalet, herkes i\u00e7in insanca bir hatyat\u0131 savunmaya devam edece\u011fiz!<\/p>\n<p>Sizin k\u00fc\u00e7\u00fck \u00e7\u0131karlara ve taktik hesaplar\u0131n\u0131za kar\u015f\u0131 biz milletimiz i\u00e7in yeni bir alternatifin kurucusu yeni bir ufkun s\u00f6zc\u00fcs\u00fc, yeni bir gelece\u011fin \u00f6nc\u00fcs\u00fc olaca\u011f\u0131z! U\u011fra\u015f bizden, Tevfik Rabbimizdendir!<\/p>\n","protected":false},"excerpt":{"rendered":"<p>Gelecek Partisi partiden \u00fc\u00e7 g\u00fcnde \u00fc\u00e7 milletvekili istifa etmesinin akabinde a\u00e7\u0131klama yapt\u0131. A\u00e7\u0131klamada, &#8220;Sizin k\u00fc\u00e7\u00fck \u00e7\u0131karlara ve taktik hesaplar\u0131n\u0131za kar\u015f\u0131 biz milletimiz i\u00e7in yeni bir alternatifin kurucusu yeni bir ufkun s\u00f6zc\u00fcs\u00fc, yeni bir gelece\u011fin \u00f6nc\u00fcs\u00fc olaca\u011f\u0131z!&#8221; de\u011ferlendirmesi yap\u0131ld\u0131.<\/p>\n","protected":false},"author":1,"featured_media":58542,"comment_status":"open","ping_status":"open","sticky":false,"template":"","format":"standard","meta":{"footnotes":""},"categories":[25],"tags":[5170,2933,189],"class_list":["post-58541","post","type-post","status-publish","format-standard","has-post-thumbnail","hentry","category-gundem","tag-duzen","tag-icinde","tag-parti"],"_links":{"self":[{"href":"https:\/\/ikimisli.tr\/index.php\/wp-json\/wp\/v2\/posts\/58541","targetHints":{"allow":["GET"]}}],"collection":[{"href":"https:\/\/ikimisli.tr\/index.php\/wp-json\/wp\/v2\/posts"}],"about":[{"href":"https:\/\/ikimisli.tr\/index.php\/wp-json\/wp\/v2\/types\/post"}],"author":[{"embeddable":true,"href":"https:\/\/ikimisli.tr\/index.php\/wp-json\/wp\/v2\/users\/1"}],"replies":[{"embeddable":true,"href":"https:\/\/ikimisli.tr\/index.php\/wp-json\/wp\/v2\/comments?post=58541"}],"version-history":[{"count":1,"href":"https:\/\/ikimisli.tr\/index.php\/wp-json\/wp\/v2\/posts\/58541\/revisions"}],"predecessor-version":[{"id":58543,"href":"https:\/\/ikimisli.tr\/index.php\/wp-json\/wp\/v2\/posts\/58541\/revisions\/58543"}],"wp:featuredmedia":[{"embeddable":true,"href":"https:\/\/ikimisli.tr\/index.php\/wp-json\/wp\/v2\/media\/58542"}],"wp:attachment":[{"href":"https:\/\/ikimisli.tr\/index.php\/wp-json\/wp\/v2\/media?parent=58541"}],"wp:term":[{"taxonomy":"category","embeddable":true,"href":"https:\/\/ikimisli.tr\/index.php\/wp-json\/wp\/v2\/categories?post=58541"},{"taxonomy":"post_tag","embeddable":true,"href":"https:\/\/ikimisli.tr\/index.php\/wp-json\/wp\/v2\/tags?post=58541"}],"curies":[{"name":"wp","href":"https:\/\/api.w.org\/{rel}","templated":true}]}}