{"id":58590,"date":"2025-07-22T14:47:42","date_gmt":"2025-07-22T14:47:42","guid":{"rendered":"https:\/\/ikimisli.tr\/?p=58590"},"modified":"2025-07-22T14:47:42","modified_gmt":"2025-07-22T14:47:42","slug":"ithalat-katlandi-yayincilarin-hurda-kagit-sorunu-derinlesti","status":"publish","type":"post","link":"https:\/\/ikimisli.tr\/index.php\/2025\/07\/22\/ithalat-katlandi-yayincilarin-hurda-kagit-sorunu-derinlesti\/","title":{"rendered":"\u0130thalat katland\u0131, yay\u0131nc\u0131lar\u0131n \u2018hurda ka\u011f\u0131t\u2019 sorunu derinle\u015fti"},"content":{"rendered":"<p>Zor \u015fartlarda faaliyetlerine devam eden yay\u0131nc\u0131l\u0131k kesiminde hurda ka\u011f\u0131t sorunu, adeta i\u00e7inden \u00e7\u0131k\u0131lmaz bir s\u00fcrece s\u00fcr\u00fcklendi. Ayakta kalmaya \u00e7al\u0131\u015fan yay\u0131nevleri ve gazetelerden, hurda ka\u011f\u0131t alan fabrikalar\u0131n say\u0131lar\u0131n\u0131n hudutlu oldu\u011fu, bu fabrikalar\u0131n da kapasitelerini d\u00fc\u015f\u00fcrd\u00fc\u011f\u00fc \u00f6ne s\u00fcr\u00fcld\u00fc.<\/p>\n<p>\u00d6te yandan geri d\u00f6n\u00fc\u015f\u00fcm materyali olarak gazete ka\u011f\u0131d\u0131 kullanan firmalar\u0131n da art\u0131k bunlar\u0131 ithal etti\u011fi belirtiliyor. Ya\u015fananlar\u0131n yay\u0131nc\u0131l\u0131k dal\u0131ndaki hurda ka\u011f\u0131t problemini daha derinle\u015ftirmesi bekleniyor.<br \/>Yay\u0131nc\u0131l\u0131k b\u00f6l\u00fcm\u00fcndeki sorunlar tahlil beklerken, T\u00fcrkiye\u2019de geri d\u00f6n\u00fc\u015f\u00fcml\u00fck ka\u011f\u0131t ithalat\u0131 ise y\u00fckseli\u015fe ge\u00e7ti.<\/p>\n<p>T\u00fcrkiye 2023\u2019te 1.1 milyon ton hurda ka\u011f\u0131t ithal ederken, bu say\u0131 2024\u2019te 1.5 milyon tona ula\u015ft\u0131. Kelam konusu say\u0131 2025\u2019in birinci be\u015f ay\u0131nda ise 777.9 bin tonu buldu.<\/p>\n<p>Ka\u011f\u0131t Geri D\u00f6n\u00fc\u015f\u00fcm Sanayicileri Derne\u011fi Genel M\u00fcd\u00fcr\u00fc Osman Kaytan, \u2018at\u0131k ka\u011f\u0131t\u2019 olarak isimlendirilen geri d\u00f6n\u00fc\u015f\u00fcml\u00fck ka\u011f\u0131t ithalat\u0131n\u0131n daldaki kapasite art\u0131\u015f\u0131ndan \u00f6t\u00fcr\u00fc art\u0131\u011f\u0131n\u0131 s\u00f6yledi.<\/p>\n<p><b>RE\u00c7ETEYI DE\u011e\u0130\u015eT\u0130RD\u0130<\/b><\/p>\n<p>Yay\u0131nc\u0131l\u0131k kesiminin hurda ka\u011f\u0131t meselesine ait ise Kaytan, \u201cYay\u0131nc\u0131lar\u0131n elindeki ka\u011f\u0131tlar\u0131 kullanan \u00e7ok az fabrika var. Bunlar\u0131n<br \/>kapasiteleri de \u00e7ok y\u00fcksek de\u011fil. Bir fabrika da ekonomik sebeplerden \u00f6t\u00fcr\u00fc kapasitesini d\u00fc\u015f\u00fcrd\u00fc. Daha evvel \u00fcretiminde gazete ka\u011f\u0131tlar\u0131n\u0131 kullanan ba\u015fka<br \/>bir fabrikada da \u00fcretim re\u00e7etesini de\u011fi\u015ftirdi. Bunlardan kaynakl\u0131 b\u00f6l\u00fcmdeki problemler artm\u0131\u015f olabilir\u201d s\u00f6zlerini kulland\u0131.<\/p>\n<p><b>YAYINEVLERI \u0130VED\u0130L\u0130KLE SORUNUN TAHL\u0130L\u0130N\u0130 BEKLIYOR<\/b><\/p>\n<p>Yay\u0131n kesimi, T\u00fcrkiye\u2019nin ka\u011f\u0131t fabrikas\u0131 SEKA\u2019n\u0131n sat\u0131lmas\u0131yla birlikte d\u00f6vizle ka\u011f\u0131t al\u0131yor. Dal, y\u00fcksek maliyetin k\u0131ymetli bir gelir kalemi olan hurda ka\u011f\u0131tla rahatlatmak istese de ya\u015fanan meseleler derinle\u015fiyor. Gazete, mecmua ve yay\u0131n meskenleri ise, \u2018depolar\u0131n\u0131n ka\u011f\u0131t dolu oldu\u011funu\u2019 belirterek, tahlil talep ediyor<\/p>\n","protected":false},"excerpt":{"rendered":"<p>Yay\u0131n dal\u0131, T\u00fcrkiye\u2019nin ka\u011f\u0131t fabrikas\u0131 SEKA\u2019n\u0131n sat\u0131lmas\u0131yla birlikte d\u00f6vizle ka\u011f\u0131t al\u0131yor. Dal, y\u00fcksek maliyetin k\u0131ymetli bir gelir kalemi olan hurda ka\u011f\u0131tla rahatlatmak istese de ya\u015fanan problemler derinle\u015fiyor. Gazete, mecmua ve yay\u0131n konutlar\u0131 ise, \u2018depolar\u0131n\u0131n ka\u011f\u0131t dolu oldu\u011funu\u2019 belirterek, tahlil talep ediyor<\/p>\n","protected":false},"author":1,"featured_media":58591,"comment_status":"open","ping_status":"open","sticky":false,"template":"","format":"standard","meta":{"footnotes":""},"categories":[25],"tags":[1654,5314,156],"class_list":["post-58590","post","type-post","status-publish","format-standard","has-post-thumbnail","hentry","category-gundem","tag-fabrika","tag-kagit","tag-yayin"],"_links":{"self":[{"href":"https:\/\/ikimisli.tr\/index.php\/wp-json\/wp\/v2\/posts\/58590","targetHints":{"allow":["GET"]}}],"collection":[{"href":"https:\/\/ikimisli.tr\/index.php\/wp-json\/wp\/v2\/posts"}],"about":[{"href":"https:\/\/ikimisli.tr\/index.php\/wp-json\/wp\/v2\/types\/post"}],"author":[{"embeddable":true,"href":"https:\/\/ikimisli.tr\/index.php\/wp-json\/wp\/v2\/users\/1"}],"replies":[{"embeddable":true,"href":"https:\/\/ikimisli.tr\/index.php\/wp-json\/wp\/v2\/comments?post=58590"}],"version-history":[{"count":1,"href":"https:\/\/ikimisli.tr\/index.php\/wp-json\/wp\/v2\/posts\/58590\/revisions"}],"predecessor-version":[{"id":58592,"href":"https:\/\/ikimisli.tr\/index.php\/wp-json\/wp\/v2\/posts\/58590\/revisions\/58592"}],"wp:featuredmedia":[{"embeddable":true,"href":"https:\/\/ikimisli.tr\/index.php\/wp-json\/wp\/v2\/media\/58591"}],"wp:attachment":[{"href":"https:\/\/ikimisli.tr\/index.php\/wp-json\/wp\/v2\/media?parent=58590"}],"wp:term":[{"taxonomy":"category","embeddable":true,"href":"https:\/\/ikimisli.tr\/index.php\/wp-json\/wp\/v2\/categories?post=58590"},{"taxonomy":"post_tag","embeddable":true,"href":"https:\/\/ikimisli.tr\/index.php\/wp-json\/wp\/v2\/tags?post=58590"}],"curies":[{"name":"wp","href":"https:\/\/api.w.org\/{rel}","templated":true}]}}