{"id":58803,"date":"2025-07-23T02:23:40","date_gmt":"2025-07-23T02:23:40","guid":{"rendered":"https:\/\/ikimisli.tr\/?p=58803"},"modified":"2025-07-23T02:23:40","modified_gmt":"2025-07-23T02:23:40","slug":"70-gunluk-tatil-karari-resmi-gazetede-yayimlandi","status":"publish","type":"post","link":"https:\/\/ikimisli.tr\/index.php\/2025\/07\/23\/70-gunluk-tatil-karari-resmi-gazetede-yayimlandi\/","title":{"rendered":"70 g\u00fcnl\u00fck tatil karar\u0131 Resmi Gazete&#8217;de yay\u0131mland\u0131"},"content":{"rendered":"<p>T\u00fcrkiye B\u00fcy\u00fck Millet Meclisi (TBMM), 28. Periyot 3. Yasama Y\u0131l\u0131&#8217;n\u0131n sona ermesiyle birlikte 70 g\u00fcnl\u00fck tatile \u00e7\u0131kt\u0131. Tatil karar\u0131na ait ayr\u0131nt\u0131lar 22 Temmuz 2025 tarihli Resmi Gazete&#8217;de yay\u0131mlanarak y\u00fcr\u00fcrl\u00fc\u011fe girdi. Meclis, 1 Ekim 2025 \u00c7ar\u015famba g\u00fcn\u00fc saat 14.00\u2019te yine toplanacak.<\/p>\n<p><b>TBMM 1 Ekim\u2019e Kadar Kapal\u0131 Olacak<\/b><\/p>\n<p>Genel Kurul\u2019un 20 Temmuz 2025 tarihli 113\u2019\u00fcnc\u00fc birle\u015fiminde al\u0131nan kararla birlikte TBMM, 21 Temmuz Pazartesi g\u00fcn\u00fcnden itibaren tatile girdi. 70 g\u00fcn s\u00fcrecek bu yasama ortas\u0131 boyunca Meclis \u00e7al\u0131\u015fmalar\u0131 b\u00fcy\u00fck oranda duracak.<\/p>\n<p><b>Resmi Gazete\u2019de Yay\u0131mland\u0131<\/b><\/p>\n<p>Tatil karar\u0131n\u0131n akabinde Resmi Gazete\u2019de yay\u0131mlanan d\u00fczenlemeyle birlikte, Meclis\u2019in tatil ve orta verme m\u00fcddetleri netle\u015fti. Karar, 22 Temmuz 2025 prestijiyle y\u00fcr\u00fcrl\u00fc\u011fe girdi.<\/p>\n<p><b>3 Kurul Tatilde de Vazifede Olacak<\/b><\/p>\n<p>Ancak Meclis\u2019in tamam\u0131 tatile girmiyor. Sanayi, Ticaret, G\u00fc\u00e7, Nat\u00fcrel Kaynaklar, Bilgi ve Teknoloji Komitesi, Bayan Erkek F\u0131rsat E\u015fitli\u011fi Komitesi ile Dijital Mecralar Komitesi, tatil m\u00fchletince de \u00e7al\u0131\u015fmalar\u0131na devam edecek.<\/p>\n<p>Bu kurullar\u0131n tatil ve orta periyotlar\u0131nda de vazife yapmas\u0131na ait kararlar, yeniden 20 Temmuz\u2019daki 113. birle\u015fimde TBMM Genel Kurulu taraf\u0131ndan al\u0131nd\u0131 ve Resmi Gazete\u2019de yay\u0131mlanarak resmiyet kazand\u0131.<\/p>\n<p><img decoding=\"async\" src=\"https:\/\/ikimisli.tr\/wp-content\/uploads\/2025\/07\/70-gunluk-tatil-karari-resmi-gazetede-yayimlandi-0-tOUgJ8Ob.jpg\"\/><\/p>\n","protected":false},"excerpt":{"rendered":"<p>Kimse onlar\u0131n tatile girmesini istemiyor \u00e7al\u0131\u015fmalara devam etmesini bekliyordu. Lakin beklentiler bo\u015fa \u00e7 \u00e7\u0131kt\u0131 tam 70 g\u00fcnl\u00fck tatil karar\u0131 resmi gazetede yay\u0131nlanarak resmen ba\u015flam\u0131\u015f oldu<\/p>\n","protected":false},"author":1,"featured_media":58804,"comment_status":"open","ping_status":"open","sticky":false,"template":"","format":"standard","meta":{"footnotes":""},"categories":[25],"tags":[147,57,680,2664,703],"class_list":["post-58803","post","type-post","status-publish","format-standard","has-post-thumbnail","hentry","category-gundem","tag-komisyon","tag-meclis","tag-resmi","tag-tatil","tag-temmuz"],"_links":{"self":[{"href":"https:\/\/ikimisli.tr\/index.php\/wp-json\/wp\/v2\/posts\/58803","targetHints":{"allow":["GET"]}}],"collection":[{"href":"https:\/\/ikimisli.tr\/index.php\/wp-json\/wp\/v2\/posts"}],"about":[{"href":"https:\/\/ikimisli.tr\/index.php\/wp-json\/wp\/v2\/types\/post"}],"author":[{"embeddable":true,"href":"https:\/\/ikimisli.tr\/index.php\/wp-json\/wp\/v2\/users\/1"}],"replies":[{"embeddable":true,"href":"https:\/\/ikimisli.tr\/index.php\/wp-json\/wp\/v2\/comments?post=58803"}],"version-history":[{"count":1,"href":"https:\/\/ikimisli.tr\/index.php\/wp-json\/wp\/v2\/posts\/58803\/revisions"}],"predecessor-version":[{"id":58806,"href":"https:\/\/ikimisli.tr\/index.php\/wp-json\/wp\/v2\/posts\/58803\/revisions\/58806"}],"wp:featuredmedia":[{"embeddable":true,"href":"https:\/\/ikimisli.tr\/index.php\/wp-json\/wp\/v2\/media\/58804"}],"wp:attachment":[{"href":"https:\/\/ikimisli.tr\/index.php\/wp-json\/wp\/v2\/media?parent=58803"}],"wp:term":[{"taxonomy":"category","embeddable":true,"href":"https:\/\/ikimisli.tr\/index.php\/wp-json\/wp\/v2\/categories?post=58803"},{"taxonomy":"post_tag","embeddable":true,"href":"https:\/\/ikimisli.tr\/index.php\/wp-json\/wp\/v2\/tags?post=58803"}],"curies":[{"name":"wp","href":"https:\/\/api.w.org\/{rel}","templated":true}]}}