{"id":58863,"date":"2025-07-23T05:59:41","date_gmt":"2025-07-23T05:59:41","guid":{"rendered":"https:\/\/ikimisli.tr\/?p=58863"},"modified":"2025-07-23T05:59:41","modified_gmt":"2025-07-23T05:59:41","slug":"sakir-pasa-ailesi-iptal-edildi","status":"publish","type":"post","link":"https:\/\/ikimisli.tr\/index.php\/2025\/07\/23\/sakir-pasa-ailesi-iptal-edildi\/","title":{"rendered":"\u015eakir Pa\u015fa Ailesi iptal edildi"},"content":{"rendered":"<p>NOW TV&#8217;de yay\u0131nlanan &#8216;\u015eakir Pa\u015fa Ailesi&#8217; dizisi yay\u0131n hayat\u0131na ba\u015flad\u0131\u011f\u0131ndan beri t\u00fcrl\u00fc s\u0131k\u0131nt\u0131larla u\u011fra\u015ft\u0131&#8230;<\/p>\n<p><img decoding=\"async\" src=\"https:\/\/ikimisli.tr\/wp-content\/uploads\/2025\/07\/sakir-pasa-ailesi-iptal-edildi-0-yfYFyqeP.jpeg\"\/><\/p>\n<p>Dizi setinde \u00e7\u0131kan yang\u0131nlar, sette vefat eden \u00e7al\u0131\u015fan, RT\u00dcK cezalar\u0131 ve \u015eakir Pa\u015fa&#8217;n\u0131n torunlar\u0131n\u0131n a\u00e7t\u0131\u011f\u0131 davalar derken gazeteci Birsen Altunta\u015f&#8217;\u0131n toplumsal medya hesab\u0131ndan yapm\u0131\u015f oldu\u011fu payla\u015f\u0131ma nazaran &#8216;\u015eakir Pa\u015fa Ailesi&#8217;nin 2. d\u00f6nemi iptal edildi.<\/p>\n<p>Altunta\u015f, iptal karar\u0131n\u0131n sebebinin artan maliyetler oldu\u011funu belirtti.<\/p>\n<p><img decoding=\"async\" src=\"https:\/\/ikimisli.tr\/wp-content\/uploads\/2025\/07\/sakir-pasa-ailesi-iptal-edildi-1-n7ZvqT7G.jpeg\"\/><\/p>\n<p><b>&#8220;ARTIK SERBESTS\u0130N\u0130Z&#8221;<\/b><\/p>\n<p>Altunta\u015f&#8217;\u0131n payla\u015f\u0131m\u0131 \u015fu bi\u00e7imde:<\/p>\n<p>&#8220;Biraz evvel a\u00e7\u0131klanan son dakika haberine nazaran \u015eakir Pa\u015fa Ailesi dizisi artan maliyetler nedeniyle iptal edildi.&#8221;<\/p>\n<p>&#8220;Dizinin \u00fcretim \u015firketi Medyap\u0131m NOW&#8217;da ekrana gelen proje i\u00e7in bekleyen oyunculara art\u0131k h\u00fcr olduklar\u0131n\u0131 iletti. Dizi son y\u0131llar\u0131n en olayl\u0131 imali olarak literat\u00fcre girdi.&#8221;<\/p>\n<p><img decoding=\"async\" src=\"https:\/\/ikimisli.tr\/wp-content\/uploads\/2025\/07\/sakir-pasa-ailesi-iptal-edildi-2-bphZ2jij.jpeg\"\/><\/p>\n<p>&#8220;2 sefer RT\u00dcK&#8217;ten ceza alan, 2 kere setinde yang\u0131n \u00e7\u0131kan, \u015eakir Pa\u015fa&#8217;n\u0131n torunlar\u0131n\u0131n evvel yay\u0131ndan kald\u0131rt\u0131p sonra yay\u0131n\u0131na m\u00fcsaade verdi\u011fi dizinin Taki lakapl\u0131 \u00fcretim amiri Serkan S\u00fckyan da B\u00fcy\u00fckada&#8217;da \u00e7ekim haz\u0131rl\u0131\u011f\u0131 s\u0131ras\u0131nda kalp krizi sonucu hayat\u0131n\u0131 kaybetmi\u015fti.&#8221;<\/p>\n<p>&#8220;Dizinin imalcisi Fatih Aksoy &#8216;Bu maliyetlerle periyot dizisi yapmam\u0131z imk\u00e2ns\u0131z&#8217; dedi.&#8221;<\/p>\n","protected":false},"excerpt":{"rendered":"<p>&#8216;\u015eakir Pa\u015fa Ailesi: Mucizeler ve Skandallar&#8217; dizisi NOW TV ekranlar\u0131nda ba\u015flayan, esasl\u0131 bir ailenin sanat ve k\u00fclt\u00fcrle \u00f6r\u00fcl\u00fc \u00f6mr\u00fcn\u00fc anlatan periyot dizisiydi. Lakin ikinci d\u00f6nemi planlan\u0131rken \u00fcretimci firma, artan maliyetler nedeniyle projeyi iptal etti.<\/p>\n","protected":false},"author":1,"featured_media":58864,"comment_status":"open","ping_status":"open","sticky":false,"template":"","format":"standard","meta":{"footnotes":""},"categories":[27],"tags":[600,7735],"class_list":["post-58863","post","type-post","status-publish","format-standard","has-post-thumbnail","hentry","category-magazin","tag-dizi","tag-sakir-pasa"],"_links":{"self":[{"href":"https:\/\/ikimisli.tr\/index.php\/wp-json\/wp\/v2\/posts\/58863","targetHints":{"allow":["GET"]}}],"collection":[{"href":"https:\/\/ikimisli.tr\/index.php\/wp-json\/wp\/v2\/posts"}],"about":[{"href":"https:\/\/ikimisli.tr\/index.php\/wp-json\/wp\/v2\/types\/post"}],"author":[{"embeddable":true,"href":"https:\/\/ikimisli.tr\/index.php\/wp-json\/wp\/v2\/users\/1"}],"replies":[{"embeddable":true,"href":"https:\/\/ikimisli.tr\/index.php\/wp-json\/wp\/v2\/comments?post=58863"}],"version-history":[{"count":1,"href":"https:\/\/ikimisli.tr\/index.php\/wp-json\/wp\/v2\/posts\/58863\/revisions"}],"predecessor-version":[{"id":58868,"href":"https:\/\/ikimisli.tr\/index.php\/wp-json\/wp\/v2\/posts\/58863\/revisions\/58868"}],"wp:featuredmedia":[{"embeddable":true,"href":"https:\/\/ikimisli.tr\/index.php\/wp-json\/wp\/v2\/media\/58864"}],"wp:attachment":[{"href":"https:\/\/ikimisli.tr\/index.php\/wp-json\/wp\/v2\/media?parent=58863"}],"wp:term":[{"taxonomy":"category","embeddable":true,"href":"https:\/\/ikimisli.tr\/index.php\/wp-json\/wp\/v2\/categories?post=58863"},{"taxonomy":"post_tag","embeddable":true,"href":"https:\/\/ikimisli.tr\/index.php\/wp-json\/wp\/v2\/tags?post=58863"}],"curies":[{"name":"wp","href":"https:\/\/api.w.org\/{rel}","templated":true}]}}