{"id":58980,"date":"2025-07-23T12:48:03","date_gmt":"2025-07-23T12:48:03","guid":{"rendered":"https:\/\/ikimisli.tr\/?p=58980"},"modified":"2025-07-23T12:48:03","modified_gmt":"2025-07-23T12:48:03","slug":"akpnin-vaadi-yine-bosa-cikti","status":"publish","type":"post","link":"https:\/\/ikimisli.tr\/index.php\/2025\/07\/23\/akpnin-vaadi-yine-bosa-cikti\/","title":{"rendered":"AKP&#8217;nin vaadi yine bo\u015fa \u00e7\u0131kt\u0131!"},"content":{"rendered":"<p>Malatya\u2019da \u201canahtar teslimi\u201d bir sefer daha hayal oldu. Etraf ve \u015eehircilik Bakan\u0131\u2019n\u0131n kent ziyareti \u00f6ncesi yap\u0131lan b\u00fcy\u00fck duyurulara kar\u015f\u0131n, vatanda\u015flara tek bir i\u015fyeri ya da konut teslim edilmedi. CHP Malatya \u0130l Ba\u015fkan\u0131 Bar\u0131\u015f Y\u0131ld\u0131z, beklenen teslimlerin yap\u0131lmamas\u0131na sert reaksiyon g\u00f6sterdi. Y\u0131ld\u0131z, \u201cAKP art\u0131k kalk\u0131nman\u0131n de\u011fil, halk\u0131 kand\u0131rman\u0131n ad\u0131d\u0131r\u201d diyerek iktidar\u0131 kelamda a\u00e7\u0131l\u0131\u015flarla halk\u0131 oyalamakla su\u00e7lad\u0131.<\/p>\n<p><b>\u201cTESL\u0130MATLAR HAYAL OLDU, A\u00c7ILI\u015eLAR V\u0130TR\u0130NL\u0130K\u201d<\/b><\/p>\n<p>Y\u0131ld\u0131z, son bir y\u0131lda AKP\u2019li isimlerin verdi\u011fi vaatlerin birer birer bo\u015fa \u00e7\u0131kt\u0131\u011f\u0131n\u0131 hat\u0131rlatarak \u015funlar\u0131 s\u00f6yledi:<\/p>\n<p>Adalet ve Kalk\u0131nma Partisi\u2019nin ismi, T\u00fcrkiye\u2019de art\u0131k bir ironiye d\u00f6n\u00fc\u015fm\u00fc\u015f durumda. \u2018Adalet\u2019 \u00e7oktan i\u00e7i bo\u015falt\u0131lm\u0131\u015f bir kavram. \u2018Kalk\u0131nma\u2019 ise bilhassa Malatya i\u00e7in yaln\u0131zca \u2018Kand\u0131rma\u2019 haline geldi. Halkla a\u00e7\u0131k\u00e7a alay eden bir siyaset anlay\u0131\u015f\u0131yla kar\u015f\u0131 kar\u015f\u0131yay\u0131z. Bakan geliyor, halk anahtar teslimi bekliyor, lakin ne a\u00e7\u0131l\u0131\u015f var ne de tek bir i\u015fyeri teslim ediliyor. Her \u015fey yaln\u0131zca imajdan ibaret. 20 Eyl\u00fcl 2024\u2019te AKP\u2019li Battalgazi Belediye Ba\u015fkan\u0131 Bayram Ta\u015fk\u0131n ve AKP Milletvekili Abdurrahman Babacan, \u2018\u0130lk 10 blok 6 \u015eubat 2025\u2019te teslim edilecek\u2019 dedi. Teslim edilmedi. \u201cMalatya B\u00fcy\u00fck\u015fehir Belediye Ba\u015fkan\u0131 Sami Er, \u2018Mart 2025\u2019te bin 300 d\u00fckkan ve 134 konut teslim edece\u011fiz\u2019 dedi. Mart ge\u00e7ti, ortada bir \u015fey yok. \u201cAKP Milletvekili \u0130nan\u00e7 Sira\u00e7 Kara \u00d6lmeztoprak, \u2018Nisan 2025\u2019te 800 ba\u011f\u0131ms\u0131z k\u0131s\u0131m teslim edilecek\u2019 dedi. Sonra tarihi \u2018\u015eubat sonu\u2013Mart ba\u015f\u0131na\u2019 \u00e7ekti\u011fini s\u00f6yledi. Fakat ne \u015fubat oldu, ne mart, ne nisan<\/p>\n<p><b>&#8220;ARTIK SABIR TA\u015eI \u00c7ATLADI&#8221;<\/b><\/p>\n<p>Verilen kelamlar\u0131n tutulmad\u0131\u011f\u0131n\u0131 belirten Y\u0131ld\u0131z, \u201c\u015eu anda toplumsal medyada herkes di\u011fer bir \u015fey s\u00f6yl\u00fcyor, hi\u00e7birinin verdikleri tarihler birbirini tutmuyor. Kim neyi a\u00e7\u0131yor, kim neyin teslimat\u0131n\u0131 yap\u0131yor muhakkak de\u011fil. Zira ortada bir plan yok, bir ciddiyet yok, hi\u00e7birinin kentten haberi yok. En ac\u0131s\u0131 da bu durum. Malatya halk\u0131 sab\u0131rl\u0131d\u0131r lakin art\u0131k sab\u0131r ta\u015f\u0131 \u00e7atlad\u0131. Bug\u00fcne kadar verilen her kelam havada kald\u0131. Her a\u00e7\u0131l\u0131\u015f bir g\u00f6steriden ibaret oldu. Malatyal\u0131lar sizden b\u0131kt\u0131. Ger\u00e7ekleri g\u00f6rmezden gelenleri, halk\u0131n akl\u0131yla alay edenleri Malatya kamuoyunun vicdan\u0131na b\u0131rak\u0131yoruz. Cumhuriyet Halk Partisi olarak bu s\u00fcrecin takip\u00e7isi olaca\u011f\u0131z. Malatya\u2019n\u0131n eme\u011fini, al\u0131n terini kimsenin siyasi g\u00f6sterisine kurban ettirmeyece\u011fiz\u201d tabirlerini kulland\u0131.<\/p>\n","protected":false},"excerpt":{"rendered":"<p>Malatya\u2019da depremzedeler aylard\u0131r anahtar teslimi bekliyor. Her seferinde \u201ca\u00e7\u0131l\u0131\u015f\u201d deniliyor lakin ortada ne anahtar var ne de teslim edilen konut ya da i\u015fyeri\u2026 CHP Malatya \u0130l Ba\u015fkan\u0131 Bar\u0131\u015f Y\u0131ld\u0131z, \u00c7evre ve \u015eehircilik Bakan\u0131\u2019n\u0131n kent ziyaretinin akabinde yapt\u0131\u011f\u0131 a\u00e7\u0131klamada AKP\u2019yi \u201csiyasi \u015fov\u201d yapmakla su\u00e7lad\u0131. Y\u0131ld\u0131z, \u201cMalatya halk\u0131 b\u0131kt\u0131 art\u0131k. Verilen hi\u00e7bir kelam tutulmad\u0131. AKP art\u0131k kalk\u0131nman\u0131n de\u011fil, kand\u0131rman\u0131n ad\u0131d\u0131r\u201d dedi.<\/p>\n","protected":false},"author":1,"featured_media":58981,"comment_status":"open","ping_status":"open","sticky":false,"template":"","format":"standard","meta":{"footnotes":""},"categories":[25],"tags":[61,635,5015,419],"class_list":["post-58980","post","type-post","status-publish","format-standard","has-post-thumbnail","hentry","category-gundem","tag-akp","tag-halk","tag-malatya","tag-teslim"],"_links":{"self":[{"href":"https:\/\/ikimisli.tr\/index.php\/wp-json\/wp\/v2\/posts\/58980","targetHints":{"allow":["GET"]}}],"collection":[{"href":"https:\/\/ikimisli.tr\/index.php\/wp-json\/wp\/v2\/posts"}],"about":[{"href":"https:\/\/ikimisli.tr\/index.php\/wp-json\/wp\/v2\/types\/post"}],"author":[{"embeddable":true,"href":"https:\/\/ikimisli.tr\/index.php\/wp-json\/wp\/v2\/users\/1"}],"replies":[{"embeddable":true,"href":"https:\/\/ikimisli.tr\/index.php\/wp-json\/wp\/v2\/comments?post=58980"}],"version-history":[{"count":1,"href":"https:\/\/ikimisli.tr\/index.php\/wp-json\/wp\/v2\/posts\/58980\/revisions"}],"predecessor-version":[{"id":58982,"href":"https:\/\/ikimisli.tr\/index.php\/wp-json\/wp\/v2\/posts\/58980\/revisions\/58982"}],"wp:featuredmedia":[{"embeddable":true,"href":"https:\/\/ikimisli.tr\/index.php\/wp-json\/wp\/v2\/media\/58981"}],"wp:attachment":[{"href":"https:\/\/ikimisli.tr\/index.php\/wp-json\/wp\/v2\/media?parent=58980"}],"wp:term":[{"taxonomy":"category","embeddable":true,"href":"https:\/\/ikimisli.tr\/index.php\/wp-json\/wp\/v2\/categories?post=58980"},{"taxonomy":"post_tag","embeddable":true,"href":"https:\/\/ikimisli.tr\/index.php\/wp-json\/wp\/v2\/tags?post=58980"}],"curies":[{"name":"wp","href":"https:\/\/api.w.org\/{rel}","templated":true}]}}