{"id":59167,"date":"2025-07-23T23:24:02","date_gmt":"2025-07-23T23:24:02","guid":{"rendered":"https:\/\/ikimisli.tr\/?p=59167"},"modified":"2025-07-23T23:24:02","modified_gmt":"2025-07-23T23:24:02","slug":"abdulhamitin-torununa-sahte-diploma-sorusturmasi","status":"publish","type":"post","link":"https:\/\/ikimisli.tr\/index.php\/2025\/07\/23\/abdulhamitin-torununa-sahte-diploma-sorusturmasi\/","title":{"rendered":"Abd\u00fclhamit&#8217;in torununa sahte diploma soru\u015fturmas\u0131"},"content":{"rendered":"<p>Gazi Mustafa Kemal Atat\u00fcrk\u2019e y\u00f6nelik sert telaffuzlar\u0131yla s\u0131k s\u0131k kamuoyunun reaksiyonunu \u00e7eken 2. Abd\u00fclhamit\u2019in 4. jenerasyon torunu Abd\u00fclhamid Kay\u0131han Osmano\u011flu, bu sefer uydurma diploma skandal\u0131yla g\u00fcndeme geldi.<\/p>\n<p>Y\u00fcksek\u00f6\u011fretim Kurulu (Y\u00d6K), Osmano\u011flu hakk\u0131nda \u201cresmi evrakta sahtecilik\u201d sav\u0131yla savc\u0131l\u0131\u011fa kabahat duyurusunda bulundu, soru\u015fturma ba\u015flat\u0131ld\u0131.<\/p>\n<p><b>SAHTE D\u0130PLOMAYLA YAKALANDI<\/b><\/p>\n<p>Halktv.com&#8217;un haberine nazaran; Y\u00d6K taraf\u0131ndan y\u00fcr\u00fct\u00fclen kontrollerde, Osmano\u011flu\u2019nun \u0130n\u00f6n\u00fc \u00dcniversitesi Fen-Edebiyat Fak\u00fcltesi Tarih B\u00f6l\u00fcm\u00fc\u2019nden lisans diplomas\u0131 almak i\u00e7in ge\u00e7ersiz evraklar d\u00fczenledi\u011fi belirlendi.<\/p>\n<p>Soru\u015fturma evrak\u0131na nazaran, diploma sahtecili\u011fi s\u00fcreci, \u0130n\u00f6n\u00fc \u00dcniversitesi \u00d6\u011frenci \u0130\u015fleri Daire Ba\u015fkan\u0131 S.D. ad\u0131na olu\u015fturulan uydurma elektronik imza ile ger\u00e7ekle\u015ftirilmeye \u00e7al\u0131\u015f\u0131ld\u0131.<\/p>\n<p>Yasa d\u0131\u015f\u0131 formda mezuniyet kayd\u0131 olu\u015fturulan bilgiler, Y\u00d6K sistemine de girildi. Fakat kontrol s\u0131ras\u0131nda usuls\u00fczl\u00fck ortaya \u00e7\u0131kt\u0131.<\/p>\n<p><b>Y\u00d6K: MEZUN\u0130YET KAYDI YOK<\/b><\/p>\n<p>Y\u00d6K\u2019\u00fcn savc\u0131l\u0131\u011fa sundu\u011fu resmi yaz\u0131da, Abd\u00fclhamid Kay\u0131han Osmano\u011flu\u2019nun ne \u0130n\u00f6n\u00fc \u00dcniversitesi\u2019nde ne de di\u011fer bir y\u00fcksek\u00f6\u011fretim kurumunda rastgele bir kay\u0131t ya da mezuniyet bilgisinin bulunmad\u0131\u011f\u0131 net formda s\u00f6z edildi. Ayr\u0131yeten, Osmano\u011flu\u2019nun kendi ismine kay\u0131tl\u0131 telefon numaras\u0131yla sistem \u00fczerinden tekraren mezuniyet sorgusu yapt\u0131\u011f\u0131 da tespit edildi.<\/p>\n<p>Y\u00fcr\u00fct\u00fclen isimli s\u00fcre\u00e7 kapsam\u0131nda Osmano\u011flu\u2019nun belgesi, \u00f6b\u00fcr \u015f\u00fcphelilerinkinden ayr\u0131larak \u00f6zel olarak incelenmeye al\u0131nd\u0131.<\/p>\n<p><b>\u201cYALAN TAR\u0130H\u201d TAB\u0130R\u0130 G\u00dcNDEMDE<\/b><\/p>\n<p>Soru\u015fturman\u0131n yan\u0131 s\u0131ra, Osmano\u011flu\u2019nun \u015fahs\u00ee internet sitesinde yer alan biyografisindeki tabirler de dikkat \u00e7ekti.<\/p>\n<p>\u201cYanl\u0131\u015f anlat\u0131lmak gayesiyle yaz\u0131lan palavra tarihin en \u00e7ok ma\u011fdur edilenlerinden biri oldu\u011funu\u201d arg\u00fcman eden Osmano\u011flu, tarih derslerinde bu yakla\u015f\u0131m\u0131 benimsemedi\u011fi i\u00e7in \u201ck\u00f6t\u00fc notlarla cezaland\u0131r\u0131ld\u0131\u011f\u0131n\u0131\u201d \u00f6ne s\u00fcr\u00fcyor. Birebir ki\u015fi, art\u0131k uydurma tarih diplomas\u0131 te\u015febb\u00fcs\u00fcyle yarg\u0131 kar\u015f\u0131s\u0131na \u00e7\u0131kacak.<\/p>\n","protected":false},"excerpt":{"rendered":"<p>2. Abd\u00fclhamit\u2019in 4. nesil torunu Abd\u00fclhamid Kay\u0131han Osmano\u011flu hakk\u0131nda \u201cresmi evrakta sahtecilik\u201d su\u00e7lamas\u0131yla soru\u015fturma ba\u015flat\u0131ld\u0131. Y\u00d6K\u2019\u00fcn savc\u0131l\u0131\u011fa g\u00f6nderdi\u011fi yaz\u0131ya nazaran, Osmano\u011flu\u2019nun ne mezuniyet kayd\u0131 ne de \u00f6\u011frenci evrak\u0131 bulunuyor. D\u00fczmece diploma d\u00fczenlemeye \u00e7al\u0131\u015ft\u0131\u011f\u0131 tez ediliyor.<\/p>\n","protected":false},"author":1,"featured_media":59168,"comment_status":"open","ping_status":"open","sticky":false,"template":"","format":"standard","meta":{"footnotes":""},"categories":[25],"tags":[6684,7762,1578,2459,2751],"class_list":["post-59167","post","type-post","status-publish","format-standard","has-post-thumbnail","hentry","category-gundem","tag-diploma","tag-osmanoglu","tag-sahte","tag-tarih","tag-yok"],"_links":{"self":[{"href":"https:\/\/ikimisli.tr\/index.php\/wp-json\/wp\/v2\/posts\/59167","targetHints":{"allow":["GET"]}}],"collection":[{"href":"https:\/\/ikimisli.tr\/index.php\/wp-json\/wp\/v2\/posts"}],"about":[{"href":"https:\/\/ikimisli.tr\/index.php\/wp-json\/wp\/v2\/types\/post"}],"author":[{"embeddable":true,"href":"https:\/\/ikimisli.tr\/index.php\/wp-json\/wp\/v2\/users\/1"}],"replies":[{"embeddable":true,"href":"https:\/\/ikimisli.tr\/index.php\/wp-json\/wp\/v2\/comments?post=59167"}],"version-history":[{"count":1,"href":"https:\/\/ikimisli.tr\/index.php\/wp-json\/wp\/v2\/posts\/59167\/revisions"}],"predecessor-version":[{"id":59169,"href":"https:\/\/ikimisli.tr\/index.php\/wp-json\/wp\/v2\/posts\/59167\/revisions\/59169"}],"wp:featuredmedia":[{"embeddable":true,"href":"https:\/\/ikimisli.tr\/index.php\/wp-json\/wp\/v2\/media\/59168"}],"wp:attachment":[{"href":"https:\/\/ikimisli.tr\/index.php\/wp-json\/wp\/v2\/media?parent=59167"}],"wp:term":[{"taxonomy":"category","embeddable":true,"href":"https:\/\/ikimisli.tr\/index.php\/wp-json\/wp\/v2\/categories?post=59167"},{"taxonomy":"post_tag","embeddable":true,"href":"https:\/\/ikimisli.tr\/index.php\/wp-json\/wp\/v2\/tags?post=59167"}],"curies":[{"name":"wp","href":"https:\/\/api.w.org\/{rel}","templated":true}]}}