{"id":59195,"date":"2025-07-24T01:12:01","date_gmt":"2025-07-24T01:12:01","guid":{"rendered":"https:\/\/ikimisli.tr\/?p=59195"},"modified":"2025-07-24T01:12:01","modified_gmt":"2025-07-24T01:12:01","slug":"dem-ve-bbp-sosyal-medya-uzerinden-birbirine-girdi","status":"publish","type":"post","link":"https:\/\/ikimisli.tr\/index.php\/2025\/07\/24\/dem-ve-bbp-sosyal-medya-uzerinden-birbirine-girdi\/","title":{"rendered":"DEM ve BBP  sosyal medya \u00fczerinden birbirine girdi!"},"content":{"rendered":"<p>B\u00fcy\u00fck Birlik Partisi (BBP) ve Halklar\u0131n E\u015fitlik ve Demokrasi Partisi (DEM Parti) ortas\u0131nda sert bir tart\u0131\u015fma ya\u015fand\u0131.<\/p>\n<p>BBP&#8217;nin &#8220;DEM de kendini feshetmeli&#8221; \u015feklindeki s\u00f6zleri, DEM Parti&#8217;den b\u00fcy\u00fck tepki g\u00f6rd\u00fc.<\/p>\n<p>DEM Parti, BBP&#8217;nin bu davetine sert bir a\u00e7\u0131klamayla kar\u015f\u0131l\u0131k verirken, BBP de bu a\u00e7\u0131klamaya t\u0131pk\u0131 sertlikte yan\u0131t verdi.<\/p>\n<p><b>DEM PART\u0130: PART\u0130M\u0130Z\u0130 FESHETM\u0130YORUZ<\/b><\/p>\n<p>DEM Parti&#8217;nin toplumsal medya hesab\u0131ndan yapt\u0131\u011f\u0131 a\u00e7\u0131klamada \u015fu s\u00f6zler yer ald\u0131:<\/p>\n<p>&#8220;Kamuoyunu yan\u0131ltmak ve toplumsal alg\u0131y\u0131 \u00e7arp\u0131tmak isteyenlere hat\u0131rlatma: DEM Parti; halklar\u0131n e\u015fitlik, \u00f6zg\u00fcrl\u00fck, demokrasi, adalet ve bar\u0131\u015f \u00e7abas\u0131n\u0131n ismidir. Milyonlar\u0131n iradesidir. Bir tabela de\u011fildir, s\u00fcreksiz hi\u00e7 de\u011fildir. B\u00fcy\u00fck bedeller \u00f6deyerek ve kesintisiz bir \u00e7abayla bug\u00fcne gelmi\u015ftir.<\/p>\n<p>DEM Parti\u2019nin emeli nettir: 86 milyon i\u00e7in bar\u0131\u015f\u0131 sa\u011flamak ve demokrasiyi in\u015fa etmek. Palavralarla, \u00e7arp\u0131tmalarla, iftiralarla yolumuzu kesmeye \u00e7al\u0131\u015fmaktan vazge\u00e7in.<\/p>\n<p>Partimizi feshetmiyoruz. Oldu\u011fumuz yerdeyiz, y\u00fcr\u00fcy\u00fc\u015f\u00fcm\u00fcz kararl\u0131l\u0131kla s\u00fcr\u00fcyor. Asla geri ad\u0131m atmayaca\u011f\u0131z.<\/p>\n<p><b>&#8220;DEM, H\u00c2L\u00c2 \u00d6RG\u00dcT REFLEKS\u0130YLE HAREKET ED\u0130YOR&#8221;<\/b><\/p>\n<p>DEM Parti&#8217;nin payla\u015f\u0131m\u0131na BBP&#8217;den sert kar\u015f\u0131l\u0131k geldi.<\/p>\n<p>BBP&#8217;den yap\u0131lan a\u00e7\u0131klamada \u015f\u00f6yle denildi:<\/p>\n<p>B\u00fcy\u00fck Birlik Partisi olarak bu \u00fclkede kimin neye hizmet etti\u011fini, hangi kelam\u0131n kim ismine s\u00f6ylendi\u011fini, hangi yap\u0131n\u0131n kimden buyruk ald\u0131\u011f\u0131n\u0131 \u00e7ok g\u00fczel biliriz.<\/p>\n<p>PKK, k\u0131rk y\u0131ld\u0131r bu millete ve devlete, \u00e7evirdi\u011fi namlularla bedel \u00f6detiyor. DEM Parti ise bug\u00fcn h\u00e2l\u00e2 bu ter\u00f6r \u00f6rg\u00fct\u00fcn\u00fcn siyasi aparat\u0131 olarak, d\u00f6k\u00fclen kan\u0131 \u201cbedel \u00f6dedik\u201d diyerek legalle\u015ftirme \u00e7abas\u0131 i\u00e7inde.<\/p>\n<p>D\u00fcne kadar feshedildi\u011fi s\u00f6ylenen \u00f6rg\u00fct\u00fc a\u00e7\u0131k\u00e7a k\u0131namayanlar, bug\u00fcn de o \u00f6rg\u00fct\u00fcn lisan\u0131yla konu\u015fmaya devam ediyorlar.<\/p>\n<p>Ter\u00f6rle ortas\u0131na uzakl\u0131k koyamayan DEM, h\u00e2l\u00e2 \u00f6rg\u00fct refleksiyle hareket ediyor, h\u00e2l\u00e2 o zihniyetin, o yap\u0131n\u0131n, o talimat zincirinin i\u00e7inde siyaset y\u00fcr\u00fct\u00fcyor.<\/p>\n<p>Bu millet kimin bedel \u00f6dedi\u011fini bilir.<\/p>\n<p>Da\u011fda, sokakta, okulda, pazarda, asker oca\u011f\u0131nda; hain pusularda, bombal\u0131 aksiyonlarda, may\u0131nl\u0131 tuzaklarda binlerce \u015fehit veren bu millet, ter\u00f6re kar\u015f\u0131 dururken as\u0131l bedeli kendi \u00f6dedi.<\/p>\n<p>\u015eehitlerimizin kan\u0131 yerdeyken, analar\u0131n g\u00f6zya\u015f\u0131 kurumam\u0131\u015fken, milletin iradesine kar\u015f\u0131 silahla y\u00fcr\u00fcyenlerin bug\u00fcn \u00e7\u0131k\u0131p \u201cy\u00fcr\u00fcy\u00fc\u015f\u00fcm\u00fcz s\u00fcr\u00fcyor\u201d demesi, millete yeni bir ihanetin ismidir.<\/p>\n<p>Biz ne dedik? Yanl\u0131\u015f bir \u015fey mi s\u00f6yledik?<\/p>\n<p>Zaten bitme noktas\u0131na gelmi\u015f PKK\u2019y\u0131, \u00f6teki ama\u00e7lar i\u00e7in g\u00f6zden \u00e7\u0131karan KCK ve onun yurtd\u0131\u015f\u0131ndaki t\u00fcrevleri, milyarlarca dolarl\u0131k kirli narko-finansla ayakta durmaya \u00e7al\u0131\u015fan bu yap\u0131 kendisini feshetmi\u015f \u00fczere davran\u0131yor. Ger\u00e7ek budur.<\/p>\n<p>Bunlar\u0131n arkas\u0131nda s\u0131ralanan DEM Parti ise ter\u00f6rle alakal\u0131 aidiyetlerini reddetmeden, yaln\u0131zca \u201ctabela de\u011fi\u015ftirerek\u201d siyaset yapmaya kalk\u0131yor.<\/p>\n<p>Bu yetmez! Bu millet art\u0131k isim oyunlar\u0131na karn\u0131n\u0131 doyurdu.<\/p>\n<p>Biz ne dedik: Kendinizi, bu yap\u0131y\u0131 ve bu zihniyeti \u201cko\u015fulsuz\u201d olarak feshedin! Bu \u00fclkenin birli\u011fine kast etmi\u015f h\u00e2l\u00e2 bu devlete \u015fart \u00fcreten bir zihniyet kendilerini \u201ctam\u201d olarak ar\u0131nd\u0131rmadan siyaset alan\u0131nda yeri olamaz, siyaset yapmay\u0131 kendi ayr\u0131l\u0131k\u00e7\u0131 ve b\u00f6l\u00fcc\u00fc fikirleri i\u00e7in ara\u00e7 olarak kullanamaz!<\/p>\n<p>DEM Parti\u2019ye davetimiz yaln\u0131zca t\u00fczel de\u011fil, ahlaki, vicdani ve ulusal bir davettir.<\/p>\n<p>PKK\u2019yla ba\u011flar\u0131n\u0131 hi\u00e7bir vakit koparmam\u0131\u015f, tak\u0131m\u0131ndan telaffuzuna kadar \u00f6rg\u00fct zihniyetiyle hareket eden, f\u0131rsat buldu\u011funda devletin kurucu iradesine racon kesmeye kalkan bu yap\u0131n\u0131n yaln\u0131zca kendisini de\u011fil, ta\u015f\u0131d\u0131\u011f\u0131 zihniyeti de tasfiye etmesi kurald\u0131r.<\/p>\n<p>Bu \u00e7a\u011fr\u0131y\u0131 polemik i\u00e7in yapmad\u0131k. Bu kelam nefretten de\u011fil, devlete, millete, \u015fehide ve vatana olan sadakatten do\u011fmu\u015ftur.<\/p>\n<p>B\u00fcy\u00fck Birlik Partisi, ter\u00f6re ve ter\u00f6r\u00fcn siyasalla\u015fmas\u0131na d\u00fcn oldu\u011fu \u00fczere bug\u00fcn de kar\u015f\u0131d\u0131r. Sessiz kalmak, sineye \u00e7ekmek K\u00fcrd\u00fcyle T\u00fcrkmen\u2019iyle bu millete ihanettir.<\/p>\n<p>DEM\u2019in \u201cBedel \u00f6dedik\u201d kelam\u0131n\u0131n \u00e7evirisi \u015fudur: \u201cBu devlete ve bu millete bedel \u00f6deterek geldik, art\u0131k de bu ge\u00e7mi\u015fi hak \u00fczere g\u00f6stermeye \u00e7al\u0131\u015f\u0131yoruz.\u201d<\/p>\n<p>Buna elimizden geldi\u011fince m\u00fcsaade vermeyece\u011fiz.<\/p>\n<p>Partimiz 32 y\u0131l\u0131 a\u015fk\u0131n m\u00fcddettir kesintisiz formda faaliyet g\u00f6stermektedir.<\/p>\n<p>T\u00fcrkiye&#8217;deki siyasi \u00e7alkant\u0131lar, iktidar de\u011fi\u015fimleri, parti kapatmalar\u0131, darbe s\u00fcre\u00e7leri ortas\u0131nda istikrarla varl\u0131\u011f\u0131n\u0131 koruyan, ter\u00f6r \u00f6rg\u00fct\u00fc ve t\u00fcrevleriyle hi\u00e7bir ko\u015ful ve tabanda yan yana gelmemi\u015f, en k\u0131ymetlisi memleket sevdas\u0131 istikametinde siyaset yapan kurucu \u00f6nderini \u015fehit vermi\u015f tek &#8220;milli\/manevi&#8221; eksenli parti B\u00fcy\u00fck Birlik Partisi olmu\u015ftur.<\/p>\n<p>B\u00fcy\u00fck Birlik Partisi kelam\u0131n\u0131n sonuna kadar gerisindedir.<\/p>\n<p>Bu \u00fclkenin birli\u011fini, karde\u015fli\u011fini ve istiklalini gaye alan her yap\u0131n\u0131n kar\u015f\u0131s\u0131nda, hem meydanda hem hukuk \u00f6n\u00fcnde dimdik durmaya devam edecektir.<\/p>\n","protected":false},"excerpt":{"rendered":"<p>Halklar\u0131n E\u015fitlik ve Demokrasi Partisi, B\u00fcy\u00fck Birlik Partisi&#8217;nin (BBP) &#8220;DEM de kendini feshetmeli&#8221; formundaki kelamlar\u0131na sert bir a\u00e7\u0131klama ile reaksiyon g\u00f6sterdi. Bu a\u00e7\u0131klamaya BBP&#8217;den de birebir sertlikte cevap geldi.<\/p>\n","protected":false},"author":1,"featured_media":59196,"comment_status":"open","ping_status":"open","sticky":false,"template":"","format":"standard","meta":{"footnotes":""},"categories":[25],"tags":[1269,255,480,238,292],"class_list":["post-59195","post","type-post","status-publish","format-standard","has-post-thumbnail","hentry","category-gundem","tag-bedel","tag-dem","tag-dem-parti","tag-teror","tag-yapi"],"_links":{"self":[{"href":"https:\/\/ikimisli.tr\/index.php\/wp-json\/wp\/v2\/posts\/59195","targetHints":{"allow":["GET"]}}],"collection":[{"href":"https:\/\/ikimisli.tr\/index.php\/wp-json\/wp\/v2\/posts"}],"about":[{"href":"https:\/\/ikimisli.tr\/index.php\/wp-json\/wp\/v2\/types\/post"}],"author":[{"embeddable":true,"href":"https:\/\/ikimisli.tr\/index.php\/wp-json\/wp\/v2\/users\/1"}],"replies":[{"embeddable":true,"href":"https:\/\/ikimisli.tr\/index.php\/wp-json\/wp\/v2\/comments?post=59195"}],"version-history":[{"count":1,"href":"https:\/\/ikimisli.tr\/index.php\/wp-json\/wp\/v2\/posts\/59195\/revisions"}],"predecessor-version":[{"id":59197,"href":"https:\/\/ikimisli.tr\/index.php\/wp-json\/wp\/v2\/posts\/59195\/revisions\/59197"}],"wp:featuredmedia":[{"embeddable":true,"href":"https:\/\/ikimisli.tr\/index.php\/wp-json\/wp\/v2\/media\/59196"}],"wp:attachment":[{"href":"https:\/\/ikimisli.tr\/index.php\/wp-json\/wp\/v2\/media?parent=59195"}],"wp:term":[{"taxonomy":"category","embeddable":true,"href":"https:\/\/ikimisli.tr\/index.php\/wp-json\/wp\/v2\/categories?post=59195"},{"taxonomy":"post_tag","embeddable":true,"href":"https:\/\/ikimisli.tr\/index.php\/wp-json\/wp\/v2\/tags?post=59195"}],"curies":[{"name":"wp","href":"https:\/\/api.w.org\/{rel}","templated":true}]}}