{"id":59218,"date":"2025-07-24T02:36:02","date_gmt":"2025-07-24T02:36:02","guid":{"rendered":"https:\/\/ikimisli.tr\/?p=59218"},"modified":"2025-07-24T02:36:02","modified_gmt":"2025-07-24T02:36:02","slug":"vizeden-sonra-sirada-depozito-var-sinirdan-giren-10-bin-lira-odeyecek","status":"publish","type":"post","link":"https:\/\/ikimisli.tr\/index.php\/2025\/07\/24\/vizeden-sonra-sirada-depozito-var-sinirdan-giren-10-bin-lira-odeyecek\/","title":{"rendered":"Vizeden sonra s\u0131rada depozito var: S\u0131n\u0131rdan giren 10 bin lira \u00f6deyecek!"},"content":{"rendered":"<p>ABD, vize alarak \u00fclkeye gelen herkesten yeni bir fiyat talep etmeye haz\u0131rlan\u0131yor.<\/p>\n<p>En erken 1 Ekim 2025, en ge\u00e7 1 Ocak 2026\u2018dan itibaren ABD vizesiyle \u00fclkeye girenlerden, ki\u015fi ba\u015f\u0131 en az 250 dolar (Vize b\u00fct\u00fcnl\u00fck \u00f6demesi- depozito) al\u0131nacak.<\/p>\n<p><b>AMA\u00c7 KA\u00c7A\u011eI, YASA DI\u015eI EMEK\u00c7\u0130Y\u0130 \u00d6NLEME<\/b><\/p>\n<p>Bu depozito, vize sahipleri t\u00fcm \u015fartlara uyarsa, \u00e7\u0131k\u0131\u015fta geri alabilecek. Kurallara uyarak vaktinde \u00fclkeyi terk edenlere geri \u00f6demenin nas\u0131l yap\u0131laca\u011f\u0131, ne vakit olaca\u011f\u0131 muhakkak de\u011fil.<\/p>\n<p>Ama\u00e7, yasa d\u0131\u015f\u0131 g\u00f6\u00e7\u00fc \u00f6nlemek ve vize sahibinin kendisine sa\u011flanm\u0131\u015f olan ko\u015fullar\u0131, yani vize kurallar\u0131n\u0131 a\u015fmamas\u0131n\u0131, \u00fclkede daha fazla kalmamas\u0131n\u0131, m\u00fcsaadesiz \u00e7al\u0131\u015fmamas\u0131n\u0131 sa\u011flamak.<\/p>\n<p>ABD, \u00fclkede ka\u00e7ak olarak bulunan 11 milyon ki\u015finin y\u00fczde 42\u2019sinin yasal vize ile gelip \u00fclkeden \u00e7\u0131kmad\u0131\u011f\u0131n\u0131 a\u00e7\u0131klad\u0131.<\/p>\n<p><b>T\u00dcRK \u00d6\u011eRENC\u0130 VE TUR\u0130ST DE \u00d6DEYECEK<\/b><\/p>\n<p>ABD\u2019nin yeni uygulamas\u0131, vize kaidesi ko\u015ftu\u011fu T\u00fcrkiye \u00fczere \u00fclkeleri etkileyecek.<\/p>\n<p>T\u00fcrkiye\u2019den giden \u00f6\u011frenciler, vize ile seyahat eden patronlar, \u00e7okuluslu \u015firketlerin \u00e7al\u0131\u015fanlar\u0131, s\u00fcreksiz i\u015f seyahatindekiler, turistler, \u00f6\u011frenci-e\u011fitim de\u011fi\u015fim program\u0131na kat\u0131lanlar, stajyerler, bak\u0131c\u0131lar, vize muafiyet program\u0131 ESTA\u2019dan yararlanmayan turistler, bilim- sanat yahut spor alan\u0131ndaki yetenekli ki\u015fileri kapsayacak.<\/p>\n<p>Avrupa Birli\u011fi \u00fcyesi \u00fclkeleri ve \u0130ngiltere, Japonya ile G\u00fcney Kore vatanda\u015flar\u0131, ABD\u2019ye vizesiz girebiliyor.<\/p>\n<p>Bunlar gitmeden evvel ESTA\u2019ya kaydolacak ve giri\u015fte depozito \u00f6demek zorunda kalmayacak.<\/p>\n<p>D\u00fcnyada yaln\u0131zca 41 \u00fclke vatanda\u015f\u0131 bu durumdan etkilenmeyecek.<\/p>\n<p><b>SOSYAL MEDYA  A\u00c7IK OLACAK<\/b><\/p>\n<p>ABD bir m\u00fchlet evvel de, toplumsal medya hesaplar\u0131n\u0131n a\u00e7\u0131k olmas\u0131n\u0131 vize almada kural oldu\u011funu vurgulam\u0131\u015ft\u0131.<\/p>\n<p>A\u00e7\u0131klamada, &#8220;F, M yahut J g\u00f6\u00e7men olmayan vize m\u00fcracaat\u0131nda bulunan t\u00fcm m\u00fcracaat sahiplerinin, kimlikleri ve Amerika Birle\u015fik Devletleri&#8217;ne kabul edilebilirliklerini kan\u0131tlamak i\u00e7in gerekli incelemeleri kolayla\u015ft\u0131rmak hedefiyle t\u00fcm \u015fahs\u00ee toplumsal medya hesaplar\u0131ndaki kapal\u0131l\u0131k ayarlar\u0131n\u0131 \u2018herkese a\u00e7\u0131k\u2019 olarak ayarlamalar\u0131 istenecektir&#8221; denilmi\u015fti.<\/p>\n<p>Sosyal medya ko\u015fulunun yan\u0131 s\u0131ra depozito \u00f6demesi de olduk\u00e7a can s\u0131kaca\u011fa benziyor.<\/p>\n","protected":false},"excerpt":{"rendered":"<p>ABD, vizeyle \u00fclkeye girenlerden Visa integrity fee ismi verilen ve ki\u015fi ba\u015f\u0131 en az 250 dolar olan bir cins depozito alacak. \u00dclkede belirlenen m\u00fcddette fazla kalanlar\u0131n paras\u0131 yanacak. Z\u0131mn\u00ee \u00e7al\u0131\u015fmayan, vize \u015fartlar\u0131na uyan ve \u00fclkeyi vaktinde terk edenlerin depozitolar\u0131 iade edilecek. Uygulama 1 Ekim\u2019de ya da y\u0131l sonunda ba\u015fl\u0131yor.<\/p>\n","protected":false},"author":1,"featured_media":59219,"comment_status":"open","ping_status":"open","sticky":false,"template":"","format":"standard","meta":{"footnotes":""},"categories":[43],"tags":[82,2254,145,727],"class_list":["post-59218","post","type-post","status-publish","format-standard","has-post-thumbnail","hentry","category-dunya","tag-abd","tag-sart","tag-ulke","tag-vize"],"_links":{"self":[{"href":"https:\/\/ikimisli.tr\/index.php\/wp-json\/wp\/v2\/posts\/59218","targetHints":{"allow":["GET"]}}],"collection":[{"href":"https:\/\/ikimisli.tr\/index.php\/wp-json\/wp\/v2\/posts"}],"about":[{"href":"https:\/\/ikimisli.tr\/index.php\/wp-json\/wp\/v2\/types\/post"}],"author":[{"embeddable":true,"href":"https:\/\/ikimisli.tr\/index.php\/wp-json\/wp\/v2\/users\/1"}],"replies":[{"embeddable":true,"href":"https:\/\/ikimisli.tr\/index.php\/wp-json\/wp\/v2\/comments?post=59218"}],"version-history":[{"count":1,"href":"https:\/\/ikimisli.tr\/index.php\/wp-json\/wp\/v2\/posts\/59218\/revisions"}],"predecessor-version":[{"id":59220,"href":"https:\/\/ikimisli.tr\/index.php\/wp-json\/wp\/v2\/posts\/59218\/revisions\/59220"}],"wp:featuredmedia":[{"embeddable":true,"href":"https:\/\/ikimisli.tr\/index.php\/wp-json\/wp\/v2\/media\/59219"}],"wp:attachment":[{"href":"https:\/\/ikimisli.tr\/index.php\/wp-json\/wp\/v2\/media?parent=59218"}],"wp:term":[{"taxonomy":"category","embeddable":true,"href":"https:\/\/ikimisli.tr\/index.php\/wp-json\/wp\/v2\/categories?post=59218"},{"taxonomy":"post_tag","embeddable":true,"href":"https:\/\/ikimisli.tr\/index.php\/wp-json\/wp\/v2\/tags?post=59218"}],"curies":[{"name":"wp","href":"https:\/\/api.w.org\/{rel}","templated":true}]}}