{"id":59329,"date":"2025-07-24T09:24:01","date_gmt":"2025-07-24T09:24:01","guid":{"rendered":"https:\/\/ikimisli.tr\/?p=59329"},"modified":"2025-07-24T09:24:01","modified_gmt":"2025-07-24T09:24:01","slug":"msb-suriye-turkiyeden-resmi-destek-talep-etti","status":"publish","type":"post","link":"https:\/\/ikimisli.tr\/index.php\/2025\/07\/24\/msb-suriye-turkiyeden-resmi-destek-talep-etti\/","title":{"rendered":"MSB: Suriye T\u00fcrkiye&#8217;den resmi destek talep etti"},"content":{"rendered":"<p>Milli Savunma Bakanl\u0131\u011f\u0131 kaynaklar\u0131, Suriye&#8217;nin S\u00fcveyda kentinde ya\u015fanan \u00e7at\u0131\u015fmalar ve \u0130srail&#8217;in \u015eam&#8217;a y\u00f6nelik taarruzlar\u0131na ait olarak, &#8220;Suriye idaresi taraf\u0131ndan, savunma kapasitesinin g\u00fc\u00e7lendirilmesi ve ba\u015fta DEA\u015e olmak \u00fczere t\u00fcm ter\u00f6r \u00f6rg\u00fctleriyle gayret kapsam\u0131nda T\u00fcrkiye&#8217;den resmi dayanak talep edilmi\u015ftir. Bu talep do\u011frultusunda, Suriye\u2019nin savunma kapasitesini art\u0131rmaya y\u00f6nelik e\u011fitim, dan\u0131\u015fmanl\u0131k ve teknik dayanak sa\u011flanmas\u0131 i\u00e7in \u00e7al\u0131\u015fmalar\u0131m\u0131z devam etmektedir.&#8221; a\u00e7\u0131klamas\u0131n\u0131 yapt\u0131.<\/p>\n<p>MSB Bas\u0131n ve Halkla Ba\u011flant\u0131lar M\u00fc\u015faviri ve Bakanl\u0131k S\u00f6zc\u00fcs\u00fc Tu\u011famiral Zeki Akt\u00fcrk, 17.Uluslararas\u0131 Savunma Sanayi Fuar\u0131&#8217;n\u0131n d\u00fczenlendi\u011fi \u0130stanbul Fuar Merkezi&#8217;nde haftal\u0131k bas\u0131n bilgilendirme toplant\u0131s\u0131 d\u00fczenledi.<\/p>\n<p>Akt\u00fcrk, Cumhurba\u015fkanl\u0131\u011f\u0131 himayesinde, MSB konut sahipli\u011finde, T\u00fcrk Silahl\u0131 Kuvvetlerini G\u00fc\u00e7lendirme Vakf\u0131 idare ve sorumlulu\u011funda, Savunma Sanayi Ba\u015fkanl\u0131\u011f\u0131n\u0131n dayanaklar\u0131 ile yap\u0131lan 17\u2019nci Milletleraras\u0131 Savunma Sanayi Fuar\u0131&#8217;na (IDEF-2025), 50 \u00fclkeden bin 400&#8217;\u00fcn \u00fczerinde i\u015ftirak\u00e7i firman\u0131n; 99 \u00fclke ve milletleraras\u0131 kurulu\u015ftan 120 binin \u00fczerinde ziyaret\u00e7i ile 113\u2019\u00fc \u00fcst seviye olmak \u00fczere 219 heyete 937 heyet \u00fcyesinin kat\u0131ld\u0131\u011f\u0131n\u0131 belirtti. Zeki Akt\u00fcrk, &#8220;Fuarda yerli ve ulusal savunma end\u00fcstrimizin ula\u015ft\u0131\u011f\u0131 d\u00fczey ve gelecek maksatlar\u0131 t\u00fcm d\u00fcnyaya tan\u0131t\u0131lmakta, deniz, hava ve kara sistemleri, askeri te\u00e7hizat, g\u00fcvenlik ekipmanlar\u0131, silah, m\u00fchimmat ve savunma elektroni\u011fi \u00fczere bin 100\u2019\u00fc birinci defa olmak \u00fczere 5 binden fazla eser sergilenmektedir&#8221; bilgisini payla\u015ft\u0131.<\/p>\n<p><b>EUROFIGHTER ZAPTI \u0130MZALANDI<\/b><\/p>\n<p>Milli Savunma Bakan\u0131 Ya\u015far G\u00fcler&#8217;in, Fuar kapsam\u0131ndaki temaslar\u0131na de\u011finen Tu\u011famiral Akt\u00fcrk, &#8220;D\u00fcn Azerbaycan, Bel\u00e7ika, Senegal, Slovenya ve Kongo Savunma Bakanlar\u0131n\u0131n yan\u0131 s\u0131ra Pakistan Genelkurmay Lideri, Vietnam Savunma Bakan Yard\u0131mc\u0131s\u0131 ve Libya Ulusal Ordusu Kara Kuvvetleri Kumandan\u0131 ile g\u00f6r\u00fc\u015fen Say\u0131n Bakan\u0131m\u0131z, ayn\u0131 g\u00fcn Azerbaycan Savunma Bakan\u0131 ile &#8216;Kar\u015f\u0131l\u0131kl\u0131 Askeri G\u00fcvenli\u011fin G\u00fc\u00e7lendirilmesine Ait Mutabakat Muht\u0131ras\u0131&#8217;n\u0131 imzalam\u0131\u015ft\u0131r. Say\u0131n Bakan\u0131m\u0131z bug\u00fcn de Birle\u015fik Krall\u0131k Savunma Bakan\u0131 ile bir araya gelerek \u00fclkemizin Eurofighter Typhoon kullan\u0131c\u0131s\u0131 olarak kabul\u00fcne ait tam kapsaml\u0131 bir mutabakata y\u00f6nelik Mutabakat Zapt\u0131&#8217;n\u0131 imzalam\u0131\u015ft\u0131r&#8221; tabirlerini kulland\u0131.<\/p>\n<p>Kara Kuvvetleri Komutanl\u0131\u011f\u0131 taraf\u0131ndan, \u00e7e\u015fitli \u00f6l\u00e7\u00fcde 5,56 mm Piyade T\u00fcfe\u011fi (SAR-56) muayene ve kabul faaliyetleri tamamlanarak envantere al\u0131nd\u0131\u011f\u0131n\u0131 bildiren Akt\u00fcrk, &#8220;\u0130stanbul Tersanesi Komutanl\u0131\u011f\u0131m\u0131z ve BMC Power A\u015e i\u015fbirli\u011fi ile geli\u015ftirilen montaj, entegrasyon ve testleri \u0130stanbul Tersanesi Komutanl\u0131\u011f\u0131m\u0131zda muvaffakiyetle tamamlanan yerli ve ulusal motor Levent, 18 Temmuz\u2019da hizmete al\u0131nm\u0131\u015ft\u0131r. D\u00fcnyan\u0131n en yeterli patronlar\u0131n\u0131n \u00f6d\u00fcllendirildi\u011fi Stevie Awards for Great Employers kapsam\u0131nda 1 alt\u0131n, 1 g\u00fcm\u00fc\u015f ve 3 bronz olmak \u00fczere toplam 5 \u00f6d\u00fcl kazanan Bakanl\u0131\u011f\u0131m\u0131za ba\u011fl\u0131 Makine ve Kimya Sanayisi Anonim \u015eirketimizi ve \u00e7al\u0131\u015fanlar\u0131n\u0131 tebrik ediyoruz&#8221; dedi.<\/p>\n<p><b>&#8220;4 PKK&#8217;LI TER\u00d6R\u0130ST TESL\u0130M OLDU&#8221;<\/b><\/p>\n<p>Akt\u00fcrk, son bir hafta i\u00e7erisinde 4 PKK\u2019l\u0131 ter\u00f6ristin teslim oldu\u011funu belirterek, Pen\u00e7e-Kilit ba\u015fta olmak \u00fczere operasyon b\u00f6lgelerinde tespit edilen, ter\u00f6ristlere ili\u015fkin ma\u011fara, s\u0131\u011f\u0131nak ve bar\u0131naklarda ele ge\u00e7irilen \u00e7ok say\u0131da silah, m\u00fchimmat ve \u00e7e\u015fitli materyal kullan\u0131lamaz getirildi\u011fini bildirdi. Zeki Akt\u00fcrk, \u015funlar\u0131 kaydetti:<\/p>\n<p><b>&#8220;HUDUTLARDA 207 \u015eAHIS YAKALANDI&#8221;<\/b><\/p>\n<p>&#8220;Zorlu iklim ve arazi ko\u015fullar\u0131nda kesintisiz devam eden hudut g\u00fcvenli\u011fi faaliyetleri \u00e7er\u00e7evesinde hafta boyunca; 207 \u015fah\u0131s yakalanm\u0131\u015f, 1 Ocak\u2019tan bug\u00fcne kadar yasa d\u0131\u015f\u0131 yollarla ge\u00e7meye \u00e7al\u0131\u015f\u0131rken yakalananlar\u0131n say\u0131s\u0131 3 bin 959 olmu\u015ftur. Hafta i\u00e7erisinde engellenen 638 \u015fah\u0131s ile birlikte bu y\u0131l i\u00e7erisinde engellenen ki\u015fi say\u0131s\u0131 da 43 bin 630\u2019a ula\u015fm\u0131\u015ft\u0131r. Suriye harekat alanlar\u0131na devam eden t\u00fcnel imha faaliyetleri kapsam\u0131nda bug\u00fcne kadar 212\u2019si Tel R\u0131fat, 286\u2019s\u0131 Menbic b\u00f6lgesinde olmak \u00fczere toplam 498 kilometre uzunlu\u011fundaki t\u00fcneller imha edilmi\u015ftir.<\/p>\n<p>21 Temmuz\u2019da Deniz Kuvvetlerimize ili\u015fkin insans\u0131z hava ara\u00e7lar\u0131 ile ger\u00e7ekle\u015ftirilen ke\u015fif ve g\u00f6zetleme faaliyetleri esnas\u0131nda; Yunanistan\u2019a ili\u015fkin K\u0131y\u0131 G\u00fcvenlik botunun Sisam Adas\u0131\u2019n\u0131n do\u011fusunda sistemsiz g\u00f6\u00e7menleri ta\u015f\u0131yan botu b\u0131rakt\u0131\u011f\u0131 tespit edilmi\u015f, K\u0131y\u0131 G\u00fcvenlik Komutanl\u0131\u011f\u0131m\u0131z bilgilendirilerek kelam konusu g\u00f6\u00e7menlerin kurtar\u0131lmas\u0131 sa\u011flanm\u0131\u015ft\u0131r.&#8221;<\/p>\n<p>Tu\u011famiral Akt\u00fcrk, 51 y\u0131l evvel yap\u0131lan K\u0131br\u0131s Bar\u0131\u015f Harekat\u0131 ile K\u0131br\u0131s T\u00fcrk\u00fc\u2019ne y\u00f6nelik katliamlara son verildi\u011fini ve Ada&#8217;ya bar\u0131\u015f, itimat ve huzurun getirildi\u011fini s\u00f6yleyerek, &#8220;K\u0131br\u0131s Bar\u0131\u015f Harek\u00e2t\u0131 ile Kuzey K\u0131br\u0131s T\u00fcrk Cumhuriyeti\u2019nin 20 Temmuz Bar\u0131\u015f ve \u00d6zg\u00fcrl\u00fck Bayram\u0131&#8217;n\u0131n 51\u2019inci y\u0131l d\u00f6n\u00fcm\u00fcn\u00fc bir kere daha kutluyor; \u015fehitlerimizi rahmetle an\u0131yor, gazilerimize sa\u011fl\u0131kl\u0131 ve memnun \u00f6m\u00fcrler diliyoruz. Bug\u00fcne kadar oldu\u011fu \u00fczere bundan sonra da K\u0131br\u0131s T\u00fcrk\u00fc karde\u015flerimizin legal \u00e7\u0131karlar\u0131n\u0131 her \u015fartta destekledi\u011fimizi ve kazan\u0131lm\u0131\u015f haklar\u0131 olan h\u00e2kim e\u015fitlikleri ve e\u015fit milletleraras\u0131 stat\u00fclerinin teyidinin bizler i\u00e7in olmazsa olmaz oldu\u011funu bir sefer daha s\u00f6z ediyoruz&#8221; diye konu\u015ftu.<\/p>\n<p><b>\u0130SRA\u0130L&#8217;\u0130N SALDIRILARI<\/b><\/p>\n<p>\u0130srail\u2019in 7 Ekim 2023\u2019ten bu yana milletleraras\u0131 hukuku hi\u00e7e sayan hareketlerinin yaln\u0131zca Filistin halk\u0131n\u0131 de\u011fil, t\u00fcm b\u00f6lgeyi derin bir istikrars\u0131zl\u0131\u011fa s\u00fcr\u00fckledi\u011fini tabir eden Akt\u00fcrk, \u015funlar\u0131 s\u00f6yledi:<\/p>\n<p>&#8220;\u0130srail idaresinin Gazze\u2019ye y\u00f6nelik orant\u0131s\u0131z ve ayr\u0131m g\u00f6zetmeyen ataklar\u0131; sivilleri, bilhassa de bayan ve \u00e7ocuklar\u0131 maksat almakta, temel insani k\u0131ymetleri ve memleketler aras\u0131 normlar\u0131 a\u011f\u0131r bi\u00e7imde ihlal etmektedir. \u0130nsani yard\u0131mlar\u0131n engellenmesi, temel hayat gereksinimlerine eri\u015fimin k\u0131s\u0131tlanmas\u0131 ve sivil altyap\u0131n\u0131n sistematik formda tahrip edilmesi, Gazze\u2019deki dram\u0131 insani bir felakete d\u00f6n\u00fc\u015ft\u00fcrm\u00fc\u015f durumdad\u0131r. Bu tablo, s\u0131rf b\u00f6lge halk\u0131n\u0131n de\u011fil, t\u00fcm insanl\u0131\u011f\u0131n vicdan\u0131n\u0131 yaralamaktad\u0131r. Bu kapsamda, memleketler aras\u0131 toplumu daha fazla can kayb\u0131n\u0131n ya\u015fanmamas\u0131, b\u00f6lgede kal\u0131c\u0131 bar\u0131\u015f ve istikrar\u0131n tekrar tesis edilebilmesi i\u00e7in s\u00fcratli bir formda sorumluluk almaya, g\u00fc\u00e7l\u00fc ve ortak bir duru\u015f sergilemeye davet ediyoruz.&#8221;<\/p>\n<p><b>&#8220;T\u00dcRK\u0130YE&#8217;DEN RESM\u0130 TAKV\u0130YE TALEP ED\u0130LD\u0130&#8221;<\/b><\/p>\n<p>MSB kaynaklar\u0131, Suriye&#8217;in S\u00fcveyda kentinde ya\u015fanan \u00e7at\u0131\u015fmalar ve \u0130srail\u2019in \u015eam\u2019a y\u00f6nelik ataklar\u0131 ile ilgili sorular \u00fczerine, \u015fu de\u011ferlendirmeyi yapt\u0131:<\/p>\n<p>&#8220;\u0130srail\u2019in son periyotta a\u011f\u0131rla\u015ft\u0131rd\u0131\u011f\u0131 h\u00fccumlar, bilhassa g\u00fcneydeki S\u00fcveyda b\u00f6lgesinde D\u00fcrzi toplumu ile \u015eam idaresi ortas\u0131nda tansiyonlar\u0131 art\u0131rm\u0131\u015ft\u0131r. T\u00fcrkiye, Suriye\u2019nin toprak b\u00fct\u00fcnl\u00fc\u011f\u00fcn\u00fcn korunmas\u0131, istikrar\u0131n sa\u011flanmas\u0131 ve ter\u00f6r \u00f6rg\u00fctleriyle gayret edilmesi istikametindeki kararl\u0131 duru\u015funu s\u00fcrd\u00fcrmektedir. MSB olarak, Suriye\u2019nin yeni h\u00fck\u00fcmetiyle yak\u0131n bir i\u015fbirli\u011fi i\u00e7inde \u00e7al\u0131\u015fmaktay\u0131z. Suriye idaresi taraf\u0131ndan, savunma kapasitesinin g\u00fc\u00e7lendirilmesi ve ba\u015fta DEA\u015e olmak \u00fczere t\u00fcm ter\u00f6r \u00f6rg\u00fctleriyle \u00e7aba kapsam\u0131nda T\u00fcrkiye\u2019den resmi dayanak talep edilmi\u015ftir. Bu talep do\u011frultusunda, Suriye\u2019nin savunma kapasitesini art\u0131rmaya y\u00f6nelik e\u011fitim, dan\u0131\u015fmanl\u0131k ve teknik dayanak sa\u011flanmas\u0131 i\u00e7in \u00e7al\u0131\u015fmalar\u0131m\u0131z devam etmektedir. T\u00fcrkiye\u2019nin \u00f6ncelikli amac\u0131, Suriye\u2019nin siyasi birli\u011fini ve toprak b\u00fct\u00fcnl\u00fc\u011f\u00fcn\u00fc desteklemek, b\u00f6lgede kal\u0131c\u0131 bar\u0131\u015f\u0131n sa\u011flanmas\u0131na y\u00f6nelik gayretlere \u00f6nc\u00fcl\u00fck etmektir.&#8221;<\/p>\n<p><b>&#8220;SDG MUAHEDEYE UYDU\u011eUNU SOMUT OLARAK G\u00d6STERMEK ZORUNDA&#8221;<\/b><\/p>\n<p>Bakanl\u0131k kaynaklar\u0131, ter\u00f6r \u00f6rg\u00fct\u00fc SDG\u2019nin Suriye idaresine entegrasyonu ile ilgili sorular \u00fczerine, &#8220;MSB olarak, Suriye\u2019nin toprak b\u00fct\u00fcnl\u00fc\u011f\u00fc ve egemenlik haklar\u0131n\u0131n korunmas\u0131n\u0131n \u00fclkemiz ve b\u00f6lge istikrar\u0131 i\u00e7in olmazsa olmaz oldu\u011funu daha evvel tekraren tabir etmi\u015ftik. Bu kapsamda, 10 Mart tarihinde Suriye h\u00fck\u00fcmeti ve SDG ter\u00f6r \u00f6rg\u00fct\u00fc ortas\u0131nda \u00fczerine uzla\u015f\u0131 sa\u011flanan konular\u0131n alandaki yans\u0131malar\u0131n\u0131n bir an evvel g\u00f6r\u00fclmesi kelam konusu istikrara katk\u0131 sa\u011flayacakt\u0131r. Ter\u00f6r \u00f6rg\u00fct\u00fc SDG, \u015eam h\u00fck\u00fcmetiyle yapt\u0131\u011f\u0131 muahedeye uydu\u011funu somut olarak g\u00f6stermek zorundad\u0131r. Hususa y\u00f6nelik geli\u015fmeler ilgili kurumlar\u0131m\u0131zla birlikte yak\u0131ndan takip edilmektedir&#8221; s\u00f6zlerini kulland\u0131.<\/p>\n","protected":false},"excerpt":{"rendered":"<p>Milli Savunma Bakanl\u0131\u011f\u0131, Suriye y\u00f6netiminin T\u00fcrkiye&#8217;den resmi takviye talep etti\u011fini duyurdu.<\/p>\n","protected":false},"author":1,"featured_media":59330,"comment_status":"open","ping_status":"open","sticky":false,"template":"","format":"standard","meta":{"footnotes":""},"categories":[25],"tags":[7617,1404,238,163,2444],"class_list":["post-59329","post","type-post","status-publish","format-standard","has-post-thumbnail","hentry","category-gundem","tag-akturk","tag-savunma","tag-teror","tag-turk","tag-yonelik"],"_links":{"self":[{"href":"https:\/\/ikimisli.tr\/index.php\/wp-json\/wp\/v2\/posts\/59329","targetHints":{"allow":["GET"]}}],"collection":[{"href":"https:\/\/ikimisli.tr\/index.php\/wp-json\/wp\/v2\/posts"}],"about":[{"href":"https:\/\/ikimisli.tr\/index.php\/wp-json\/wp\/v2\/types\/post"}],"author":[{"embeddable":true,"href":"https:\/\/ikimisli.tr\/index.php\/wp-json\/wp\/v2\/users\/1"}],"replies":[{"embeddable":true,"href":"https:\/\/ikimisli.tr\/index.php\/wp-json\/wp\/v2\/comments?post=59329"}],"version-history":[{"count":1,"href":"https:\/\/ikimisli.tr\/index.php\/wp-json\/wp\/v2\/posts\/59329\/revisions"}],"predecessor-version":[{"id":59331,"href":"https:\/\/ikimisli.tr\/index.php\/wp-json\/wp\/v2\/posts\/59329\/revisions\/59331"}],"wp:featuredmedia":[{"embeddable":true,"href":"https:\/\/ikimisli.tr\/index.php\/wp-json\/wp\/v2\/media\/59330"}],"wp:attachment":[{"href":"https:\/\/ikimisli.tr\/index.php\/wp-json\/wp\/v2\/media?parent=59329"}],"wp:term":[{"taxonomy":"category","embeddable":true,"href":"https:\/\/ikimisli.tr\/index.php\/wp-json\/wp\/v2\/categories?post=59329"},{"taxonomy":"post_tag","embeddable":true,"href":"https:\/\/ikimisli.tr\/index.php\/wp-json\/wp\/v2\/tags?post=59329"}],"curies":[{"name":"wp","href":"https:\/\/api.w.org\/{rel}","templated":true}]}}