{"id":5934,"date":"2025-01-22T17:11:57","date_gmt":"2025-01-22T17:11:57","guid":{"rendered":"https:\/\/ikimisli.tr\/?p=5934"},"modified":"2025-01-22T17:11:57","modified_gmt":"2025-01-22T17:11:57","slug":"bakan-memisoglu-dogurganlikla-sezaryeni-iliskilendirdi","status":"publish","type":"post","link":"https:\/\/ikimisli.tr\/index.php\/2025\/01\/22\/bakan-memisoglu-dogurganlikla-sezaryeni-iliskilendirdi\/","title":{"rendered":"Bakan Memi\u015fo\u011flu do\u011furganl\u0131kla sezaryeni ili\u015fkilendirdi"},"content":{"rendered":"<p>Sa\u011fl\u0131k Bakan\u0131 Kemal Memi\u015fo\u011flu, ziyaret ve toplant\u0131lar i\u00e7in gitti\u011fi D\u00fczce&#8217;de tart\u0131\u015fmal\u0131 bir mevzuya de\u011findi.<\/p>\n<p>T\u00fcrkiye&#8217;deki do\u011furganl\u0131k oranlar\u0131n\u0131n az oldu\u011funu belirten Bakan Memi\u015fo\u011flu, &#8220;Bu konuda sosyo-ekonomik olsun, sezaryen oranlar\u0131 olsun, bunlar\u0131n hepsinde sorunlar\u0131n giderilmesi i\u00e7in Sa\u011fl\u0131k Bakanl\u0131\u011f\u0131 olarak elimizden geleni yapaca\u011f\u0131z&#8221; tabirlerini kulland\u0131.\u00a0<\/p>\n<p><b>SEZARYENLE \u0130L\u0130\u015eK\u0130LEND\u0130RD\u0130<\/b><\/p>\n<p><strong>Bakan Memi\u015fo\u011flu, do\u011furganl\u0131k oranlar\u0131yla sezaryeni ili\u015fkilendirerek \u015funlar\u0131 s\u00f6yledi:<\/strong><\/p>\n<p>&#8220;Her vakit hastane hizmetleri diyoruz ancak Sa\u011fl\u0131k Bakanl\u0131\u011f\u0131\u2019y\u0131z, hastal\u0131k bakanl\u0131\u011f\u0131 de\u011filiz. \u0130nsanlar\u0131m\u0131z\u0131n hastalanmadan s\u0131hhatinin korunmas\u0131n\u0131 ve g\u00f6zetici hekimli\u011fi ve kollay\u0131c\u0131 s\u0131hhati \u00f6nemsiyoruz. Topluma kendi v\u00fccut s\u0131hhatlerini m\u00fcdafaalar\u0131n\u0131 \u00f6neriyoruz. Cumhurba\u015fkanl\u0131\u011f\u0131m\u0131z, Aile ve Sosyal Hizmetler Bakanl\u0131\u011f\u0131 koordinasyonunda, bu konuda da \u00fczerimize d\u00fc\u015feni yapmaya \u00e7al\u0131\u015f\u0131yoruz. T\u00fcrkiye&#8217;nin do\u011furganl\u0131k oranlar\u0131 az. Bu hususta sosyo-ekonomik olsun, sezaryen oranlar\u0131 olsun, bunlar\u0131n hepsinde sorunlar\u0131n giderilmesi i\u00e7in Sa\u011fl\u0131k Bakanl\u0131\u011f\u0131 olarak elimizden geleni yapaca\u011f\u0131z.&#8221;<\/p>\n<p><b>Z\u0130YARETTE AKP&#8217;L\u0130 \u0130S\u0130MLER YER ALDI<\/b><\/p>\n<p>Ziyarette ayr\u0131ca AK Parti D\u00fczce Milletvekili Ercan \u00d6zt\u00fcrk, D\u00fczce Belediye Ba\u015fkan\u0131 Faruk \u00d6zl\u00fc, \u0130l S\u0131hhat M\u00fcd\u00fcr\u00fc Yasin Y\u0131lmaz, AK Parti Vilayet Lideri Hasan \u015eeng\u00fclo\u011flu, MHP \u0130l Ba\u015fkan\u0131 \u0130lhami Cabo\u011flu, kurum m\u00fcd\u00fcrleri ve ba\u015fka ilgililer yer ald\u0131.<\/p>\n","protected":false},"excerpt":{"rendered":"<p>Sa\u011fl\u0131k Bakan\u0131 Kemal Memi\u015fo\u011flu, D\u00fczce&#8217;de yapt\u0131\u011f\u0131 a\u00e7\u0131klamada T\u00fcrkiye&#8217;deki do\u011furganl\u0131k oran\u0131n\u0131n az oldu\u011funu belirterek, &#8220;Bu hususta sosyo-ekonomik olsun, sezaryen oranlar\u0131 olsun, bunlar\u0131n hepsinde sorunlar\u0131n giderilmesi i\u00e7in Sa\u011fl\u0131k Bakanl\u0131\u011f\u0131 olarak elimizden geleni yapaca\u011f\u0131z&#8221; dedi.<\/p>\n","protected":false},"author":1,"featured_media":5935,"comment_status":"open","ping_status":"open","sticky":false,"template":"","format":"standard","meta":{"footnotes":""},"categories":[25],"tags":[262,1573,150],"class_list":["post-5934","post","type-post","status-publish","format-standard","has-post-thumbnail","hentry","category-gundem","tag-bakan","tag-oranlari","tag-saglik"],"_links":{"self":[{"href":"https:\/\/ikimisli.tr\/index.php\/wp-json\/wp\/v2\/posts\/5934","targetHints":{"allow":["GET"]}}],"collection":[{"href":"https:\/\/ikimisli.tr\/index.php\/wp-json\/wp\/v2\/posts"}],"about":[{"href":"https:\/\/ikimisli.tr\/index.php\/wp-json\/wp\/v2\/types\/post"}],"author":[{"embeddable":true,"href":"https:\/\/ikimisli.tr\/index.php\/wp-json\/wp\/v2\/users\/1"}],"replies":[{"embeddable":true,"href":"https:\/\/ikimisli.tr\/index.php\/wp-json\/wp\/v2\/comments?post=5934"}],"version-history":[{"count":1,"href":"https:\/\/ikimisli.tr\/index.php\/wp-json\/wp\/v2\/posts\/5934\/revisions"}],"predecessor-version":[{"id":5936,"href":"https:\/\/ikimisli.tr\/index.php\/wp-json\/wp\/v2\/posts\/5934\/revisions\/5936"}],"wp:featuredmedia":[{"embeddable":true,"href":"https:\/\/ikimisli.tr\/index.php\/wp-json\/wp\/v2\/media\/5935"}],"wp:attachment":[{"href":"https:\/\/ikimisli.tr\/index.php\/wp-json\/wp\/v2\/media?parent=5934"}],"wp:term":[{"taxonomy":"category","embeddable":true,"href":"https:\/\/ikimisli.tr\/index.php\/wp-json\/wp\/v2\/categories?post=5934"},{"taxonomy":"post_tag","embeddable":true,"href":"https:\/\/ikimisli.tr\/index.php\/wp-json\/wp\/v2\/tags?post=5934"}],"curies":[{"name":"wp","href":"https:\/\/api.w.org\/{rel}","templated":true}]}}