{"id":59347,"date":"2025-07-24T10:36:02","date_gmt":"2025-07-24T10:36:02","guid":{"rendered":"https:\/\/ikimisli.tr\/?p=59347"},"modified":"2025-07-24T10:36:02","modified_gmt":"2025-07-24T10:36:02","slug":"betam-acikladi-bir-yilda-tum-araclarin-fiyati-artti","status":"publish","type":"post","link":"https:\/\/ikimisli.tr\/index.php\/2025\/07\/24\/betam-acikladi-bir-yilda-tum-araclarin-fiyati-artti\/","title":{"rendered":"Betam a\u00e7\u0131klad\u0131: Bir y\u0131lda t\u00fcm ara\u00e7lar\u0131n fiyat\u0131 artt\u0131"},"content":{"rendered":"<p>sahibinden.com, Bah\u00e7e\u015fehir \u00dcniversitesi Ekonomik ve Toplumsal Ara\u015ft\u0131rmalar Merkezi (BETAM) ile haz\u0131rlad\u0131\u011f\u0131 &#8220;Otomobil Piyasas\u0131 G\u00f6r\u00fcn\u00fcm\u00fc&#8221; raporunu payla\u015ft\u0131. \u015eirketten yap\u0131lan a\u00e7\u0131klamada payla\u015f\u0131lan rapora nazaran, ikinci el arabada nominal fiyatlar artmaya devam etse de enflasyondan ar\u0131nd\u0131r\u0131lm\u0131\u015f ger\u00e7ek bazda fiyatlar d\u00fc\u015f\u00fc\u015f e\u011filimine devam etti. Elektrikli ara\u00e7lar\u0131n fiyatlar\u0131 ise ba\u015fka yak\u0131t cinslerinden farkl\u0131 olarak gerileme kaydetti.<\/p>\n<p>\u0130lan datalar\u0131 temel al\u0131narak haz\u0131rlanan rapor, ger\u00e7ek fiyatlar\u0131n y\u0131ll\u0131k bazda y\u00fczde 17,6 azald\u0131\u011f\u0131n\u0131 ortaya koydu. Bu durum, nominal fiyatlar\u0131n artmas\u0131na ra\u011fmen al\u0131m g\u00fcc\u00fc baz\u0131nda ara\u00e7lar\u0131n daha eri\u015filebilir hale geldi\u011fine i\u015faret ediyor.<\/p>\n<p><b>T\u00dcM ARA\u00c7 F\u0130YATLARI ARTI\u015e G\u00d6STERD\u0130<\/b><\/p>\n<p>Rapora nazaran, y\u0131ll\u0131k bazda t\u00fcm ara\u00e7 s\u0131n\u0131flar\u0131nda fiyat art\u0131\u015f\u0131 ya\u015fand\u0131. En y\u00fcksek art\u0131\u015f y\u00fczde 12,4 ile C s\u0131n\u0131f\u0131nda g\u00f6r\u00fcl\u00fcrken, en d\u00fc\u015f\u00fck art\u0131\u015f y\u00fczde 8,7 ile E s\u0131n\u0131f\u0131nda ger\u00e7ekle\u015fti. Ortalama fiyatlar ise B s\u0131n\u0131f\u0131nda 632 bin 73 lira, C s\u0131n\u0131f\u0131nda 846 bin 950 lira, D s\u0131n\u0131f\u0131nda 1 milyon 214 bin lira ve E s\u0131n\u0131f\u0131nda 2 milyon 5 bin lira oldu.<\/p>\n<p>Model y\u0131l\u0131na nazaran de\u011ferlendirmede, 2004-2008 ortas\u0131 modellerin fiyat\u0131 y\u00fczde 1 azal\u0131rken, 2009-2013 k\u00fcmesinde y\u00fczde 5,6, 2014-2018 ortas\u0131nda ise y\u00fczde 11,1 oran\u0131nda art\u0131\u015f ya\u015fand\u0131. 2019 model ara\u00e7larda y\u00fczde 15,3 ile en y\u00fcksek art\u0131\u015f g\u00f6zlemlenirken, 2023 modellerde bu oran y\u00fczde 4,6&#8217;da kald\u0131. 2024 model ara\u00e7lar\u0131n fiyat\u0131 ise ayl\u0131k bazda y\u00fczde 2,2 azalarak 1 milyon 970 bin liraya geriledi.<\/p>\n<p><b>EN FAZLA ARTI\u015e AKARYAKITLI ARA\u00c7LARDA OLDU<\/b><\/p>\n<p>Haziran ay\u0131nda elektrikli ara\u00e7lar d\u0131\u015f\u0131ndaki t\u00fcm yak\u0131t tiplerinde ortalama fiyatlar y\u00fckseldi. Akaryak\u0131tl\u0131 ara\u00e7lar 1 milyon 214 bin lira, akaryak\u0131t &#038; LPG&#8217;li ara\u00e7lar 515 bin 667 lira, dizel ara\u00e7lar 966 bin 834 lira, hibrit ara\u00e7lar 2 milyon 253 bin lira ve elektrikli ara\u00e7lar ise 3 milyon 270 bin lira d\u00fczeyinde fiyatland\u0131. Y\u0131ll\u0131k art\u0131\u015f oranlar\u0131 ise akaryak\u0131tl\u0131 ara\u00e7larda y\u00fczde 14,5, dizellerde y\u00fczde 9,7, hibritlerde y\u00fczde 10,2 olurken, elektrikli ara\u00e7larda bu oran sadece y\u00fczde 2,1 olarak ger\u00e7ekle\u015fti.<\/p>\n<p>Raporda ayr\u0131yeten ilanlar\u0131n kapat\u0131lma m\u00fchletinin 1,6 g\u00fcn artarak ortalama 22,4 g\u00fcne \u00e7\u0131kt\u0131\u011f\u0131 belirtildi. Araba talep endeksi ge\u00e7en y\u0131l\u0131n birebir periyoduna nazaran y\u00fczde 28,8 y\u00fckselirken, bir evvelki aya nazaran y\u00fczde 11,3 azald\u0131. Sat\u0131lan araba say\u0131s\u0131n\u0131n ilan say\u0131s\u0131na oran\u0131 da y\u00fczde 21,4&#8217;e gerileyerek, piyasa canl\u0131l\u0131\u011f\u0131nda zay\u0131flamaya i\u015faret etti.<\/p>\n","protected":false},"excerpt":{"rendered":"<p>Dal temsilcileri haz\u0131rlad\u0131\u011f\u0131 &#8220;Otomobil Piyasas\u0131 G\u00f6r\u00fcn\u00fcm\u00fc&#8221; raporunu payla\u015ft\u0131. Rapora nazaran, y\u0131ll\u0131k bazda t\u00fcm ara\u00e7 s\u0131n\u0131flar\u0131nda fiyat art\u0131\u015f\u0131 ya\u015fand\u0131. En y\u00fcksek art\u0131\u015f y\u00fczde 12,4 ile C s\u0131n\u0131f\u0131nda g\u00f6r\u00fcl\u00fcrken, en d\u00fc\u015f\u00fck art\u0131\u015f y\u00fczde 8,7 ile E s\u0131n\u0131f\u0131nda ger\u00e7ekle\u015fti.  Y\u0131ll\u0131k art\u0131\u015f oranlar\u0131 ise e fazla art\u0131\u015f akaryak\u0131tl\u0131 ara\u00e7larda g\u00f6r\u00fcld\u00fc. Pekala ortalama fiyatlar ne kadar?<\/p>\n","protected":false},"author":1,"featured_media":59348,"comment_status":"open","ping_status":"open","sticky":false,"template":"","format":"standard","meta":{"footnotes":""},"categories":[28],"tags":[917,483,2035,100,378],"class_list":["post-59347","post","type-post","status-publish","format-standard","has-post-thumbnail","hentry","category-otomobil","tag-arac","tag-artis","tag-fiyatlar","tag-milyon","tag-yuzde-1"],"_links":{"self":[{"href":"https:\/\/ikimisli.tr\/index.php\/wp-json\/wp\/v2\/posts\/59347","targetHints":{"allow":["GET"]}}],"collection":[{"href":"https:\/\/ikimisli.tr\/index.php\/wp-json\/wp\/v2\/posts"}],"about":[{"href":"https:\/\/ikimisli.tr\/index.php\/wp-json\/wp\/v2\/types\/post"}],"author":[{"embeddable":true,"href":"https:\/\/ikimisli.tr\/index.php\/wp-json\/wp\/v2\/users\/1"}],"replies":[{"embeddable":true,"href":"https:\/\/ikimisli.tr\/index.php\/wp-json\/wp\/v2\/comments?post=59347"}],"version-history":[{"count":1,"href":"https:\/\/ikimisli.tr\/index.php\/wp-json\/wp\/v2\/posts\/59347\/revisions"}],"predecessor-version":[{"id":59349,"href":"https:\/\/ikimisli.tr\/index.php\/wp-json\/wp\/v2\/posts\/59347\/revisions\/59349"}],"wp:featuredmedia":[{"embeddable":true,"href":"https:\/\/ikimisli.tr\/index.php\/wp-json\/wp\/v2\/media\/59348"}],"wp:attachment":[{"href":"https:\/\/ikimisli.tr\/index.php\/wp-json\/wp\/v2\/media?parent=59347"}],"wp:term":[{"taxonomy":"category","embeddable":true,"href":"https:\/\/ikimisli.tr\/index.php\/wp-json\/wp\/v2\/categories?post=59347"},{"taxonomy":"post_tag","embeddable":true,"href":"https:\/\/ikimisli.tr\/index.php\/wp-json\/wp\/v2\/tags?post=59347"}],"curies":[{"name":"wp","href":"https:\/\/api.w.org\/{rel}","templated":true}]}}