{"id":59380,"date":"2025-07-24T12:36:04","date_gmt":"2025-07-24T12:36:04","guid":{"rendered":"https:\/\/ikimisli.tr\/?p=59380"},"modified":"2025-07-24T12:36:04","modified_gmt":"2025-07-24T12:36:04","slug":"sirnakta-ormanlara-girisler-yasaklandi","status":"publish","type":"post","link":"https:\/\/ikimisli.tr\/index.php\/2025\/07\/24\/sirnakta-ormanlara-girisler-yasaklandi\/","title":{"rendered":"\u015e\u0131rnak\u2019ta ormanlara giri\u015fler yasakland\u0131"},"content":{"rendered":"<p>Valilikten yap\u0131lan a\u00e7\u0131klamada, 6831 say\u0131l\u0131 Orman Kanunu ile 5442 say\u0131l\u0131 Vilayet Y\u00f6netimi Kanunu&#8217;na dayan\u0131larak al\u0131nan kararla, kent sonlar\u0131 i\u00e7indeki ormanlara giri\u015f \u00e7\u0131k\u0131\u015flar\u0131n 1 Eyl\u00fcl 2025\u2019e kadar yasakland\u0131\u011f\u0131 belirtildi. Ayr\u0131yeten, ormanda mangal, semaver, havai fi\u015fek, dilek feneri \u00fczere ate\u015fli gere\u00e7lerin kullan\u0131m\u0131 da yasak kapsam\u0131na al\u0131nd\u0131. A\u00e7\u0131klamada \u015f\u00f6yle denildi:<\/p>\n<p>\u201c\u0130\u00e7inde bulundu\u011fumuz yaz mevsimiyle birlikte b\u00f6lgemizin hava s\u0131cakl\u0131klar\u0131nda g\u00f6r\u00fclen art\u0131\u015flar, ormanl\u0131k alanlarda a\u011f\u0131rla\u015fan insan ve ara\u00e7 hareketlili\u011fi ile taamm\u00fcden ya da kusurlu davran\u0131\u015flar sonucunda ilimiz ormanlar\u0131nda \u00f6nemli hasarlar olu\u015fturabilecek orman yang\u0131nlar\u0131n\u0131n \u00f6n\u00fcne ge\u00e7ebilmek hedefiyle bir dizi \u00f6nlem al\u0131nm\u0131\u015ft\u0131r. Bu kapsamda; 6831 say\u0131l\u0131 Orman Kanunu\u2019nun 74\u2019\u00fcnc\u00fc hususu ve 5442 say\u0131l\u0131 Vilayet Y\u00f6netimi Kanunu\u2019nun 9\u2019uncu ve 66\u2019nc\u0131 hususlar\u0131 uyar\u0131nca \u015e\u0131rnak ili sonlar\u0131 i\u00e7inde bulunan b\u00fct\u00fcn ormanl\u0131k alanlara giri\u015f ve \u00e7\u0131k\u0131\u015flar 22 Temmuz 2025 tarihinden itibaren 1 Eyl\u00fcl 2025 tarihine kadar yasaklanm\u0131\u015ft\u0131r. \u015e\u0131rnak ili genelinde b\u00fct\u00fcn ormanl\u0131k alanlarda; mangal, semaver ve gibisi ate\u015fli piknik yap\u0131lmas\u0131, dilek feneri, me\u015fale, havai fi\u015fek ve gibisi yang\u0131n \u00e7\u0131kmas\u0131na sebep olabilecek gere\u00e7ler sokulmas\u0131 ve kullan\u0131lmas\u0131 ile her t\u00fcrl\u00fc ate\u015f yak\u0131lmas\u0131 yasaklanm\u0131\u015ft\u0131r. Ormanlar\u0131n etraf\u0131nda yer alan ve i\u00e7inden ge\u00e7en yollarda, ormanlar\u0131n kenar\u0131nda mola vermek ve piknik yapmak da yasaklanm\u0131\u015ft\u0131r. Ayr\u0131yeten kara yollar\u0131 g\u00fczergah\u0131nda seyir halindeki ara\u00e7lardan yang\u0131na sebebiyet verebilecek sigara, \u015fi\u015fe, cam, \u00e7\u00f6p \u00fczere materyallerin at\u0131lmas\u0131 ve b\u0131rak\u0131lmas\u0131 yasakt\u0131r. Orman Kanunu\u2019nun 31\u2019inci ve 32\u2019nci hususlar\u0131 kapsam\u0131nda olan k\u00f6yler\/mahalleler ba\u015fta olmak \u00fczere, orman i\u00e7i, orman biti\u015fi\u011fi ve ormanla ili\u015fi\u011fi olmayan k\u00f6yler\/mahallelerde an\u0131z, ba\u011f\u00ad bah\u00e7e, zeytinlik ve tarla pakl\u0131\u011f\u0131 \u00fczere nedenlerle belirtilen tarihten itibaren 24 saat boyunca, t\u00fcm vakitli olarak denetimli ate\u015f yakmak dahil, a\u011fa\u00e7, kol ve her t\u00fcrl\u00fc bitki \u00f6rt\u00fcs\u00fcn\u00fcn yak\u0131lmas\u0131 yasakt\u0131r. Orman alan\u0131 civar\u0131ndaki tesisler ile sanayi kurulu\u015flar\u0131, orman alanlar\u0131n\u0131 etkileyebilecek her t\u00fcrl\u00fc faaliyet nedeniyle olu\u015fabilecek yang\u0131n riskine kar\u015f\u0131, \u00f6nleyici b\u00fct\u00fcn \u00f6nlemleri eksiksiz olarak alacaklard\u0131r. G\u00fc\u00e7 nakil s\u0131n\u0131rlar\u0131n\u0131n imal ve bak\u0131m\u0131 ile ilgili kurulu\u015flar, g\u00fc\u00e7 \u00e7izgilerinin bilhassa ormanl\u0131k alanlardan ge\u00e7en k\u0131s\u0131mlar\u0131nda gerekli bak\u0131mlar\u0131 ger\u00e7ekle\u015ftirecek, yang\u0131n riskine kar\u015f\u0131 her t\u00fcrl\u00fc \u00f6nlemi alacaklard\u0131r. B\u00fct\u00fcn belediyeler, orman i\u00e7i, orman kenar\u0131 ve biti\u015fi\u011finde bulunan \u00e7\u00f6p toplama alanlar\u0131 etraf\u0131nda muhafaza band\u0131 olu\u015fturacak ve yang\u0131n riskine kar\u015f\u0131 gerekli i\u015f makinelerini haz\u0131r bulunduracaklard\u0131r. Sokak hayvanlar\u0131n\u0131 beslemek emeliyle yasakl\u0131 alanlara girmek isteyenler, kimliklerini hangi mevkide ne vakit besleme yapacaklar\u0131n\u0131 ilgili il\u00e7e g\u00fcvenlik \u00fcniteleri ile Orman \u0130\u015fletme \u015eefliklerine bildirmek ve m\u00fcsaade almak kayd\u0131yla ormanda ya\u015fayan sokak hayvanlar\u0131n\u0131 besleyebileceklerdir. Bu bireyler yasakl\u0131 alanda piknik yapma ve ate\u015f yakma yasaklar\u0131ndan muaf de\u011fildirler. Kaymakaml\u0131klar ve \u015e\u0131rnak Orman \u0130\u015fletme M\u00fcd\u00fcrl\u00fc\u011f\u00fc\u2019n\u00fcn uyumu alt\u0131nda genel kolluk \u00fcniteleri ve orman koruma memurlar\u0131 taraf\u0131ndan bu kararla al\u0131nan \u00f6nlemler ve getirilen yasaklamalar\u0131n denetim ve kontrol\u00fc kesintisiz olarak yerine getirilecektir. Yasaklama karar\u0131na al\u0131\u015f\u0131lmam\u0131\u015f davrananlar hakk\u0131nda gerekli isimli ve idari s\u00fcre\u00e7ler ger\u00e7ekle\u015ftirilecektir. Bu karar \u015e\u0131rnak ili sonlar\u0131 i\u00e7indeki b\u00fct\u00fcn ormanl\u0131k alanlarda uygulan\u0131r. Yang\u0131n ihbarlar\u0131 ve bununla ilgili b\u00fct\u00fcn ku\u015fkulu durumlar 112 Acil Davet S\u0131n\u0131r\u0131 aranarak yap\u0131labilecektir. Yukarda unsurlar halinde say\u0131lan kararlara al\u0131\u015f\u0131lmam\u0131\u015f hareket edenler hakk\u0131nda 6831 say\u0131l\u0131 Orman Kanunu, T\u00fcrk Ceza Kanunu ve Kabahatler Kanunu kararlar\u0131na nazaran isimli ve idari s\u00fcre\u00e7 yap\u0131lacakt\u0131r. Bu karar kararlar\u0131 \u015e\u0131rnak Valili\u011fi taraf\u0131ndan y\u00fcr\u00fct\u00fcl\u00fcr.\u201d<\/p>\n","protected":false},"excerpt":{"rendered":"<p>\u015e\u0131rnak Valili\u011fi, yaz mevsimiyle birlikte artan hava s\u0131cakl\u0131klar\u0131 ve insan hareketlili\u011fi nedeniyle yang\u0131nlar\u0131 \u00f6nlemek gayesiyle 1 Eyl\u00fcl&#8217;e kadar ormana giri\u015f ve \u00e7\u0131k\u0131\u015flar\u0131n yasakland\u0131\u011f\u0131n\u0131 duyurdu.<\/p>\n","protected":false},"author":1,"featured_media":59381,"comment_status":"open","ping_status":"open","sticky":false,"template":"","format":"standard","meta":{"footnotes":""},"categories":[25],"tags":[428,4760,775,505,1677],"class_list":["post-59380","post","type-post","status-publish","format-standard","has-post-thumbnail","hentry","category-gundem","tag-alan","tag-kanunu","tag-kara","tag-orman","tag-yasak"],"_links":{"self":[{"href":"https:\/\/ikimisli.tr\/index.php\/wp-json\/wp\/v2\/posts\/59380","targetHints":{"allow":["GET"]}}],"collection":[{"href":"https:\/\/ikimisli.tr\/index.php\/wp-json\/wp\/v2\/posts"}],"about":[{"href":"https:\/\/ikimisli.tr\/index.php\/wp-json\/wp\/v2\/types\/post"}],"author":[{"embeddable":true,"href":"https:\/\/ikimisli.tr\/index.php\/wp-json\/wp\/v2\/users\/1"}],"replies":[{"embeddable":true,"href":"https:\/\/ikimisli.tr\/index.php\/wp-json\/wp\/v2\/comments?post=59380"}],"version-history":[{"count":1,"href":"https:\/\/ikimisli.tr\/index.php\/wp-json\/wp\/v2\/posts\/59380\/revisions"}],"predecessor-version":[{"id":59382,"href":"https:\/\/ikimisli.tr\/index.php\/wp-json\/wp\/v2\/posts\/59380\/revisions\/59382"}],"wp:featuredmedia":[{"embeddable":true,"href":"https:\/\/ikimisli.tr\/index.php\/wp-json\/wp\/v2\/media\/59381"}],"wp:attachment":[{"href":"https:\/\/ikimisli.tr\/index.php\/wp-json\/wp\/v2\/media?parent=59380"}],"wp:term":[{"taxonomy":"category","embeddable":true,"href":"https:\/\/ikimisli.tr\/index.php\/wp-json\/wp\/v2\/categories?post=59380"},{"taxonomy":"post_tag","embeddable":true,"href":"https:\/\/ikimisli.tr\/index.php\/wp-json\/wp\/v2\/tags?post=59380"}],"curies":[{"name":"wp","href":"https:\/\/api.w.org\/{rel}","templated":true}]}}