{"id":59413,"date":"2025-07-24T14:36:05","date_gmt":"2025-07-24T14:36:05","guid":{"rendered":"https:\/\/ikimisli.tr\/?p=59413"},"modified":"2025-07-24T14:36:05","modified_gmt":"2025-07-24T14:36:05","slug":"kandilli-uyardi-o-tarihlere-dikkat-istanbulda-sicaklik-rekoru-kirilacak","status":"publish","type":"post","link":"https:\/\/ikimisli.tr\/index.php\/2025\/07\/24\/kandilli-uyardi-o-tarihlere-dikkat-istanbulda-sicaklik-rekoru-kirilacak\/","title":{"rendered":"Kandilli uyard\u0131, o tarihlere dikkat: \u0130stanbul&#8217;da s\u0131cakl\u0131k rekoru k\u0131r\u0131lacak"},"content":{"rendered":"<p>\u0130stanbul&#8217;da AKOM&#8217;un &#8216;En s\u0131cak g\u00fcn&#8217; ikaz\u0131n\u0131n akabinde kentte s\u0131cakl\u0131k 35 derecenin \u00fczerine \u00e7\u0131kt\u0131. S\u0131cak havadan bunalanlar k\u0131y\u0131 ve parklara ak\u0131n ederken, \u00c7engelk\u00f6y K\u0131y\u0131s\u0131&#8217;ndaki vatanda\u015flar denize girerek serinledi. Kandilli Rasathanesi Meteoroloji Laboratuvar\u0131 Meteoroloji M\u00fchendisi Adil Tek, ihtarlarda bulunarak &#8220;Bu ay\u0131n 25 ve 26&#8217;s\u0131nda \u0130stanbul&#8217;da s\u0131cakl\u0131k bedellerinin 43-44 derecelere kadar \u00e7\u0131kaca\u011f\u0131n\u0131 iddia ediyoruz. \u0130stanbul&#8217;da s\u0131cakl\u0131k rekoru k\u0131r\u0131lma ihtimali bulunuyor. Cuma ve Cumartesi g\u00fcn\u00fc en pik bedellerine \u00e7\u0131km\u0131\u015f olacak. Cuma Cumartesi g\u00fcn\u00fc s\u0131cakl\u0131klar en y\u00fcksek pahalara \u00e7\u0131kacak.&#8221; dedi.<\/p>\n<p><img decoding=\"async\" src=\"https:\/\/ikimisli.tr\/wp-content\/uploads\/2025\/07\/kandilli-uyardi-o-tarihlere-dikkat-istanbulda-sicaklik-rekoru-kirilacak-0-IpNWpcwU.jpg\"\/><\/p>\n<p>Tek, &#8220;Bu s\u0131cakl\u0131klar d\u00fc\u015fmeye ba\u015flad\u0131ktan sonra 4-5 g\u00fcn daha devam edip A\u011fustos&#8217;un 5&#8217;i itibariyle yeni bir s\u0131cak hava dalgas\u0131 uzakta g\u00f6z\u00fck\u00fcyor. O s\u0131cak hava dalgas\u0131n\u0131n \u015fu anki ya\u015fad\u0131klar\u0131m\u0131zdan ortam s\u0131cakl\u0131\u011f\u0131n\u0131 daha da art\u0131raca\u011f\u0131 g\u00f6z\u00fck\u00fcyor.&#8221; diye konu\u015ftu.<\/p>\n<p>\u0130BB Afet \u0130\u015fleri Dairesi AKOM, Afrika k\u00f6kenli s\u0131cak hava dalgas\u0131n\u0131n \u0130stanbul ba\u015fta olmak \u00fczere T\u00fcrkiye&#8217;nin b\u00fcy\u00fck k\u0131sm\u0131nda tesirli olaca\u011f\u0131n\u0131 duyurdu. \u0130stanbul&#8217;da mevsim normalleri \u00fczerinde seyreden hava s\u0131cakl\u0131\u011f\u0131 vatanda\u015flar\u0131 bunaltt\u0131. Baz\u0131lar\u0131 k\u0131y\u0131 kenar\u0131nda serinlerken, baz\u0131lar\u0131 ise denize girerek s\u0131cak havan\u0131n tesirinden kendisini muhafazaya \u00e7al\u0131\u015ft\u0131. \u00c7engelk\u00f6y K\u0131y\u0131s\u0131&#8217;nda ise s\u0131caktan bunalanlar denize girdi; birtak\u0131m vatanda\u015flar ise, parklarda vakit ge\u00e7irerek serinlemeye \u00e7al\u0131\u015ft\u0131.<\/p>\n<p>Kandilli Rasathanesi Meteoroloji Laboratuvar\u0131 Meteoroloji M\u00fchendisi Adil Tek Tek, &#8220;Kuzey Afrika \u00fczerinden gelen ak\u0131\u015flar var. Ge\u00e7ti\u011fimiz hafta sonundan itibaren gelen bir ak\u0131\u015ft\u0131r bu. \u00d6ncelikle Afrika&#8217;n\u0131n bat\u0131s\u0131ndan Fas, Tunus \u00fczerinden akan hava, \u0130talya ve Yunanistan \u00fczerinden bizlere hakikat geldi. S\u0131cakl\u0131k pahalar\u0131n\u0131 mevsim normallerinin \u00fczerine \u00e7\u0131kard\u0131. Bu s\u0131cak hava dalgas\u0131 Afrika \u00fczerinden biraz daha dik gelmeye ba\u015flad\u0131 ve d\u00fcnden itibaren de bu s\u0131cakl\u0131klar\u0131 daha da artt\u0131rd\u0131 ki \u0130stanbul&#8217;da 40 dereceye ula\u015fan s\u0131cakl\u0131k pahalar\u0131 vard\u0131. Bu s\u0131cakl\u0131k bedelleri daha evvel \u00e7ok s\u0131k rastlanan k\u0131ymetler de\u011fil. \u0130stanbul&#8217;da en y\u00fcksek \u00f6l\u00e7\u00fclen derler 41.3\u2019t\u00fc. Ola\u011fan ki \u0130stanbul&#8217;un g\u00fcney il\u00e7elerinde bu pahalar biraz daha y\u00fcksek olabilir. &#8220;dedi.<\/p>\n<p><b>CUMA VE CUMARTES\u0130 G\u00dcN\u00dcNE D\u0130KKAT!<\/b><\/p>\n<p>Tek, &#8220;\u0130stanbul&#8217;daki s\u0131cakl\u0131k k\u0131ymetleri bug\u00fcn devam ediyor. Yar\u0131n da yeniden birebir halde s\u00fcr\u00fcyor olacak lakin cuma g\u00fcn\u00fcnden itibaren bu s\u0131cakl\u0131k yerleri birka\u00e7 derece daha art\u0131\u015f g\u00f6sterecek ki \u0130stanbul&#8217;da daha evvelki s\u0131cakl\u0131k bedellerinin \u00e7ok daha \u00fczerine \u00e7\u0131k\u0131lm\u0131\u015f olacak. \u0130stanbul&#8217;da s\u0131cakl\u0131k rekoru k\u0131r\u0131lma ihtimali bulunuyor. Cuma ve cumartesi g\u00fcn\u00fc en pik bedellerine \u00e7\u0131km\u0131\u015f olacak. Cuma Cumartesi g\u00fcn\u00fc s\u0131cakl\u0131klar en y\u00fcksek bedellere \u00e7\u0131kacak. Pazar g\u00fcn\u00fcnden itibaren de s\u0131cakl\u0131klar tekrar yava\u015f yava\u015f kademeli olarak \u00f6n\u00fcm\u00fczdeki g\u00fcnlerde yani Pazar, Pazartesi, Sal\u0131 biraz daha d\u00fc\u015fmeye ba\u015flayacak&#8221; dedi.<\/p>\n<p><b>&#8216;5 A\u011eUSTOS \u0130T\u0130BAR\u0130YLE YEN\u0130 B\u0130R SICAK HAVA DALGASI G\u00d6Z\u00dcK\u00dcYOR&#8217;<\/b><\/p>\n<p>Adil Tek, &#8220;Bu s\u0131cakl\u0131klar d\u00fc\u015fmeye ba\u015flad\u0131ktan sonra 4-5 g\u00fcn daha devam edip A\u011fustos&#8217;un 5\u2019i itibariyle yeni bir s\u0131cak hava dalgas\u0131 uzakta g\u00f6z\u00fck\u00fcyor. O s\u0131cak hava dalgas\u0131n\u0131n \u015fu anki ya\u015fad\u0131klar\u0131m\u0131zdan daha da ortam s\u0131cakl\u0131\u011f\u0131n\u0131 art\u0131raca\u011f\u0131 g\u00f6z\u00fck\u00fcyor. Bu sene s\u0131cak hava dalgalar\u0131na \u00e7ok daha fazla maruz kald\u0131k ge\u00e7en seneye g\u00f6re. Bu yakla\u015f\u0131k be\u015finci s\u0131cak hava dalgas\u0131. Bulundu\u011fumuz noktada s\u0131cakl\u0131klar 35 derece civar\u0131nda olurken, \u0130stanbul&#8217;da biraz daha i\u00e7 b\u00f6l\u00fcmlere hakikat \u00f6rne\u011fin Sancaktepe&#8217;de 40-41 derecelere kadar \u00e7\u0131k\u0131yor. \u015ei\u015fli&#8217;de bug\u00fcn esasen 41 dereceleri a\u015fm\u0131\u015f durumda s\u0131cakl\u0131klar. Bilhassa s\u0131cakl\u0131\u011f\u0131n 40 derece \u00fczerine \u00e7\u0131kt\u0131\u011f\u0131 il\u00e7eler, Sancaktepe, \u00dcmraniye Anadolu Yakas\u0131nda Tuzla, Pendik\u2019in i\u00e7 k\u0131s\u0131mlar\u0131 buralar y\u00fcksek s\u0131cakl\u0131klar\u0131n tesirinde kal\u0131yor. Avrupa Yakas\u0131nda ise yeniden Beylikd\u00fcz\u00fc, denize uzak olan yerler yani \u015ei\u015fli \u00fczere il\u00e7eler Ka\u011f\u0131thane \u00fczere il\u00e7eler s\u0131cakl\u0131\u011f\u0131 daha da fazla hisseden il\u00e7eler ortas\u0131nda. \u0130stanbul&#8217;da Sar\u0131yer, Beykoz \u00fczere il\u00e7elerde s\u0131cakl\u0131k pahalar\u0131 biraz daha kuzeye yak\u0131n olmas\u0131ndan \u00f6t\u00fcr\u00fc birka\u00e7 derece daha d\u00fc\u015f\u00fck. Bug\u00fcn 40 dereceye ula\u015fan k\u0131ymetler ,ki atmosferik \u015fartlar havan\u0131n daha da \u0131s\u0131naca\u011f\u0131n\u0131 bize g\u00f6steriyor.&#8221; diye konu\u015ftu<\/p>\n<p><b>&#8216;BU EKSTREM BEDELLER \u00c7OK SIK RASTLANAN BEDELLER DE\u011e\u0130L&#8217;<\/b><\/p>\n<p>Adil Tek, &#8220;Bu ay\u0131n 25 ve 26\u2019s\u0131nda \u0130stanbul&#8217;da s\u0131cakl\u0131k k\u0131ymetlerinin 43-44 derecelere kadar \u00e7\u0131kaca\u011f\u0131n\u0131 varsay\u0131m ediyoruz ki bunun sebebi esasen bug\u00fcnlerde s\u0131cakl\u0131klar\u0131n 40 dereceye \u00e7\u0131km\u0131\u015f olmas\u0131 atmosferik \u015fartlar\u0131n, Kuzey Afrika \u00fczerinden gelen bask\u0131n\u0131n, s\u0131cak hava ak\u0131\u015f\u0131n\u0131n o g\u00fcnlerde en y\u00fcksek d\u00fczeye \u00e7\u0131kmas\u0131 bu m\u00fcmk\u00fcnl\u00fc\u011f\u00fc g\u00fc\u00e7lendiriyor, kuvvetlendiriyor. Bug\u00fcnk\u00fc varsay\u0131mlar\u0131m\u0131z, bug\u00fcnk\u00fc ula\u015f\u0131lan s\u0131cakl\u0131k pahalar\u0131 ve devam eden Afrika \u00fczerindeki ak\u0131\u015f\u0131n s\u00fcrmesi bu s\u0131cakl\u0131klar\u0131n daha da artaca\u011f\u0131n\u0131 g\u00f6steriyor. S\u0131cakl\u0131k rekoru k\u0131r\u0131lacak g\u00f6z\u00fck\u00fcyor. \u0130stanbul genelinde \u015fu anda s\u0131caklar k\u0131y\u0131 k\u0131s\u0131mlarda 35 dereceler civar\u0131nda. Kuzeye \u00e7\u0131kt\u0131k\u00e7a 33-34 derecelere \u00e7\u0131k\u0131yor. Deniz \u00fcst\u00fcnde biraz daha d\u00fc\u015f\u00fck s\u0131cakl\u0131k bedelleri 29-30 derece civar\u0131nda. \u0130stanbul&#8217;da i\u00e7 b\u00f6l\u00fcmlerde s\u0131cakl\u0131k pahalar\u0131 35 derecelerin \u00fczerinde yani, 37-38 dereceleri buluyor. Bu ekstrem pahalar \u00e7ok s\u0131k rastlanan pahalar de\u011fil. Bunu global iklim de\u011fi\u015fikli\u011fine ba\u011fl\u0131yoruz&#8221; s\u00f6zlerini kulland\u0131.<\/p>\n<p><b>&#8216;K\u0130RL\u0130 HAVA MARMARA DEN\u0130Z\u0130 \u00dcZER\u0130NDE YI\u011eILMI\u015eTI&#8217;<\/b><\/p>\n<p>Tek, &#8220;Bu sabah \u0130stanbul&#8217;da bug\u00fcn sabah ve \u00f6\u011flen saatleri ortas\u0131nda bilhassa Marmara Denizi&#8217;nin \u00fczerinde bulunan kirli hava g\u00f6z\u00fck\u00fcyordu. Bu kirli havan\u0131n olma olas\u0131l\u0131klar\u0131 bir tanesi enverziyon s\u0131cakl\u0131\u011f\u0131n y\u00fckseklikle artmamas\u0131 yahut azalmas\u0131 durumu. O y\u00fczden de \u0130stanbul&#8217;da \u00fcretilen kirli hava biraz da atmosferik \u015fartlar\u0131n etkisiyle Marmara Denizi \u00fczerinde y\u0131\u011f\u0131lm\u0131\u015ft\u0131. R\u00fczgar yoktu \u00e7ok sakin bir hava vard\u0131, \u00e7ok d\u00fc\u015f\u00fck r\u00fczgar vard\u0131. Bununla birlikte Karadeniz etkile\u015fimi olu\u015fuyordu. Ondan \u00f6t\u00fcr\u00fc kara meltemi olu\u015fmu\u015ftu. Deniz \u00fczerinde bir kirlilik vard\u0131. Biz bu kirlili\u011fe bazen fotokimyasal hava kirlili\u011fi ve biraz da Marmara Denizi \u00fczerinde bazen ozon biriktirmesi oluyor. Bunun solunmas\u0131 mak\u00fbs ve s\u0131hhat a\u00e7\u0131s\u0131ndan riskli bir hava; ancak ilerleyen saatlerde \u0130stanbul\u2019da bu durum poyraz\u0131n tesiriyle ortadan kalkm\u0131\u015f vaziyette&#8221; dedi.<\/p>\n<p><img decoding=\"async\" src=\"https:\/\/ikimisli.tr\/wp-content\/uploads\/2025\/07\/kandilli-uyardi-o-tarihlere-dikkat-istanbulda-sicaklik-rekoru-kirilacak-1-W3jLRjLT.jpg\"\/><\/p>\n<p><b>&#8216;\u0130STANBUL 44 DERECEY\u0130 G\u00d6REB\u0130L\u0130R&#8217;<\/b><\/p>\n<p>Tek, &#8220;Bug\u00fcn 40 dereceye kadar \u00e7\u0131kt\u0131k. 41 \u00f6l\u00e7\u00fclen yerler vard\u0131. 41 \u00f6l\u00e7\u00fclen yerlerde s\u0131cakl\u0131k k\u0131ymetlerinin 44 derecelere kadar Cuma Cumartesi \u00e7\u0131kma m\u00fcmk\u00fcnl\u00fc\u011f\u00fc bulunuyor. 44 dereceleri \u0130stanbul g\u00f6rebilir. Bu \u0130stanbul\u2019da daha evvel \u00f6l\u00e7\u00fclmemi\u015f en y\u00fcksek s\u0131cakl\u0131k olma m\u00fcmk\u00fcnl\u00fc\u011f\u00fc bulunuyor. K\u0131y\u0131 b\u00f6l\u00fcmlerinde zati bulundu\u011fumuz noktada 35 derecelerde, buralarda 38 dereceleri g\u00f6rebilir. Bug\u00fcne nazaran k\u0131yaslarsak yakla\u015f\u0131k Cumartesi&#8217;ye nazaran 2-3 derecelik s\u0131cakl\u0131k art\u0131\u015f\u0131 daha bekliyoruz&#8221; dedi.<\/p>\n<p><b>&#8216;SICAKTAN KA\u00c7MAK \u0130\u00c7\u0130N KIYIYA GELD\u0130K&#8217;<\/b><\/p>\n<p>\u0130stanbul&#8217;da tesirli olan s\u0131cak havadan bunalanlar ise k\u0131y\u0131lara ve parklara ak\u0131n etti. \u00c7engelk\u00f6y K\u0131y\u0131s\u0131&#8217;nda kimi vatanda\u015flar denize girdi; kimileri ise, parklarda vakit ge\u00e7irerek serinlemeye \u00e7al\u0131\u015ft\u0131. Nuran \u00d6zmen, &#8220;Bunal\u0131yoruz, isteriz serin bir hava olsun, esinti daha \u00e7ok olsun rahatlayal\u0131m. Bizim i\u00e7in \u00e7ok s\u0131k\u0131nt\u0131 bir durum fakat yani yapacak bir\u015fey yok. \u00c7ok s\u0131cak, baya\u011f\u0131 s\u0131cak. Kronik rahats\u0131zl\u0131klar\u0131mda var lakin buraya serinlemek i\u00e7in geldik. Kendimizi buraya s\u0131k\u0131nt\u0131 att\u0131k. S\u00fcveybe Yaz\u0131c\u0131 ise, &#8220;\u00c7ok s\u0131cak havalar sahiden. Biz de s\u0131cak havalardan ka\u00e7mak i\u00e7in k\u0131y\u0131ya geliyoruz. Bu halde g\u00fcn\u00fc ge\u00e7iriyoruz. Ak\u015fam da durulmuyor, g\u00fcnd\u00fcz de durulmuyor. Hakikaten \u00e7ok bunalt\u0131c\u0131 s\u0131caklar. Bir de Cumartesi 40 dereceyi a\u015faca\u011f\u0131n\u0131 s\u00f6yl\u00fcyorlar. Ne yapaca\u011f\u0131z bilmiyorum. Konutlarda de duram\u0131yoruz, d\u0131\u015far\u0131da duram\u0131yoruz. Nerede g\u00f6lge varsa oraya geliyoruz&#8221; dedi.<\/p>\n<p><img decoding=\"async\" src=\"https:\/\/ikimisli.tr\/wp-content\/uploads\/2025\/07\/kandilli-uyardi-o-tarihlere-dikkat-istanbulda-sicaklik-rekoru-kirilacak-2-RDWrgSbb.jpg\"\/><\/p>\n","protected":false},"excerpt":{"rendered":"<p>Kandilli Rasathanesi Meteoroloji Laboratuvar\u0131 Meteoroloji M\u00fchendisi Adil Tek, AKOM&#8217;un &#8216;En s\u0131cak g\u00fcn&#8217; ikaz\u0131n\u0131n akabinde Cuma ve Cumartesi g\u00fcn\u00fcn\u00fc i\u015faret ederek de\u011ferli ihtarlarda bulundu.<\/p>\n","protected":false},"author":1,"featured_media":59414,"comment_status":"open","ping_status":"open","sticky":false,"template":"","format":"standard","meta":{"footnotes":""},"categories":[25],"tags":[7782,3810,278,7781,725],"class_list":["post-59413","post","type-post","status-publish","format-standard","has-post-thumbnail","hentry","category-gundem","tag-degerler","tag-istanbulda","tag-sicak","tag-sicaklik-degerleri","tag-uzerinde"],"_links":{"self":[{"href":"https:\/\/ikimisli.tr\/index.php\/wp-json\/wp\/v2\/posts\/59413","targetHints":{"allow":["GET"]}}],"collection":[{"href":"https:\/\/ikimisli.tr\/index.php\/wp-json\/wp\/v2\/posts"}],"about":[{"href":"https:\/\/ikimisli.tr\/index.php\/wp-json\/wp\/v2\/types\/post"}],"author":[{"embeddable":true,"href":"https:\/\/ikimisli.tr\/index.php\/wp-json\/wp\/v2\/users\/1"}],"replies":[{"embeddable":true,"href":"https:\/\/ikimisli.tr\/index.php\/wp-json\/wp\/v2\/comments?post=59413"}],"version-history":[{"count":1,"href":"https:\/\/ikimisli.tr\/index.php\/wp-json\/wp\/v2\/posts\/59413\/revisions"}],"predecessor-version":[{"id":59418,"href":"https:\/\/ikimisli.tr\/index.php\/wp-json\/wp\/v2\/posts\/59413\/revisions\/59418"}],"wp:featuredmedia":[{"embeddable":true,"href":"https:\/\/ikimisli.tr\/index.php\/wp-json\/wp\/v2\/media\/59414"}],"wp:attachment":[{"href":"https:\/\/ikimisli.tr\/index.php\/wp-json\/wp\/v2\/media?parent=59413"}],"wp:term":[{"taxonomy":"category","embeddable":true,"href":"https:\/\/ikimisli.tr\/index.php\/wp-json\/wp\/v2\/categories?post=59413"},{"taxonomy":"post_tag","embeddable":true,"href":"https:\/\/ikimisli.tr\/index.php\/wp-json\/wp\/v2\/tags?post=59413"}],"curies":[{"name":"wp","href":"https:\/\/api.w.org\/{rel}","templated":true}]}}