{"id":59426,"date":"2025-07-24T15:12:02","date_gmt":"2025-07-24T15:12:02","guid":{"rendered":"https:\/\/ikimisli.tr\/?p=59426"},"modified":"2025-07-24T15:12:02","modified_gmt":"2025-07-24T15:12:02","slug":"istanbulda-tornavidali-dehset-kamerada","status":"publish","type":"post","link":"https:\/\/ikimisli.tr\/index.php\/2025\/07\/24\/istanbulda-tornavidali-dehset-kamerada\/","title":{"rendered":"\u0130stanbul&#8217;da tornavidal\u0131 deh\u015fet kamerada"},"content":{"rendered":"<p>\u0130stanbul&#8217;un Zeytinburnu il\u00e7esinde tornavidal\u0131 sald\u0131rgan, Murat Ye\u015filay&#8217;\u0131 i\u015f yerinin \u00f6n\u00fcnde ba\u015f\u0131ndan ve s\u0131rt\u0131ndan yaralayarak ka\u00e7t\u0131. Olay an\u0131 g\u00fcvenlik kameralar\u0131na yans\u0131rken polis \u015f\u00fcpheliyi yakalamak i\u00e7in \u00e7al\u0131\u015fma ba\u015flatt\u0131.<\/p>\n<p>Al\u0131nan bilgiye g\u00f6re Yenido\u011fan Mahallesi \u015eehit Komiser G\u00fcnayd\u0131n Caddesi&#8217;nde bulunan i\u015f yerinin \u00f6n\u00fcnde \u00e7ay i\u00e7en Murat Ye\u015filay&#8217;\u0131n gerisinden gelen ki\u015fi, elindeki tornavida ile sald\u0131rd\u0131.<\/p>\n<p>Ye\u015filay, ba\u015f\u0131na ve s\u0131rt\u0131na ald\u0131\u011f\u0131 darbelerle hafif yaralan\u0131rken ku\u015fkulu olay yerinden ko\u015farak ka\u00e7t\u0131.<\/p>\n<p>112 Acil Davet Merkezi&#8217;ne yap\u0131lan ihbar \u00fczerine olay yerine gelen polis gruplar\u0131, i\u015f yerinin g\u00fcvenlik kameralar\u0131n\u0131 incelemeye ald\u0131.<\/p>\n<p>Daha evvel arabalar\u0131n camlar\u0131n\u0131 tornavida ile k\u0131rd\u0131\u011f\u0131 ve iki bayana sald\u0131rd\u0131\u011f\u0131 tez edilen \u015f\u00fcphelinin yakalanmas\u0131 i\u00e7in \u00e7al\u0131\u015fma ba\u015flat\u0131ld\u0131.<\/p>\n<p>Tornavidal\u0131 h\u00fccum an\u0131 ise g\u00fcvenlik kameralar\u0131na yans\u0131d\u0131.<\/p>\n<p><b>&#8216;ADAM KEND\u0130NDE DE\u011e\u0130L YAN\u0130 &#8216;AB\u0130 BANA VURMA&#8217; D\u0130YOR&#8217;<\/b><\/p>\n<p>Sald\u0131r\u0131ya u\u011frayan i\u015f yeri sahibi Murat Ye\u015filay, &#8220;Sabah d\u00fckkan\u0131 a\u00e7t\u0131m. Biri geldi su ald\u0131 ondan sonra d\u0131\u015far\u0131 \u00e7\u0131kt\u0131\u011f\u0131mda asl\u0131nda kendi kendine s\u00f6yleniyordu. O s\u0131rada elinde \u00e7ay vard\u0131 \u00e7\u0131k\u0131nca ba\u015f\u0131mda 2-3 sefer bir \u015fey hissetim tam gerime d\u00f6n\u00fcp bakt\u0131\u011f\u0131mda \u00e7ocu\u011fu g\u00f6rd\u00fcm. Birinci sefer g\u00f6rd\u00fcm onu. Adam\u0131 zapt etmeye \u00e7al\u0131\u015f\u0131yorum lakin yapam\u0131yorum zira adam benden uzun uzunluklu hem de d\u00fczg\u00fcn sall\u0131yor. Ben oradan ko\u015farken s\u00fcp\u00fcrgeyi ald\u0131m, adam kendinde de\u011fil yani &#8216;abi bana vurma&#8217; diyor. Kendinde de\u011fil adam, bende ondan sonra bir \u015fey yapamad\u0131 zaten&#8221; tabirlerini kulland\u0131.<\/p>\n","protected":false},"excerpt":{"rendered":"<p>\u0130stanbul&#8217;da bir i\u015f yeri sahibine d\u00fczenlenen tornavidal\u0131 h\u00fccum g\u00fcvenlik kameralar\u0131na yans\u0131d\u0131.<\/p>\n","protected":false},"author":1,"featured_media":59427,"comment_status":"open","ping_status":"open","sticky":false,"template":"","format":"standard","meta":{"footnotes":""},"categories":[25],"tags":[215,183],"class_list":["post-59426","post","type-post","status-publish","format-standard","has-post-thumbnail","hentry","category-gundem","tag-adam","tag-yeri"],"_links":{"self":[{"href":"https:\/\/ikimisli.tr\/index.php\/wp-json\/wp\/v2\/posts\/59426","targetHints":{"allow":["GET"]}}],"collection":[{"href":"https:\/\/ikimisli.tr\/index.php\/wp-json\/wp\/v2\/posts"}],"about":[{"href":"https:\/\/ikimisli.tr\/index.php\/wp-json\/wp\/v2\/types\/post"}],"author":[{"embeddable":true,"href":"https:\/\/ikimisli.tr\/index.php\/wp-json\/wp\/v2\/users\/1"}],"replies":[{"embeddable":true,"href":"https:\/\/ikimisli.tr\/index.php\/wp-json\/wp\/v2\/comments?post=59426"}],"version-history":[{"count":1,"href":"https:\/\/ikimisli.tr\/index.php\/wp-json\/wp\/v2\/posts\/59426\/revisions"}],"predecessor-version":[{"id":59428,"href":"https:\/\/ikimisli.tr\/index.php\/wp-json\/wp\/v2\/posts\/59426\/revisions\/59428"}],"wp:featuredmedia":[{"embeddable":true,"href":"https:\/\/ikimisli.tr\/index.php\/wp-json\/wp\/v2\/media\/59427"}],"wp:attachment":[{"href":"https:\/\/ikimisli.tr\/index.php\/wp-json\/wp\/v2\/media?parent=59426"}],"wp:term":[{"taxonomy":"category","embeddable":true,"href":"https:\/\/ikimisli.tr\/index.php\/wp-json\/wp\/v2\/categories?post=59426"},{"taxonomy":"post_tag","embeddable":true,"href":"https:\/\/ikimisli.tr\/index.php\/wp-json\/wp\/v2\/tags?post=59426"}],"curies":[{"name":"wp","href":"https:\/\/api.w.org\/{rel}","templated":true}]}}