{"id":5947,"date":"2025-01-22T18:23:59","date_gmt":"2025-01-22T18:23:59","guid":{"rendered":"https:\/\/ikimisli.tr\/?p=5947"},"modified":"2025-01-22T18:23:59","modified_gmt":"2025-01-22T18:23:59","slug":"musilaj-sonrasi-denetim-nedeni-onlar-mi","status":"publish","type":"post","link":"https:\/\/ikimisli.tr\/index.php\/2025\/01\/22\/musilaj-sonrasi-denetim-nedeni-onlar-mi\/","title":{"rendered":"M\u00fcsilaj sonras\u0131 denetim: Nedeni onlar m\u0131?"},"content":{"rendered":"<p>Marmara Denizi&#8217;nde g\u00f6r\u00fclmeye ba\u015flayan m\u00fcsilaj nedeniyle Tekirda\u011f&#8217;da Etraf, \u015eehircilik ve \u0130klim De\u011fi\u015fikli\u011fi M\u00fcd\u00fcrl\u00fc\u011f\u00fc gruplar\u0131, at\u0131k su ar\u0131tma tesislerinde kontrollerde bulunup, numune ald\u0131.<\/p>\n<p>Marmara Denizi&#8217;nde tekrar g\u00f6r\u00fclmeye ba\u015flayan m\u00fcsilajla ilgili, Tekirda\u011f Etraf, \u015eehircilik ve \u0130klim De\u011fi\u015fikli\u011fi \u0130l M\u00fcd\u00fcrl\u00fc\u011f\u00fc gruplar\u0131, at\u0131k sularda kontrollerde bulundu.<\/p>\n<p>M\u00fcd\u00fcrl\u00fckten yap\u0131lan a\u00e7\u0131klamada, &#8220;Marmara Denizi&#8217;nde tespit edilen m\u00fcsilaj olu\u015fumlar\u0131 sonucunda Marmara Denizi&#8217;ne k\u0131y\u0131 olan 7 vilayette e\u015f vakitli olarak Etraf, \u015eehircilik ve \u0130klim De\u011fi\u015fikli\u011fi Bakanl\u0131\u011f\u0131m\u0131zca ba\u015flat\u0131lan etraf kontrolleri kapsam\u0131nda; Tekirda\u011f vilayetimizde Marmara Denizi&#8217;ne at\u0131k su de\u015farj\u0131 bulunan Su ve Kanalizasyon Y\u00f6netimi&#8217;ne ili\u015fkin kentsel at\u0131k su ar\u0131tma tesisleri, organize sanayi b\u00f6lgelerine ili\u015fkin at\u0131k su ar\u0131tma tesisleri ile m\u00fcnferit sanayi ve evsel at\u0131k su ar\u0131tma tesislerinde, 6 Ocak 2025 tarihi itibariyle kontroller ba\u015flat\u0131lm\u0131\u015f ve toplam 33 adet tesis denetlenerek 29 adet at\u0131k su numunesi al\u0131narak tahlile g\u00f6nderilmi\u015fti. Bunun yan\u0131nda vilayetimizdeki derelerden Marmara Denizi&#8217;ne ula\u015fan kirlilik y\u00fck\u00fcn\u00fcn tespiti hedefiyle 3 noktadan bakanl\u0131\u011f\u0131m\u0131z etraf referans laboratuvar\u0131na ili\u015fkin ta\u015f\u0131nabilir su ve at\u0131k su tahlil laboratuvar\u0131 taraf\u0131ndan su numuneleri al\u0131nm\u0131\u015ft\u0131r&#8221; denildi.<\/p>\n","protected":false},"excerpt":{"rendered":"<p>M\u00fcsilaj olu\u015fumlar\u0131 nedeniyle Tekirda\u011f\u2019da at\u0131k su ar\u0131tma tesislerinde kontrol ger\u00e7ekle\u015ftirildi.<\/p>\n","protected":false},"author":1,"featured_media":5948,"comment_status":"open","ping_status":"open","sticky":false,"template":"","format":"standard","meta":{"footnotes":""},"categories":[25],"tags":[1574,1577,1575,1576],"class_list":["post-5947","post","type-post","status-publish","format-standard","has-post-thumbnail","hentry","category-gundem","tag-atik-su","tag-cevre","tag-marmara","tag-tesis"],"_links":{"self":[{"href":"https:\/\/ikimisli.tr\/index.php\/wp-json\/wp\/v2\/posts\/5947","targetHints":{"allow":["GET"]}}],"collection":[{"href":"https:\/\/ikimisli.tr\/index.php\/wp-json\/wp\/v2\/posts"}],"about":[{"href":"https:\/\/ikimisli.tr\/index.php\/wp-json\/wp\/v2\/types\/post"}],"author":[{"embeddable":true,"href":"https:\/\/ikimisli.tr\/index.php\/wp-json\/wp\/v2\/users\/1"}],"replies":[{"embeddable":true,"href":"https:\/\/ikimisli.tr\/index.php\/wp-json\/wp\/v2\/comments?post=5947"}],"version-history":[{"count":1,"href":"https:\/\/ikimisli.tr\/index.php\/wp-json\/wp\/v2\/posts\/5947\/revisions"}],"predecessor-version":[{"id":5949,"href":"https:\/\/ikimisli.tr\/index.php\/wp-json\/wp\/v2\/posts\/5947\/revisions\/5949"}],"wp:featuredmedia":[{"embeddable":true,"href":"https:\/\/ikimisli.tr\/index.php\/wp-json\/wp\/v2\/media\/5948"}],"wp:attachment":[{"href":"https:\/\/ikimisli.tr\/index.php\/wp-json\/wp\/v2\/media?parent=5947"}],"wp:term":[{"taxonomy":"category","embeddable":true,"href":"https:\/\/ikimisli.tr\/index.php\/wp-json\/wp\/v2\/categories?post=5947"},{"taxonomy":"post_tag","embeddable":true,"href":"https:\/\/ikimisli.tr\/index.php\/wp-json\/wp\/v2\/tags?post=5947"}],"curies":[{"name":"wp","href":"https:\/\/api.w.org\/{rel}","templated":true}]}}