{"id":59483,"date":"2025-07-24T18:24:02","date_gmt":"2025-07-24T18:24:02","guid":{"rendered":"https:\/\/ikimisli.tr\/?p=59483"},"modified":"2025-07-24T18:24:02","modified_gmt":"2025-07-24T18:24:02","slug":"kizilcik-serbetinden-ayrilmisti-yeni-adresi-belli-oldu","status":"publish","type":"post","link":"https:\/\/ikimisli.tr\/index.php\/2025\/07\/24\/kizilcik-serbetinden-ayrilmisti-yeni-adresi-belli-oldu\/","title":{"rendered":"K\u0131z\u0131lc\u0131k \u015eerbeti&#8217;nden ayr\u0131lm\u0131\u015ft\u0131; yeni adresi belli oldu"},"content":{"rendered":"<p>Show TV\u2019nin yeni d\u00f6nemdeki arg\u00fcmanl\u0131 \u00fcretimlerinden &#8216;Kadife Kelep\u00e7e&#8217;nin haz\u0131rl\u0131klar\u0131 s\u00fcratle devam ederken iki yeni oyuncu transferi daha duyuruldu.<\/p>\n<p><b>BOZOKLU VE YAKUT&#8217;UN YEN\u0130 ADRES\u0130 A\u015e\u0130K\u00c2R OLDU<\/b><\/p>\n<p>Yap\u0131mc\u0131l\u0131\u011f\u0131n\u0131 Erol Avc\u0131\u2019n\u0131n \u00fcstlendi\u011fi, kurucu direkt\u00f6rl\u00fc\u011f\u00fcn\u00fc Selim Demirdelen\u2019in yapt\u0131\u011f\u0131 dizi, oyuncu tak\u0131m\u0131n\u0131 g\u00fc\u00e7lendirmeyi s\u00fcrd\u00fcr\u00fcyor. Emre \u00d6zd\u00fcr, Hazar Kozice ve Ezgi \u0130dil Esen\u2019in kaleme ald\u0131\u011f\u0131 dizinin tak\u0131m\u0131na \u015eebnem Bozoklu ve \u0130htilal Yakut dahil oldu.\u00a0<\/p>\n<p><img decoding=\"async\" src=\"https:\/\/ikimisli.tr\/wp-content\/uploads\/2025\/07\/kizilcik-serbetinden-ayrilmisti-yeni-adresi-belli-oldu-0-H2GXHhQI.jpg\"\/><\/p>\n<p>Bozoklu, dizide Aydan\u2019\u0131n \u201cFiko\u201d lakapl\u0131 \u00e7ocukluk arkada\u015f\u0131 \u201cFikriye\u201d karakterine hayat verirken; Yakut ise Tar\u0131k\u2019\u0131n ablas\u0131 \u201cHayriye\u201d karakterini canland\u0131racak.<\/p>\n<p><b>D\u0130Z\u0130 BODRUM&#8217;DA \u00c7EK\u0130LECEK<\/b><\/p>\n<p>Dizinin \u00e7ekim yeri birinci etapta Bodrum olarak planlanm\u0131\u015ft\u0131, lakin \u00fcretim grubu \u00e7ekimlerin \u0130stanbul\u2019da devam etmesine karar verdi. B\u00f6ylelikle tak\u0131m\u0131 kadar yeriyle da dikkat \u00e7eken dizi, kent atmosferiyle izleyicinin kar\u015f\u0131s\u0131na \u00e7\u0131kacak.<\/p>\n<p>Dizide ayr\u0131yeten Seda Bakan, U\u011fur G\u00fcne\u015f, Celil Nal\u00e7akan ve Ahsen Ero\u011flu \u00fczere sevilen isimler bir ortaya geliyor. Bilhassa Celil Nal\u00e7akan\u2019\u0131n hayat verdi\u011fi Tar\u0131k karakteriyle kontakl\u0131 olarak sahneye \u00e7\u0131kacak Hayriye rol\u00fc, k\u0131ssada g\u00fc\u00e7l\u00fc bir aile ba\u011f\u0131 kuracak.<\/p>\n<p><img decoding=\"async\" src=\"https:\/\/ikimisli.tr\/wp-content\/uploads\/2025\/07\/kizilcik-serbetinden-ayrilmisti-yeni-adresi-belli-oldu-1-u7QkBBq4.jpg\"\/><\/p>\n<p>\u015eebnem Bozoklu\u2019nun canland\u0131raca\u011f\u0131 Fikriye karakteri ise Aydan\u2019\u0131n ge\u00e7mi\u015fine dair de\u011ferli ipu\u00e7lar\u0131 ta\u015f\u0131yacak. Bu dostluk dinami\u011fi dizinin dramatik yap\u0131s\u0131n\u0131 daha da derinle\u015ftirecek.<\/p>\n<p>\u00d6te yandan dizinin de\u011ferli karakterlerinden biri olan Efe i\u00e7in ise cast \u00e7al\u0131\u015fmalar\u0131 hala s\u00fcr\u00fcyor. Rol i\u00e7in g\u00f6r\u00fc\u015fmeler devam ederken, yak\u0131n vakitte yeni bir ismin daha tak\u0131ma kat\u0131lmas\u0131 bekleniyor.<\/p>\n","protected":false},"excerpt":{"rendered":"<p>K\u0131z\u0131lc\u0131k \u015eerbeti dizisinde Meri karakterini canland\u0131ran \u015eebnem Bozuklu ve \u015eakir Pa\u015fa Ailesi dizisinde Sara Han\u0131m karakteri canland\u0131ran \u0130htilal Yakut&#8217;un yeni adresi muhakkak oldu. \u0130ki \u00fcnl\u00fc oyuncu da eyni d\u00f6nemin arg\u00fcmanl\u0131 \u00fcretimlerinden olan &#8216;Kadife Kelep\u00e7e&#8217; dizisine dahil oldu.<\/p>\n","protected":false},"author":1,"featured_media":59484,"comment_status":"open","ping_status":"open","sticky":false,"template":"","format":"standard","meta":{"footnotes":""},"categories":[27],"tags":[600],"class_list":["post-59483","post","type-post","status-publish","format-standard","has-post-thumbnail","hentry","category-magazin","tag-dizi"],"_links":{"self":[{"href":"https:\/\/ikimisli.tr\/index.php\/wp-json\/wp\/v2\/posts\/59483","targetHints":{"allow":["GET"]}}],"collection":[{"href":"https:\/\/ikimisli.tr\/index.php\/wp-json\/wp\/v2\/posts"}],"about":[{"href":"https:\/\/ikimisli.tr\/index.php\/wp-json\/wp\/v2\/types\/post"}],"author":[{"embeddable":true,"href":"https:\/\/ikimisli.tr\/index.php\/wp-json\/wp\/v2\/users\/1"}],"replies":[{"embeddable":true,"href":"https:\/\/ikimisli.tr\/index.php\/wp-json\/wp\/v2\/comments?post=59483"}],"version-history":[{"count":1,"href":"https:\/\/ikimisli.tr\/index.php\/wp-json\/wp\/v2\/posts\/59483\/revisions"}],"predecessor-version":[{"id":59487,"href":"https:\/\/ikimisli.tr\/index.php\/wp-json\/wp\/v2\/posts\/59483\/revisions\/59487"}],"wp:featuredmedia":[{"embeddable":true,"href":"https:\/\/ikimisli.tr\/index.php\/wp-json\/wp\/v2\/media\/59484"}],"wp:attachment":[{"href":"https:\/\/ikimisli.tr\/index.php\/wp-json\/wp\/v2\/media?parent=59483"}],"wp:term":[{"taxonomy":"category","embeddable":true,"href":"https:\/\/ikimisli.tr\/index.php\/wp-json\/wp\/v2\/categories?post=59483"},{"taxonomy":"post_tag","embeddable":true,"href":"https:\/\/ikimisli.tr\/index.php\/wp-json\/wp\/v2\/tags?post=59483"}],"curies":[{"name":"wp","href":"https:\/\/api.w.org\/{rel}","templated":true}]}}