{"id":59512,"date":"2025-07-24T20:00:07","date_gmt":"2025-07-24T20:00:07","guid":{"rendered":"https:\/\/ikimisli.tr\/?p=59512"},"modified":"2025-07-24T20:00:07","modified_gmt":"2025-07-24T20:00:07","slug":"istanbulda-siddetli-patlama-valilikten-ilk-aciklama-geldi","status":"publish","type":"post","link":"https:\/\/ikimisli.tr\/index.php\/2025\/07\/24\/istanbulda-siddetli-patlama-valilikten-ilk-aciklama-geldi\/","title":{"rendered":"\u0130stanbul&#8217;da \u015fiddetli patlama: Valilikten ilk a\u00e7\u0131klama geldi"},"content":{"rendered":"<p>Beyo\u011flu\u2019nda 3 katl\u0131 binan\u0131n en alt kat\u0131ndaki b\u00fcfede patlama meydana geldi. Bina patlama sonras\u0131 \u00e7\u00f6kt\u00fc.<\/p>\n<p>Olay, saat 21.45 s\u0131ralar\u0131nda Bereketzade Mahallesi Yan\u0131kkap\u0131 Sokak&#8217;ta meydana geldi. 3 katl\u0131 binan\u0131n yer kat\u0131ndaki b\u00fcfe de meydana gelen patlaman\u0131n akabinde olay yerine \u00e7ok say\u0131da itfaiye, AFAD ve UMKE tak\u0131m\u0131 sevk edildi. Patlaman\u0131n akabinde binada \u00e7\u00f6kt\u00fc. Tak\u0131mlar\u0131n, olay yerinde arama-kurtarma \u00e7al\u0131\u015fmalar\u0131 s\u00fcr\u00fcyor.<\/p>\n<p><b>PATLAMA ANI KAMERADA<\/b><\/p>\n<p>B\u00fcfe&#8217;de meydana gelen patlama \u00f6b\u00fcr bir i\u015f yerinin g\u00fcvenlik kameras\u0131na yans\u0131d\u0131.<\/p>\n<p><b>\u0130STANBUL VAL\u0130L\u0130\u011e\u0130&#8217;NDEN A\u00c7IKLAMA<\/b><\/p>\n<p>Olay\u0131n akabinde \u0130stanbul Valili\u011fi&#8217;nden a\u00e7\u0131klama yap\u0131ld\u0131. Yap\u0131lan a\u00e7\u0131klamada, &#8220;23.07.2025 \u00c7ar\u015famba g\u00fcn\u00fc saat 21.45 s\u0131ralar\u0131nda Beyo\u011flu \u0130l\u00e7esi Bereketzade Mahallesi Yan\u0131kkap\u0131 Sokakta bulunan ve taban +2 kat olan binan\u0131n taban kat\u0131nda bulunan b\u00fcfede sebebi \u015fimdi belirlenemeyen bir patlama meydana gelmi\u015ftir. Patlama sonras\u0131nda bina \u00e7\u00f6km\u00fc\u015f olup, olay yerine \u00e7ok say\u0131da itfaiye, AFAD ve UMKE grubu sevk edilmi\u015ftir. Olayda birinci belirlemelere nazaran \u00f6len ya da yaralanan\u0131n olmad\u0131\u011f\u0131 tespit edilmi\u015f olup, tak\u0131mlar\u0131n olay yerindeki \u00e7al\u0131\u015fmalar\u0131 devam etmektedir.&#8221; s\u00f6zlerine yer verildi. <\/p>\n","protected":false},"excerpt":{"rendered":"<p>Beyo\u011flu&#8217;nda 3 katl\u0131 bir binan\u0131n en alt kat\u0131ndaki b\u00fcfede patlama meydana geldi. Bina patlama sonras\u0131 \u00e7\u00f6kt\u00fc.<\/p>\n","protected":false},"author":1,"featured_media":59513,"comment_status":"open","ping_status":"open","sticky":false,"template":"","format":"standard","meta":{"footnotes":""},"categories":[25],"tags":[2134,745,4984,171,300],"class_list":["post-59512","post","type-post","status-publish","format-standard","has-post-thumbnail","hentry","category-gundem","tag-bina","tag-kat","tag-meydana","tag-olay","tag-patlama"],"_links":{"self":[{"href":"https:\/\/ikimisli.tr\/index.php\/wp-json\/wp\/v2\/posts\/59512","targetHints":{"allow":["GET"]}}],"collection":[{"href":"https:\/\/ikimisli.tr\/index.php\/wp-json\/wp\/v2\/posts"}],"about":[{"href":"https:\/\/ikimisli.tr\/index.php\/wp-json\/wp\/v2\/types\/post"}],"author":[{"embeddable":true,"href":"https:\/\/ikimisli.tr\/index.php\/wp-json\/wp\/v2\/users\/1"}],"replies":[{"embeddable":true,"href":"https:\/\/ikimisli.tr\/index.php\/wp-json\/wp\/v2\/comments?post=59512"}],"version-history":[{"count":1,"href":"https:\/\/ikimisli.tr\/index.php\/wp-json\/wp\/v2\/posts\/59512\/revisions"}],"predecessor-version":[{"id":59514,"href":"https:\/\/ikimisli.tr\/index.php\/wp-json\/wp\/v2\/posts\/59512\/revisions\/59514"}],"wp:featuredmedia":[{"embeddable":true,"href":"https:\/\/ikimisli.tr\/index.php\/wp-json\/wp\/v2\/media\/59513"}],"wp:attachment":[{"href":"https:\/\/ikimisli.tr\/index.php\/wp-json\/wp\/v2\/media?parent=59512"}],"wp:term":[{"taxonomy":"category","embeddable":true,"href":"https:\/\/ikimisli.tr\/index.php\/wp-json\/wp\/v2\/categories?post=59512"},{"taxonomy":"post_tag","embeddable":true,"href":"https:\/\/ikimisli.tr\/index.php\/wp-json\/wp\/v2\/tags?post=59512"}],"curies":[{"name":"wp","href":"https:\/\/api.w.org\/{rel}","templated":true}]}}