{"id":59549,"date":"2025-07-24T22:00:01","date_gmt":"2025-07-24T22:00:01","guid":{"rendered":"https:\/\/ikimisli.tr\/?p=59549"},"modified":"2025-07-24T22:00:01","modified_gmt":"2025-07-24T22:00:01","slug":"katil-neden-serbest-birakildi-incelemesi","status":"publish","type":"post","link":"https:\/\/ikimisli.tr\/index.php\/2025\/07\/24\/katil-neden-serbest-birakildi-incelemesi\/","title":{"rendered":"Katil neden serbest b\u0131rak\u0131ld\u0131 incelemesi"},"content":{"rendered":"<p>T\u00fcrkiye\u2019nin kan\u0131n\u0131 donduran Ay\u015fe Tokyaz cinayetinin akabinde katil zanl\u0131s\u0131 eski polis amiri Cemil Ko\u00e7\u2019un, 2 y\u0131l evvel i\u015fledi\u011fi\u00a0 cinayetin akabinde serbest\u00e7e dola\u015fmas\u0131 tart\u0131\u015fma konusu olmu\u015ftu.\u00a0 \u0130ki y\u0131l evvel Diyarbak\u0131r\u2019da sevgilisi Ay\u015feg\u00fcl Ovezoya\u2019y\u0131 \u00f6ld\u00fcrd\u00fc\u011f\u00fc iddias\u0131ylayarg\u0131land\u0131\u011f\u0131 belgede bir g\u00fcn bile tutuklanmamas\u0131 Adalet Bakanl\u0131\u011f\u0131\u2019n\u0131 harekete ge\u00e7irdi.<\/p>\n<p><strong>M\u00dcFETT\u0130\u015e G\u00d6NDER\u0130LD\u0130<\/strong><\/p>\n<p>Diyarbak\u0131r\u2019a gelen HSK Tefti\u015f Kurulu Ba\u015fkanl\u0131\u011f\u0131\u2019nda misyonlu bir Ba\u015fm\u00fcfetti\u015f, Ay\u015feg\u00fcl\u2019\u00fcn evrak\u0131ndaki kan\u0131tlar\u0131 titizlikle inceledi.<\/p>\n<p>Ko\u00e7\u2019un tutuklanmamas\u0131nda bir ihmal olup olmad\u0131\u011f\u0131n\u0131 ara\u015ft\u0131ran Ba\u015fm\u00fcfetti\u015f, Diyarbak\u0131r Cumhuriyet Ba\u015fsavc\u0131s\u0131 Mustafa \u00c7elenk\u2019in bilgisine ba\u015fvurdu. M\u00fcfetti\u015f olay\u0131 4 g\u00fcn boyunca t\u00fcm ayr\u0131nt\u0131lar\u0131yla ara\u015ft\u0131rd\u0131 ve incelemelerde bulundu.<\/p>\n<p><strong>C\u0130NAYETTE 9 G\u00dcN<\/strong><\/p>\n<p>Ba\u015fm\u00fcfetti\u015f olay\u0131n ya\u015fand\u0131\u011f\u0131 24 Temmuz\u2019da \u00f6zg\u00fcr b\u0131rak\u0131lan Cemil Ko\u00e7\u2019la ilgili 4 ay sonra ATK raporunda aleyhine kan\u0131tlar \u00e7\u0131kmas\u0131 ve \u00f6len bayan\u0131n t\u0131rnak ortalar\u0131nda Ko\u00e7\u2019un DNA\u2019s\u0131n\u0131n bulunmas\u0131na kar\u015f\u0131n ikinci sefer \u00f6zg\u00fcr b\u0131rak\u0131lmas\u0131n\u0131 ara\u015ft\u0131rd\u0131. Yeniden 4 Temmuz\u2019da hakk\u0131nda cinayet c\u00fcrm\u00fcnden a\u011f\u0131rla\u015ft\u0131r\u0131lm\u0131\u015f m\u00fcebbet mahpus istemiyle dava a\u00e7\u0131lm\u0131\u015f olmas\u0131na kar\u015f\u0131n 13 Temmuz g\u00fcn\u00fc Ay\u015fe Tokyaz\u2019\u0131n \u00f6ld\u00fcrebilmesi de mercek alt\u0131na al\u0131nd\u0131.<\/p>\n<p><strong>SORU\u015eTURMA \u0130HT\u0130MAL\u0130<\/strong><\/p>\n<p>Ba\u015fm\u00fcfetti\u015f, Ba\u015fsavc\u0131l\u0131\u011f\u0131n bir ihmali olup olmad\u0131\u011f\u0131n\u0131 da inceleyerek rapor haz\u0131rlamak \u00fczere Ankara\u2019ya d\u00f6nd\u00fc.\u00a0 Ba\u015fm\u00fcfetti\u015f \u015fayet raporunda ihmal oldu\u011funa kanaat getirirse\u00a0 HSK 2\u2019inci Dairesi, sorumlu yarg\u0131 g\u00f6revlileriyle ilgili soru\u015fturma a\u00e7acak.<\/p>\n<p><b><span>8 C\u00dcR\u00dcMDEN SABIKALI<\/span><\/b><\/p>\n<p>Ay\u015fe Tokyaz ve Ay\u015feg\u00fcl Ovezova cinayetleri faili Cemil Ko\u00e7\u2019un 8 ba\u015fka sab\u0131ka kayd\u0131 var.<\/p>\n","protected":false},"excerpt":{"rendered":"<p>Ay\u015fe Tokyaz\u2019dan 2 y\u0131l evvel \u00d6zbek as\u0131ll\u0131 sevgilisini \u00f6ld\u00fcrmekten yarg\u0131lanan Cemil Ko\u00e7\u2019un serbest\u00e7e dola\u015fmas\u0131 inceleniyor. Bakanl\u0131k m\u00fcfetti\u015fi belgeyi t\u00fcm ayr\u0131nt\u0131lar\u0131yla inceledi.<\/p>\n","protected":false},"author":1,"featured_media":59550,"comment_status":"open","ping_status":"open","sticky":false,"template":"","format":"standard","meta":{"footnotes":""},"categories":[25],"tags":[1519,7790,2432],"class_list":["post-59549","post","type-post","status-publish","format-standard","has-post-thumbnail","hentry","category-gundem","tag-ayse","tag-basmufettis","tag-cinayet"],"_links":{"self":[{"href":"https:\/\/ikimisli.tr\/index.php\/wp-json\/wp\/v2\/posts\/59549","targetHints":{"allow":["GET"]}}],"collection":[{"href":"https:\/\/ikimisli.tr\/index.php\/wp-json\/wp\/v2\/posts"}],"about":[{"href":"https:\/\/ikimisli.tr\/index.php\/wp-json\/wp\/v2\/types\/post"}],"author":[{"embeddable":true,"href":"https:\/\/ikimisli.tr\/index.php\/wp-json\/wp\/v2\/users\/1"}],"replies":[{"embeddable":true,"href":"https:\/\/ikimisli.tr\/index.php\/wp-json\/wp\/v2\/comments?post=59549"}],"version-history":[{"count":1,"href":"https:\/\/ikimisli.tr\/index.php\/wp-json\/wp\/v2\/posts\/59549\/revisions"}],"predecessor-version":[{"id":59551,"href":"https:\/\/ikimisli.tr\/index.php\/wp-json\/wp\/v2\/posts\/59549\/revisions\/59551"}],"wp:featuredmedia":[{"embeddable":true,"href":"https:\/\/ikimisli.tr\/index.php\/wp-json\/wp\/v2\/media\/59550"}],"wp:attachment":[{"href":"https:\/\/ikimisli.tr\/index.php\/wp-json\/wp\/v2\/media?parent=59549"}],"wp:term":[{"taxonomy":"category","embeddable":true,"href":"https:\/\/ikimisli.tr\/index.php\/wp-json\/wp\/v2\/categories?post=59549"},{"taxonomy":"post_tag","embeddable":true,"href":"https:\/\/ikimisli.tr\/index.php\/wp-json\/wp\/v2\/tags?post=59549"}],"curies":[{"name":"wp","href":"https:\/\/api.w.org\/{rel}","templated":true}]}}