{"id":59655,"date":"2025-07-25T03:59:59","date_gmt":"2025-07-25T03:59:59","guid":{"rendered":"https:\/\/ikimisli.tr\/?p=59655"},"modified":"2025-07-25T03:59:59","modified_gmt":"2025-07-25T03:59:59","slug":"whatsappta-bir-devrin-sonu-artik-calismayacak","status":"publish","type":"post","link":"https:\/\/ikimisli.tr\/index.php\/2025\/07\/25\/whatsappta-bir-devrin-sonu-artik-calismayacak\/","title":{"rendered":"WhatsApp&#8217;ta bir devrin sonu: Art\u0131k \u00e7al\u0131\u015fmayacak"},"content":{"rendered":"<p><span>Shift <\/span><span>Delete\u2019in<\/span><span> haberine g<\/span><span>\u00f6re, Meta \u00e7at<\/span><span>\u0131s\u0131 alt\u0131ndaki WhatsApp, Windows platformuna <\/span><span>\u00f6zel lokal uygulamas<\/span><span>\u0131n\u0131 sonland\u0131rarak, yerine sadece Edge WebView2 tabanl\u0131 bir web uygulamas\u0131n\u0131 getiriyor. Bu d<\/span><span>\u00f6n\u00fc<\/span><span>\u015f<\/span><span>\u00fcm, <\/span><span>WhatsApp\u2019<\/span><span>\u0131n<\/span><span> art\u0131k b\u00fcsb\u00fct\u00fcn klasik masa<\/span><span>\u00fcst\u00fc uygulama kimli<\/span><span>\u011finden uzakla\u015f\u0131p, daha <\/span><span>\u00e7ok taray<\/span><span>\u0131c\u0131 <\/span><span>\u00fczerinde \u00e7al<\/span><span>\u0131\u015fan bir yap\u0131ya <\/span><span>evrildi\u011fini<\/span><span> g<\/span><span>\u00f6steriyor.<\/span><\/p>\n<p><b><span>KULLANICI DENEY<\/span><span>\u0130<\/span><span>M<\/span><span>\u0130<\/span><span>NDE GER<\/span><span>\u0130<\/span><span>YE G<\/span><span>\u0130<\/span><span>D<\/span><span>\u0130\u015e<\/span><\/b><\/p>\n<p><span>Yeni yap\u0131n\u0131n devreye girmesiyle kullan\u0131c\u0131 <\/span><span>aray<\/span><span>\u00fcz\u00fc<\/span><span> daha sade hale geliyor; lakin sistem entegrasyonu b\u00fcy\u00fck \u00f6l\u00e7\u00fcde zay<\/span><span>\u0131fl\u0131yor. RAM t<\/span><span>\u00fcketimi artarken, bildirim \u00f6zellikleri k<\/span><span>\u0131s\u0131tlan\u0131yor. Ayr\u0131yeten, ayarlar men<\/span><span>\u00fcs\u00fcn\u00fcn evvelki s\u00fcr\u00fcmlere nazaran daha kolay oldu<\/span><span>\u011fu belirtiliyor. <\/span><span>\u00dcstelik bu yeni yap<\/span><span>\u0131, Windows 11\u2019in \u00e7a\u011fda\u015f <\/span><span>aray<\/span><span>\u00fcz<\/span><span> tasar<\/span><span>\u0131m\u0131yla da uyumlu de\u011fil.<\/span><\/p>\n<p><span>WhatsApp\u2019\u0131n<\/span><span> eski masa<\/span><span>\u00fcst\u00fc uygulamas<\/span><span>\u0131, Windows\u2019un <\/span><span>WinUI<\/span><span> teknolojisini temel alarak sistemle derin bir entegrasyon sa\u011fl\u0131yordu. Kullan\u0131c\u0131lar masa<\/span><span>\u00fcst\u00fc bildirimleri, pencere davran<\/span><span>\u0131\u015flar\u0131 ve s\u00fcratli ayar eri\u015fimleri \u00fczere i\u015flevleri rahatl\u0131kla kullanabiliyordu. Fakat yeni web tabanl\u0131 s<\/span><span>\u00fcr\u00fcmle birlikte bu \u00f6zelliklerin b\u00fcy\u00fck k\u0131sm\u0131 ortadan kalk<\/span><span>\u0131yor.<\/span><\/p>\n<p><b><span>META&#8217;DAN YEN<\/span><span>\u0130<\/span><span> YAPIYA SAVUNMA <\/span><\/b><\/p>\n<p><span>Meta, bu d<\/span><span>\u00f6n\u00fc<\/span><span>\u015f<\/span><span>\u00fcm\u00fcn baz<\/span><span>\u0131 avantajlar da sundu\u011funu s\u00f6z ediyor. <\/span><span>\u00d6zellikle Kanallar, Topluluklar ve Durum \u00f6zelliklerinin yeni beta s\u00fcr\u00fcmde daha i<\/span><span>\u015flevsel hale geldi\u011fi vurgulan\u0131yor. Ayr\u0131yeten hem web hem masa<\/span><span>\u00fcst\u00fc platformlar<\/span><span>\u0131 i<\/span><span>\u00e7in tek bir kod taban<\/span><span>\u0131n\u0131n kullan\u0131lmas\u0131, bak\u0131m ve geli\u015ftirme s<\/span><span>\u00fcre\u00e7lerini kolayla<\/span><span>\u015ft\u0131r\u0131yor. Bu modelin maliyet a<\/span><span>\u00e7<\/span><span>\u0131s\u0131ndan daha s<\/span><span>\u00fcrd\u00fcr\u00fclebilir oldu<\/span><span>\u011fu da \u015firketin dikkat <\/span><span>\u00e7ekti<\/span><span>\u011fi noktalar ortas\u0131nda.<\/span><\/p>\n<p><b><span>ANCAK PERFORMANS SORGULANIYOR <\/span><\/b><\/p>\n<p><span>Her ne kadar Meta bu yeni yakla\u015f\u0131m\u0131 savunsa da, kullan\u0131c\u0131 tecr\u00fcbesi ve performans a<\/span><span>\u00e7<\/span><span>\u0131s\u0131ndan <\/span><span>\u00f6nceki lokal s\u00fcr\u00fcmlerin gerisinde kal<\/span><span>\u0131nd\u0131\u011f\u0131 g<\/span><span>\u00f6zlemleniyor. Daha evvel mahall\u00ee Windows ve macOS uygulamalar<\/span><span>\u0131n\u0131n sundu\u011fu s\u00fcrat, g<\/span><span>\u00fcvenilirlik ve \u00fcretkenlik \u00fczere avantajlar art<\/span><span>\u0131k ge<\/span><span>\u00e7erli de<\/span><span>\u011fil. <\/span><span>\u00d6zellikle masa\u00fcst\u00fcnde yo<\/span><span>\u011fun WhatsApp kullananlar i<\/span><span>\u00e7in bu de<\/span><span>\u011fi\u015fim, <\/span><span>\u00f6nemli i<\/span><span>\u015flev kay\u0131plar\u0131n\u0131 beraberinde getiriyor.<\/span><\/p>\n<p>\u00a0<\/p>\n<p>\u00a0<\/p>\n","protected":false},"excerpt":{"rendered":"<p>Tan\u0131nan iletile\u015fme uygulamas\u0131 WhatsApp, Windows i\u015fletim sistemi i\u00e7in sundu\u011fu klasik masa\u00fcst\u00fc uygulamas\u0131n\u0131 kald\u0131rmaya haz\u0131rlan\u0131yor. Bu karar, bilhassa masa\u00fcst\u00fc \u00fczerinden uygulamay\u0131 etkin kullanan kullan\u0131c\u0131lar ortas\u0131nda tedirginli\u011fe yol a\u00e7t\u0131.<\/p>\n","protected":false},"author":1,"featured_media":59656,"comment_status":"open","ping_status":"open","sticky":false,"template":"","format":"standard","meta":{"footnotes":""},"categories":[31],"tags":[3998,1254],"class_list":["post-59655","post","type-post","status-publish","format-standard","has-post-thumbnail","hentry","category-teknoloji","tag-masa","tag-uygulama"],"_links":{"self":[{"href":"https:\/\/ikimisli.tr\/index.php\/wp-json\/wp\/v2\/posts\/59655","targetHints":{"allow":["GET"]}}],"collection":[{"href":"https:\/\/ikimisli.tr\/index.php\/wp-json\/wp\/v2\/posts"}],"about":[{"href":"https:\/\/ikimisli.tr\/index.php\/wp-json\/wp\/v2\/types\/post"}],"author":[{"embeddable":true,"href":"https:\/\/ikimisli.tr\/index.php\/wp-json\/wp\/v2\/users\/1"}],"replies":[{"embeddable":true,"href":"https:\/\/ikimisli.tr\/index.php\/wp-json\/wp\/v2\/comments?post=59655"}],"version-history":[{"count":1,"href":"https:\/\/ikimisli.tr\/index.php\/wp-json\/wp\/v2\/posts\/59655\/revisions"}],"predecessor-version":[{"id":59657,"href":"https:\/\/ikimisli.tr\/index.php\/wp-json\/wp\/v2\/posts\/59655\/revisions\/59657"}],"wp:featuredmedia":[{"embeddable":true,"href":"https:\/\/ikimisli.tr\/index.php\/wp-json\/wp\/v2\/media\/59656"}],"wp:attachment":[{"href":"https:\/\/ikimisli.tr\/index.php\/wp-json\/wp\/v2\/media?parent=59655"}],"wp:term":[{"taxonomy":"category","embeddable":true,"href":"https:\/\/ikimisli.tr\/index.php\/wp-json\/wp\/v2\/categories?post=59655"},{"taxonomy":"post_tag","embeddable":true,"href":"https:\/\/ikimisli.tr\/index.php\/wp-json\/wp\/v2\/tags?post=59655"}],"curies":[{"name":"wp","href":"https:\/\/api.w.org\/{rel}","templated":true}]}}