{"id":59688,"date":"2025-07-25T05:47:59","date_gmt":"2025-07-25T05:47:59","guid":{"rendered":"https:\/\/ikimisli.tr\/?p=59688"},"modified":"2025-07-25T05:47:59","modified_gmt":"2025-07-25T05:47:59","slug":"talep-patladi-etiketler-uctu-fiyatlara-yuzde-70-zam","status":"publish","type":"post","link":"https:\/\/ikimisli.tr\/index.php\/2025\/07\/25\/talep-patladi-etiketler-uctu-fiyatlara-yuzde-70-zam\/","title":{"rendered":"Talep patlad\u0131, etiketler u\u00e7tu! Fiyatlara y\u00fczde 70 zam"},"content":{"rendered":"<p>Kavurucu s\u0131caklar\u0131n tesirini art\u0131rmas\u0131yla klima sat\u0131\u015flar\u0131 adeta patlad\u0131. Ge\u00e7ti\u011fimiz y\u0131la nazaran sat\u0131\u015flarda y\u00fczde 60\u2019a varan art\u0131\u015f ya\u015fan\u0131rken, artan taleple birlikte servis hizmetleri yetersiz kald\u0131. Birtak\u0131m markalar randevu i\u00e7in 1 hafta ile 10 g\u00fcn sonras\u0131na g\u00fcn verirken, servis yo\u011funlu\u011fu nedeniyle ek fiyat talepleri de vatanda\u015f\u0131n yans\u0131s\u0131na neden oldu. Talep art\u0131\u015f\u0131 fiyatlara da yans\u0131d\u0131; birtak\u0131m modellerde art\u0131r\u0131m oran\u0131 y\u00fczde 70\u2019e ula\u015ft\u0131.<\/p>\n<p>T\u00fcrkiye&#8217;de yer alan habere nazaran, klima sat\u0131\u015flar\u0131nda g\u00f6zle g\u00f6r\u00fcl\u00fcr bir art\u0131\u015fa yol a\u00e7t\u0131. Klima sat\u0131\u015flar\u0131, ge\u00e7ti\u011fimiz y\u0131la oranla y\u00fczde 60 civar\u0131nda art\u0131\u015f g\u00f6sterdi.<\/p>\n<p><img decoding=\"async\" src=\"https:\/\/ikimisli.tr\/wp-content\/uploads\/2025\/07\/talep-patladi-etiketler-uctu-fiyatlara-yuzde-70-zam-0-5MmDFmk8.jpg\"\/><\/p>\n<p>Klima sat\u0131\u015flar\u0131 patlay\u0131nca heyetimi yapacak servisler yetersiz kald\u0131, \u00a0Baz\u0131 markalar 1 hafta yahut 10 g\u00fcn sonraya g\u00fcn vermeye ba\u015flad\u0131. \u00a0Baz\u0131 servisler ise yo\u011funluk nedeniyle ek fiyat talep etti.<\/p>\n<p><b>Y\u00dcZDE 70 ARTIRIM GELD\u0130<\/b><\/p>\n<p>Ge\u00e7en y\u0131l 9 bin lira civar\u0131nda olan orta s\u0131n\u0131f bir klima, bug\u00fcn 15 bin lira d\u00fczeyinden ba\u015fl\u0131yor. Geni\u015f metrekareler i\u00e7in tercih edilen g\u00fc\u00e7l\u00fc modellerde ise fiyatlar 60 bin liraya kadar \u00e7\u0131kabiliyor<\/p>\n","protected":false},"excerpt":{"rendered":"<p>T\u00fcrkiye en s\u0131cak g\u00fcnlerini ya\u015farken vatanda\u015flar da klima almaya ko\u015ftu. Talep \u00e7o\u011fal\u0131nca fiyatlarda da neredeyse y\u00fczde 70 varan art\u0131r\u0131m yap\u0131ld\u0131.<\/p>\n","protected":false},"author":1,"featured_media":59689,"comment_status":"open","ping_status":"open","sticky":false,"template":"","format":"standard","meta":{"footnotes":""},"categories":[24],"tags":[7801],"class_list":["post-59688","post","type-post","status-publish","format-standard","has-post-thumbnail","hentry","category-ekonomi","tag-klima"],"_links":{"self":[{"href":"https:\/\/ikimisli.tr\/index.php\/wp-json\/wp\/v2\/posts\/59688","targetHints":{"allow":["GET"]}}],"collection":[{"href":"https:\/\/ikimisli.tr\/index.php\/wp-json\/wp\/v2\/posts"}],"about":[{"href":"https:\/\/ikimisli.tr\/index.php\/wp-json\/wp\/v2\/types\/post"}],"author":[{"embeddable":true,"href":"https:\/\/ikimisli.tr\/index.php\/wp-json\/wp\/v2\/users\/1"}],"replies":[{"embeddable":true,"href":"https:\/\/ikimisli.tr\/index.php\/wp-json\/wp\/v2\/comments?post=59688"}],"version-history":[{"count":1,"href":"https:\/\/ikimisli.tr\/index.php\/wp-json\/wp\/v2\/posts\/59688\/revisions"}],"predecessor-version":[{"id":59691,"href":"https:\/\/ikimisli.tr\/index.php\/wp-json\/wp\/v2\/posts\/59688\/revisions\/59691"}],"wp:featuredmedia":[{"embeddable":true,"href":"https:\/\/ikimisli.tr\/index.php\/wp-json\/wp\/v2\/media\/59689"}],"wp:attachment":[{"href":"https:\/\/ikimisli.tr\/index.php\/wp-json\/wp\/v2\/media?parent=59688"}],"wp:term":[{"taxonomy":"category","embeddable":true,"href":"https:\/\/ikimisli.tr\/index.php\/wp-json\/wp\/v2\/categories?post=59688"},{"taxonomy":"post_tag","embeddable":true,"href":"https:\/\/ikimisli.tr\/index.php\/wp-json\/wp\/v2\/tags?post=59688"}],"curies":[{"name":"wp","href":"https:\/\/api.w.org\/{rel}","templated":true}]}}