{"id":59738,"date":"2025-07-25T08:36:02","date_gmt":"2025-07-25T08:36:02","guid":{"rendered":"https:\/\/ikimisli.tr\/?p=59738"},"modified":"2025-07-25T08:36:02","modified_gmt":"2025-07-25T08:36:02","slug":"bakanliktan-bir-garip-otv-savunmasi","status":"publish","type":"post","link":"https:\/\/ikimisli.tr\/index.php\/2025\/07\/25\/bakanliktan-bir-garip-otv-savunmasi\/","title":{"rendered":"Bakanl\u0131ktan bir &#8216;garip&#8217; \u00d6TV savunmas\u0131"},"content":{"rendered":"<p>Hazine ve Maliye Bakanl\u0131\u011f\u0131, 7555 say\u0131l\u0131 Kanun kapsam\u0131nda binek arabalara y\u00f6nelik \u00d6zel T\u00fcketim Vergisi (\u00d6TV) oranlar\u0131nda yeni bir d\u00fczenlemeye gitti.<\/p>\n<p>Yap\u0131lan de\u011fi\u015fiklikle motor silindir hacmi, batarya kapasitesi ve elektrikli menzil \u00fczere kriterler dikkate al\u0131narak \u00d6TV matrahlar\u0131 ve oranlar\u0131 g\u00fcncellendi. Bakanl\u0131\u011f\u0131n &#8216;cari a\u00e7\u0131\u011f\u0131 kapatmak i\u00e7in&#8217; ve &#8216;enflasyona tesirinin yok denecek kadar az olacak&#8217; a\u00e7\u0131klamas\u0131 kesim temsilcileri ve vatanda\u015flar taraf\u0131ndan &#8216;tuhaf&#8217; bulundu.<\/p>\n<p><b>CAR\u0130 A\u00c7I\u011eA KAR\u015eI \u00d6TV ARTI\u015eI<\/b><\/p>\n<p>Bakanl\u0131k, al\u0131nan bu kararla temel hedefin cari a\u00e7\u0131\u011f\u0131n azalt\u0131lmas\u0131na katk\u0131 sa\u011flamak oldu\u011funu vurgulad\u0131. Bilhassa ithal ara\u00e7larda artan t\u00fcketimin d\u0131\u015f ticaret istikrar\u0131na olan tesirine dikkat \u00e7ekilirken, yeni \u00d6TV oranlar\u0131n\u0131n buna kar\u015f\u0131 bir dengeleme sistemi olarak kurguland\u0131\u011f\u0131 belirtildi.<\/p>\n<p>Yeni d\u00fczenlemeye nazaran:<\/p>\n<p>Sat\u0131\u015f yo\u011funlu\u011fu y\u00fcksek kimi ara\u00e7 k\u00fcmelerinde \u00d6TV oranlar\u0131 5 ila 10 puan ortas\u0131nda d\u00fc\u015f\u00fcr\u00fcld\u00fc.<\/p>\n<p>Baz\u0131 modellerde mevcut oranlar korundu.<\/p>\n<p>Di\u011fer birtak\u0131m modellerde ise \u00d6TV oranlar\u0131 10 ila 20 puan ortas\u0131nda art\u0131r\u0131ld\u0131.<\/p>\n<p>Bu formda farkl\u0131 segmentlerde hem te\u015fvik edici hem de dengeleyici bir modelin benimsendi\u011fi g\u00f6r\u00fcl\u00fcyor.<\/p>\n<p><b>ARTI\u015eIN ENFLASYONA ETK\u0130S\u0130<\/b><\/p>\n<p>Hazine ve Maliye Bakanl\u0131\u011f\u0131, yeni d\u00fczenlemenin hem vergi indirimi hem art\u0131\u015f\u0131 i\u00e7ermesi nedeniyle piyasaya tesirinin hudutlu olaca\u011f\u0131n\u0131 a\u00e7\u0131klad\u0131. Buna nazaran, yap\u0131lan hesaplamalar do\u011frultusunda d\u00fczenlemenin y\u0131ll\u0131k bazda net enflasyon tesiri sadece 0,0019 puan olarak \u00f6ng\u00f6r\u00fcl\u00fcyor.<\/p>\n<p>Bakanl\u0131\u011f\u0131n a\u00e7\u0131klamas\u0131n\u0131n tamam\u0131 \u015fu formda:<\/p>\n<p>&#8220;7555 say\u0131l\u0131 Kanunla verilen yetkiler \u00e7er\u00e7evesinde binek arabalar\u0131n \u00d6zel T\u00fcketim Vergisi (\u00d6TV) uygulamas\u0131nda yap\u0131lan yeni d\u00fczenlemeyle, motor silindir hacmi, elektrikli menzil ve batarya kapasitesi dikkate al\u0131narak, \u00d6TV matrah ve oranlar\u0131nda de\u011fi\u015fikli\u011fe gidilmi\u015ftir.<\/p>\n<p>Bu ad\u0131m, temel itibariyle cari a\u00e7\u0131\u011f\u0131n azalt\u0131lmas\u0131na katk\u0131 sa\u011flamak emeliyle at\u0131lm\u0131\u015ft\u0131r.<\/p>\n<p>Bu \u00e7er\u00e7evede;<\/p>\n<p>Sat\u0131\u015flar\u0131n a\u011f\u0131r oldu\u011fu kimi ara\u00e7 k\u00fcmelerinde \u00d6TV oranlar\u0131 5 ila 10 puan ortas\u0131nda indirilmi\u015ftir,<\/p>\n<p>Baz\u0131 modellerde mevcut oranlar korunmu\u015ftur,<\/p>\n<p>Di\u011fer birtak\u0131m modellerde ise \u00d6TV oranlar\u0131 10 ila 20 puan ortas\u0131nda art\u0131r\u0131lm\u0131\u015ft\u0131r.<\/p>\n<p>Yap\u0131lan de\u011fi\u015fikliklerin hem indirim hem de art\u0131\u015f istikametli tesirler i\u00e7ermesi nedeniyle, d\u00fczenlemenin y\u0131ll\u0131k bazda net enflasyon tesirinin yaln\u0131zca 0,0019 puan olaca\u011f\u0131 \u00f6ng\u00f6r\u00fclmektedir.<\/p>\n<p>Kamuoyuna h\u00fcrmetle duyurulur.&#8221;<\/p>\n<p><b>TOGG&#8217;UN F\u0130YATI FIRLADI<\/b><\/p>\n<p>Ara\u00e7larda, %90, %100 ve %170 \u00fczere 3 yeni \u00d6TV dilimi de getirilirken y\u00fczde 100 elektrikli yerli araba Togg&#8217;un fiyat\u0131 de\u011fi\u015fti.<\/p>\n<p>En d\u00fc\u015f\u00fck y\u00fczde 10&#8217;luk \u00d6TV diliminde olan elektrikli ara\u00e7lar\u0131n \u00d6TV dilimi y\u00fczde 25&#8217;e \u00e7\u0131kar\u0131lmas\u0131n\u0131n akabinde son vakitlerde elektrikli ara\u00e7larda ya\u015fanan sat\u0131\u015f art\u0131\u015flar\u0131nda d\u00fc\u015f\u00fc\u015flerin ya\u015fanmas\u0131 bekleniyor.<\/p>\n<p><img decoding=\"async\" src=\"https:\/\/ikimisli.tr\/wp-content\/uploads\/2025\/07\/bakanliktan-bir-garip-otv-savunmasi-0-5YPblsiN.jpeg\"\/><\/p>\n","protected":false},"excerpt":{"rendered":"<p>Hazine ve Maliye Bakanl\u0131\u011f\u0131, motor hacmi, elektrikli menzil ve batarya kapasitesine nazaran belirlenen yeni \u00d6TV d\u00fczenlemesini y\u00fcr\u00fcrl\u00fc\u011fe soktu. Art\u0131r\u0131mlar alt\u0131nda ezilen vatanda\u015fa bir y\u00fck de \u00d6TV&#8217;den geldi. Bakanl\u0131k art\u0131r\u0131ma dair as\u0131l gayenin cari a\u00e7\u0131\u011f\u0131 azaltmak oldu\u011funu belirtirken d\u00fczenlemenin enflasyona tesirinin yok denecek kadar az olaca\u011f\u0131 a\u00e7\u0131klad\u0131.<\/p>\n","protected":false},"author":1,"featured_media":59739,"comment_status":"open","ping_status":"open","sticky":false,"template":"","format":"standard","meta":{"footnotes":""},"categories":[24],"tags":[917,483,2472,5669,1637],"class_list":["post-59738","post","type-post","status-publish","format-standard","has-post-thumbnail","hentry","category-ekonomi","tag-arac","tag-artis","tag-bazi","tag-etkisi","tag-otv"],"_links":{"self":[{"href":"https:\/\/ikimisli.tr\/index.php\/wp-json\/wp\/v2\/posts\/59738","targetHints":{"allow":["GET"]}}],"collection":[{"href":"https:\/\/ikimisli.tr\/index.php\/wp-json\/wp\/v2\/posts"}],"about":[{"href":"https:\/\/ikimisli.tr\/index.php\/wp-json\/wp\/v2\/types\/post"}],"author":[{"embeddable":true,"href":"https:\/\/ikimisli.tr\/index.php\/wp-json\/wp\/v2\/users\/1"}],"replies":[{"embeddable":true,"href":"https:\/\/ikimisli.tr\/index.php\/wp-json\/wp\/v2\/comments?post=59738"}],"version-history":[{"count":1,"href":"https:\/\/ikimisli.tr\/index.php\/wp-json\/wp\/v2\/posts\/59738\/revisions"}],"predecessor-version":[{"id":59741,"href":"https:\/\/ikimisli.tr\/index.php\/wp-json\/wp\/v2\/posts\/59738\/revisions\/59741"}],"wp:featuredmedia":[{"embeddable":true,"href":"https:\/\/ikimisli.tr\/index.php\/wp-json\/wp\/v2\/media\/59739"}],"wp:attachment":[{"href":"https:\/\/ikimisli.tr\/index.php\/wp-json\/wp\/v2\/media?parent=59738"}],"wp:term":[{"taxonomy":"category","embeddable":true,"href":"https:\/\/ikimisli.tr\/index.php\/wp-json\/wp\/v2\/categories?post=59738"},{"taxonomy":"post_tag","embeddable":true,"href":"https:\/\/ikimisli.tr\/index.php\/wp-json\/wp\/v2\/tags?post=59738"}],"curies":[{"name":"wp","href":"https:\/\/api.w.org\/{rel}","templated":true}]}}