{"id":59948,"date":"2025-07-25T20:23:58","date_gmt":"2025-07-25T20:23:58","guid":{"rendered":"https:\/\/ikimisli.tr\/?p=59948"},"modified":"2025-07-25T20:23:58","modified_gmt":"2025-07-25T20:23:58","slug":"on-binlerce-kullanici-internetsiz-kaldi-starlink-coktu","status":"publish","type":"post","link":"https:\/\/ikimisli.tr\/index.php\/2025\/07\/25\/on-binlerce-kullanici-internetsiz-kaldi-starlink-coktu\/","title":{"rendered":"On binlerce kullan\u0131c\u0131 internetsiz kald\u0131! Starlink \u00e7\u00f6kt\u00fc"},"content":{"rendered":"<p>ABD ba\u015fta olmak \u00fczere bir\u00e7ok b\u00f6lgeden ili\u015fki s\u0131k\u0131nt\u0131lar\u0131 bildirilir. Kullan\u0131c\u0131lar kesintiyi X ve Reddit \u00fczere platformlardan duyurdu. <\/p>\n<p><b>60 B\u0130N KULLANICIYI ETK\u0130LED\u0130<\/b><\/p>\n<p>Kesinti birinci olarak T\u00fcrkiye saati 22:30 civar\u0131nda DownDetector platformunda raporlanmaya ba\u015fland\u0131. K\u0131sa m\u00fchlet i\u00e7inde bildirim say\u0131s\u0131 s\u00fcratle artarak yakla\u015f\u0131k 60 bin kullan\u0131c\u0131y\u0131 etkileyen bir d\u00fczeye ula\u015ft\u0131. Kullan\u0131c\u0131lar, bilhassa toplumsal medya ve ar\u0131za bildirim sitelerinde ya\u015fad\u0131klar\u0131 problemleri lisana getirdi.<\/p>\n<p>DownDetector\u2019da payla\u015f\u0131lan kullan\u0131c\u0131 bildirilerine nazaran, kesintiden etkilenen b\u00f6lgeler ortas\u0131nda Maryland &#8211; Washington DC, Kuzey Kaliforniya, Teksas\u2019\u0131n k\u0131rsal merkezi ve Indiana\u2019n\u0131n do\u011fu merkezi \u00fczere \u00e7ok say\u0131da farkl\u0131 lokasyon yer al\u0131yor.<\/p>\n<p>X&#8217;te sorun hakk\u0131nda payla\u015f\u0131m yapan kullan\u0131c\u0131lar Starlink&#8217;e Avrupa&#8217;da da eri\u015fim sorunu oldu\u011funu lisana getirdi.  <\/p>\n<p><b>RESM\u0130 STES\u0130NDEN B\u0130LG\u0130LEND\u0130RME YAPILDI<\/b><\/p>\n<p>Starlink\u2019in resmi internet sitesinde yer alan bilgilendirmede, \u201cStarlink \u015fu anda bir hizmet kesintisi ya\u015famaktad\u0131r. Tak\u0131m\u0131m\u0131z durumu ara\u015ft\u0131rmaktad\u0131r.\u201d s\u00f6z\u00fc yer ald\u0131. Lakin kesintinin nedeni yahut ne vakit sona erece\u011fine dair net bir a\u00e7\u0131klama yap\u0131lmad\u0131. Bilgilendirmenin yap\u0131lmas\u0131ndan k\u0131sa bir m\u00fchlet sonra siteye eri\u015fim sorunu ya\u015fanmaya ba\u015flad\u0131. <\/p>\n<p><img decoding=\"async\" src=\"https:\/\/ikimisli.tr\/wp-content\/uploads\/2025\/07\/on-binlerce-kullanici-internetsiz-kaldi-starlink-coktu-0-hp1ZBUWT.jpg\"\/><\/p>\n<p>Bu kesinti, bilhassa uzak b\u00f6lgelerde internet eri\u015fimini sa\u011flayan Starlink kullan\u0131c\u0131lar\u0131n\u0131 direkt etkiledi. Uydu tabanl\u0131 sistemin geni\u015f kapsama alan\u0131 nedeniyle, k\u0131rsal ve altyap\u0131s\u0131 yetersiz b\u00f6lgelerdeki kullan\u0131c\u0131lar i\u00e7in k\u0131ymetli bir ba\u011flant\u0131 arac\u0131 olmas\u0131, sorunun ciddiyetini daha da art\u0131rd\u0131.<\/p>\n","protected":false},"excerpt":{"rendered":"<p>Elon Musk\u2019\u0131n uydu internet servisi Starlink, b\u00fcy\u00fck \u00e7apl\u0131 bir kesinti ya\u015fad\u0131. ABD genelinde on binlerce kullan\u0131c\u0131 internete eri\u015fim sa\u011flayamad\u0131. \u015eirket, resmi internet sitesinden yapt\u0131\u011f\u0131 a\u00e7\u0131klamada sorunu do\u011frulad\u0131 ve olayla ilgili incelemenin s\u00fcrd\u00fc\u011f\u00fcn\u00fc duyurdu.<\/p>\n","protected":false},"author":1,"featured_media":59949,"comment_status":"open","ping_status":"open","sticky":false,"template":"","format":"standard","meta":{"footnotes":""},"categories":[43],"tags":[5263,1688,698],"class_list":["post-59948","post","type-post","status-publish","format-standard","has-post-thumbnail","hentry","category-dunya","tag-kesinti","tag-kullanicilar","tag-sorun"],"_links":{"self":[{"href":"https:\/\/ikimisli.tr\/index.php\/wp-json\/wp\/v2\/posts\/59948","targetHints":{"allow":["GET"]}}],"collection":[{"href":"https:\/\/ikimisli.tr\/index.php\/wp-json\/wp\/v2\/posts"}],"about":[{"href":"https:\/\/ikimisli.tr\/index.php\/wp-json\/wp\/v2\/types\/post"}],"author":[{"embeddable":true,"href":"https:\/\/ikimisli.tr\/index.php\/wp-json\/wp\/v2\/users\/1"}],"replies":[{"embeddable":true,"href":"https:\/\/ikimisli.tr\/index.php\/wp-json\/wp\/v2\/comments?post=59948"}],"version-history":[{"count":1,"href":"https:\/\/ikimisli.tr\/index.php\/wp-json\/wp\/v2\/posts\/59948\/revisions"}],"predecessor-version":[{"id":59951,"href":"https:\/\/ikimisli.tr\/index.php\/wp-json\/wp\/v2\/posts\/59948\/revisions\/59951"}],"wp:featuredmedia":[{"embeddable":true,"href":"https:\/\/ikimisli.tr\/index.php\/wp-json\/wp\/v2\/media\/59949"}],"wp:attachment":[{"href":"https:\/\/ikimisli.tr\/index.php\/wp-json\/wp\/v2\/media?parent=59948"}],"wp:term":[{"taxonomy":"category","embeddable":true,"href":"https:\/\/ikimisli.tr\/index.php\/wp-json\/wp\/v2\/categories?post=59948"},{"taxonomy":"post_tag","embeddable":true,"href":"https:\/\/ikimisli.tr\/index.php\/wp-json\/wp\/v2\/tags?post=59948"}],"curies":[{"name":"wp","href":"https:\/\/api.w.org\/{rel}","templated":true}]}}