{"id":59982,"date":"2025-07-25T22:23:58","date_gmt":"2025-07-25T22:23:58","guid":{"rendered":"https:\/\/ikimisli.tr\/?p=59982"},"modified":"2025-07-25T22:23:58","modified_gmt":"2025-07-25T22:23:58","slug":"cari-acik-yuku-de-halkin-ustune-kaldi","status":"publish","type":"post","link":"https:\/\/ikimisli.tr\/index.php\/2025\/07\/25\/cari-acik-yuku-de-halkin-ustune-kaldi\/","title":{"rendered":"Cari a\u00e7\u0131k y\u00fck\u00fc de halk\u0131n \u00fcst\u00fcne kald\u0131"},"content":{"rendered":"<p><em><strong>Ali Can POLAT<\/strong><\/em><\/p>\n<p><strong>Cumhurba\u015fkan\u0131 <\/strong>Tayyip Erdo\u011fan, ge\u00e7en hafta kendisine verilen \u00d6zel T\u00fcketim Vergisi\u2019nde (\u00d6TV) de\u011fi\u015fiklik yetkisini jet s\u00fcratiyle kulland\u0131. Hazine ve Maliye Bakan\u0131 Mehmet \u015eim\u015fek\u2019in temmuz ay\u0131nda otomotiv piyasas\u0131ndaki \u00d6TV art\u0131\u015f\u0131 Cumhurba\u015fkan\u0131 Tayyip Erdo\u011fan\u2019\u0131n \u00f6n\u00fcne geldi. Erdo\u011fan da burada indirim yetkisini kullanmad\u0131 bilakis elektrikli ara\u00e7larda art\u0131r\u0131m karar\u0131 ald\u0131. \u00d6TV de\u011fi\u015fikli\u011fi ile vatanda\u015f\u0131n otomobiline art\u0131r\u0131m ya\u011farken Hazine ve Maliye Bakanl\u0131\u011f\u0131, tepkiler \u00fczerine a\u00e7\u0131klama yaparak \u2018cari a\u00e7\u0131\u011f\u0131 azaltmak i\u00e7in yapt\u0131k\u2019 dedi. Fakat ithal tekne ve yatlarda hem \u00d6TV hem de KDV y\u00fczde s\u0131f\u0131rken en ucuz yerli arabalarda y\u00fczde 116\u2019dan ba\u015flayan vergi y\u00fck\u00fc olmas\u0131, \u201cBakanl\u0131k cari a\u00e7\u0131\u011f\u0131n y\u00fck\u00fcn\u00fc de dar gelirli ve orta s\u0131n\u0131f\u0131n \u00fcst\u00fcne y\u0131kt\u0131, zengine tekrar dokunmad\u0131\u201d dedirtti.<\/p>\n<p><strong>VERG\u0130LER AZALMALI<\/strong><\/p>\n<p>D\u00fcn Resmi Gazete\u2019de yay\u0131nlanan kararnameyle birtak\u0131m modellerde \u00d6TV\u2019ler 5-10 puan d\u00fc\u015f\u00fcr\u00fcl\u00fcrken birtak\u0131m modellerde 10-20 puan art\u0131r\u0131ld\u0131. Elektrikli arabalarda de matrah e\u015fikleri y\u00fckseltildi ve \u00d6TV oranlar\u0131 15\u2019er puan art\u0131r\u0131ld\u0131. Bu de\u011fi\u015fiklikler kimi modellerde y\u00fczde 2.5-5.5 ortas\u0131nda indirim getirirken kimi modellerde y\u00fczde 5.5-11 ortas\u0131 art\u0131r\u0131m getirdi.<\/p>\n<p>Sosyal medyada bir gecede fiyatlar\u0131n bu kadar de\u011fi\u015febilmesine de reaksiyon ya\u011fd\u0131. Ara\u00e7 almay\u0131 planlayan vatanda\u015flar\u0131n planlar\u0131 bozuldu. Cardata Genel M\u00fcd\u00fcr\u00fc H\u00fcsamettin Yal\u00e7\u0131n, ikinci el piyasas\u0131nda fiyat art\u0131\u015flar\u0131 ya\u015fanaca\u011f\u0131n\u0131 s\u00f6ylerken Otomotiv Distrib\u00fct\u00f6rleri ve Mobilite Derne\u011fi Ba\u015fkan\u0131 Ali Haydar Bozkurt, \u201cOtomobile ula\u015fmay\u0131 kolayla\u015ft\u0131ran, vergi y\u00fck\u00fcn\u00fc azaltan \u00e7a\u011fda\u015f, yepisyeni bir vergi sisteminin olu\u015fturulmas\u0131n\u0131 \u00f6neriyoruz\u201d dedi.<\/p>\n<p><img decoding=\"async\" src=\"https:\/\/ikimisli.tr\/wp-content\/uploads\/2025\/07\/cari-acik-yuku-de-halkin-ustune-kaldi-0-n35KqBEU.jpg\"\/><\/p>\n<p>Bu yat\u0131 T\u00fcrkiye\u2019den alan y\u00fczde 20 KDV y\u00fczde 0 \u00d6TV \u00f6d\u00fcyor. Yurt d\u0131\u015f\u0131ndan getirten y\u00fczde 0 KDV y\u00fczde 0 \u00d6TV \u00f6d\u00fcyor.<\/p>\n<p><b><span>Zengini g\u00f6rmeyip fakirlere y\u00fckleniyorlar<\/span><\/b><\/p>\n<p>Hazine ve Maliye Bakanl\u0131\u011f\u0131\u2019n\u0131n, \u00d6TV d\u00fczenlemelerinin, cari a\u00e7\u0131\u011f\u0131 azaltmak i\u00e7in yap\u0131ld\u0131\u011f\u0131 a\u00e7\u0131klamalar\u0131na yans\u0131lar ya\u011farken husus zenginler olunca cari a\u00e7\u0131\u011f\u0131n g\u00f6z gerisi edildi\u011fi g\u00f6r\u00fcld\u00fc. T\u00fcrkiye\u2019de sat\u0131lan en ucuz arabada \u00a0493 bin 838 TL olan fiyat, y\u00fczde 80 \u00d6TV, y\u00fczde 20 KDV ile 1 milyon 66 bin TL\u2019ye \u00e7\u0131k\u0131yor. Halbuki 6 milyon Euro\u2019luk (286 milyon TL) bir yat almak isteyen zenginler, T\u00fcrkiye\u2019de \u00fcretilmi\u015f bir yat al\u0131rsa \u00d6TV \u00f6demeyip yaln\u0131zca y\u00fczde 20 KDV \u00f6d\u00fcyor. Bu yat\u0131 yerli \u00fcretip almay\u0131p yurt d\u0131\u015f\u0131ndan getirtirse KDV de \u00d6TV de \u00f6demeden alabiliyor.<\/p>\n<p><img decoding=\"async\" src=\"https:\/\/ikimisli.tr\/wp-content\/uploads\/2025\/07\/cari-acik-yuku-de-halkin-ustune-kaldi-1-STwHVOgA.jpg\"\/><\/p>\n<p>Bu arabay\u0131 alan y\u00fczde 80 \u00d6TV y\u00fczde 20 KDV \u00f6d\u00fcyor<\/p>\n<p><b><span>Y\u00fczde 27\u2019den ald\u0131lar 220\u2019ye \u00e7\u0131kard\u0131lar<\/span><\/b><\/p>\n<p>Yatlardan, teknelerden al\u0131nmayan vergi, araba sahiplerinden toplan\u0131yor. Vergi Uzman\u0131 Ozan Bing\u00f6l\u2019\u00fcn derlemesine nazaran otomotivde AKP\u2019nin iktidara geldi\u011fi 2002\u2019de vergi oranlar\u0131 y\u00fczde 27\u2019den ba\u015fl\u0131yordu. Bug\u00fcn ise bu vergi oranlar\u0131 y\u00fczde 70\u2019ten ba\u015fl\u0131yor y\u00fczde 220\u2019ye kadar \u00e7\u0131k\u0131yor. Bing\u00f6l, \u201cTemelde l\u00fcks t\u00fcketimi vergilemesi gereken \u00d6TV neden yatlara, kotralara uygulanm\u0131yor\u201d dedi. \u00d6teki yandan Hazine ve Maliye Bakanl\u0131\u011f\u0131\u2019n\u0131n datalar\u0131na nazaran y\u0131l\u0131n birinci 6 ay\u0131nda motorlu ta\u015f\u0131tlardan 315.3 milyar liral\u0131k \u00d6TV toplanm\u0131\u015ft\u0131. T\u0131pk\u0131 formda ara\u00e7 sahipleri 54.5 milyar liral\u0131k MTV de \u00f6dedi.\u00a0 <em><strong>Tolga U\u011eUR\/S\u00d6ZC\u00dc<\/strong><\/em><\/p>\n","protected":false},"excerpt":{"rendered":"<p>Vatanda\u015f ara\u00e7 alamazken iktidar \u00d6TV\u2019ye art\u0131r\u0131m \u00fcst\u00fcne art\u0131r\u0131m yap\u0131yor. Evvel \u015eim\u015fek, sonra Erdo\u011fan \u00d6TV\u2019yi art\u0131rd\u0131. Bir\u00e7ok ara\u00e7 y\u00fczde 11\u2019e varan oranda zamlanacak. Art\u0131r\u0131mlar ikinci ele de yans\u0131yacak. Zenginler ise yurt d\u0131\u015f\u0131ndan vergisiz tekne getirmeye devam edecek.<\/p>\n","protected":false},"author":1,"featured_media":59983,"comment_status":"open","ping_status":"open","sticky":false,"template":"","format":"standard","meta":{"footnotes":""},"categories":[24],"tags":[128,1637,382,3791],"class_list":["post-59982","post","type-post","status-publish","format-standard","has-post-thumbnail","hentry","category-ekonomi","tag-otomobil","tag-otv","tag-vergi","tag-yat"],"_links":{"self":[{"href":"https:\/\/ikimisli.tr\/index.php\/wp-json\/wp\/v2\/posts\/59982","targetHints":{"allow":["GET"]}}],"collection":[{"href":"https:\/\/ikimisli.tr\/index.php\/wp-json\/wp\/v2\/posts"}],"about":[{"href":"https:\/\/ikimisli.tr\/index.php\/wp-json\/wp\/v2\/types\/post"}],"author":[{"embeddable":true,"href":"https:\/\/ikimisli.tr\/index.php\/wp-json\/wp\/v2\/users\/1"}],"replies":[{"embeddable":true,"href":"https:\/\/ikimisli.tr\/index.php\/wp-json\/wp\/v2\/comments?post=59982"}],"version-history":[{"count":1,"href":"https:\/\/ikimisli.tr\/index.php\/wp-json\/wp\/v2\/posts\/59982\/revisions"}],"predecessor-version":[{"id":59986,"href":"https:\/\/ikimisli.tr\/index.php\/wp-json\/wp\/v2\/posts\/59982\/revisions\/59986"}],"wp:featuredmedia":[{"embeddable":true,"href":"https:\/\/ikimisli.tr\/index.php\/wp-json\/wp\/v2\/media\/59983"}],"wp:attachment":[{"href":"https:\/\/ikimisli.tr\/index.php\/wp-json\/wp\/v2\/media?parent=59982"}],"wp:term":[{"taxonomy":"category","embeddable":true,"href":"https:\/\/ikimisli.tr\/index.php\/wp-json\/wp\/v2\/categories?post=59982"},{"taxonomy":"post_tag","embeddable":true,"href":"https:\/\/ikimisli.tr\/index.php\/wp-json\/wp\/v2\/tags?post=59982"}],"curies":[{"name":"wp","href":"https:\/\/api.w.org\/{rel}","templated":true}]}}