{"id":60072,"date":"2025-07-26T03:23:56","date_gmt":"2025-07-26T03:23:56","guid":{"rendered":"https:\/\/ikimisli.tr\/?p=60072"},"modified":"2025-07-26T03:23:56","modified_gmt":"2025-07-26T03:23:56","slug":"70-yasina-kadar-markete-giremeyecek","status":"publish","type":"post","link":"https:\/\/ikimisli.tr\/index.php\/2025\/07\/26\/70-yasina-kadar-markete-giremeyecek\/","title":{"rendered":"70 ya\u015f\u0131na kadar markete giremeyecek"},"content":{"rendered":"<p>\u0130ngiltere&#8217;nin Norfolk kentinde ya\u015fayan 67 ya\u015f\u0131ndaki Jan Rhodes, \u00fclkenin \u00f6nde gelen s\u00fcpermarket zincirlerinden Asda ma\u011fazas\u0131na al\u0131\u015fveri\u015fe gitti\u011finde g\u00fcvenlik g\u00f6revlisinin kendisine yakla\u015f\u0131p i\u00e7eri girmesinin yasakland\u0131\u011f\u0131n\u0131 belirtti:<\/p>\n<p>&#8220;\u00dc\u00e7 eser almaya gitmi\u015ftim. G\u00fcvenlik geldi ve art\u0131k i\u00e7eri giremeyece\u011fimi s\u00f6yledi. Hi\u00e7bir vakit etiket de\u011fi\u015ftirmedim. \u00c7ok sinirliyim ve \u00e7ok \u00fczg\u00fcn\u00fcm. Y\u0131llard\u0131r oradan al\u0131\u015fveri\u015f yap\u0131yorum, oradaki bir\u00e7ok ki\u015fiyi tan\u0131yorum. Yaln\u0131zca yanl\u0131\u015f anla\u015f\u0131ld\u0131\u011f\u0131m\u0131 kan\u0131tlamak istiyorum.&#8221;<\/p>\n<p><b>PEK\u0130, MARKET NE D\u0130YOR?<\/b><\/p>\n<p>Ma\u011faza idaresi ise Jan&#8217;\u0131n CCTV kamera manzaralar\u0131nda yakaland\u0131\u011f\u0131n\u0131 ve bu davran\u0131\u015f\u0131 uzun m\u00fcddettir ger\u00e7ekle\u015ftirdi\u011fini \u00f6ne s\u00fcr\u00fcyor. Ayr\u0131yeten \u00e7al\u0131\u015fanlara kar\u015f\u0131 kaba ve sald\u0131rgan davrand\u0131\u011f\u0131n\u0131 da sav ediyor. Bir Asda s\u00f6zc\u00fcs\u00fc, a\u00e7\u0131klamas\u0131nda \u015fu s\u00f6zleri kulland\u0131:<\/p>\n<p>&#8220;M\u00fc\u015fterilerimizin ma\u011fazalar\u0131m\u0131za ve \u00e7al\u0131\u015fanlar\u0131m\u0131za h\u00fcrmet g\u00f6stermesini bekliyoruz. Rastgele bir mak\u00fbs davran\u0131\u015f\u0131 yahut istismar\u0131 asla tolere etmeyiz. Bir m\u00fc\u015fteriyi yasaklamak bizim i\u00e7in her vakit son devad\u0131r, lakin bu karar, tekrar eden rahats\u0131z edici ve sald\u0131rgan davran\u0131\u015flar nedeniyle al\u0131nm\u0131\u015ft\u0131r.&#8221;<\/p>\n<p><b>&#8220;YANLI\u015e K\u0130\u015e\u0130Y\u0130 SU\u00c7LUYORSUNUZ&#8221;<\/b><\/p>\n<p>Jan&#8217;\u0131n partneri Rob Gillies ise olayda ismi ge\u00e7en eserlerden birinin bir g\u00fcn evvel al\u0131nm\u0131\u015f bir paket bacon oldu\u011funu belirtiyor: &#8220;Son kullanma tarihine denk gelen g\u00fcn al\u0131nm\u0131\u015ft\u0131. Ben eseri geri g\u00f6t\u00fcr\u00fcp onlara g\u00f6sterdim.&#8221;<\/p>\n<p>Jan&#8217;\u0131n \u00fcvey k\u0131z\u0131 leanne Hutchings ise ma\u011fazaya \u015fahsen giderek durumu a\u00e7\u0131klamaya \u00e7al\u0131\u015ft\u0131:<\/p>\n<p>&#8220;Ona uzun m\u00fcddettir bunu yapt\u0131\u011f\u0131n\u0131 s\u00f6yl\u00fcyorlar. Ben de bunun bir kimlik kar\u0131\u015f\u0131kl\u0131\u011f\u0131 oldu\u011funu s\u00f6yledim. Ayr\u0131yeten agresif davrand\u0131\u011f\u0131n\u0131 sav ediyorlar lakin o biriyle asla berbat konu\u015fmaz.&#8221;<\/p>\n<p>\u00d6te yandan olay, toplumsal medyada &#8216;\u00e7eteci b\u00fcy\u00fckanne&#8217; etiketiyle g\u00fcndeme geldi. Pek \u00e7ok ki\u015fi bu durumun haks\u0131z bir yarg\u0131lamadan ibaret oldu\u011funu d\u00fc\u015f\u00fcn\u00fcrken, kimileri da b\u00fcy\u00fck ma\u011fazalar\u0131n g\u00fcvenlik tedbirlerini sorgulad\u0131&#8230;<\/p>\n","protected":false},"excerpt":{"rendered":"<p>67 ya\u015f\u0131ndaki bir bayan\u0131n, s\u00fcpermarket zincirinde eserlerdeki sar\u0131 indirim etiketlerini gizlice de\u011fi\u015ftirerek haks\u0131z yere indirim almaya \u00e7al\u0131\u015ft\u0131\u011f\u0131 gerek\u00e7esiyle 3 y\u0131l markete giri\u015fi yasakland\u0131. Fakat ya\u015fl\u0131 bayan ise su\u00e7lamalar\u0131 kesin bir lisanla reddediyor ve marketin &#8216;yanl\u0131\u015f b\u00fcy\u00fckanneyi&#8217; maksat ald\u0131\u011f\u0131n\u0131 s\u00f6yl\u00fcyor.<\/p>\n","protected":false},"author":1,"featured_media":60073,"comment_status":"open","ping_status":"open","sticky":false,"template":"","format":"standard","meta":{"footnotes":""},"categories":[43],"tags":[1103],"class_list":["post-60072","post","type-post","status-publish","format-standard","has-post-thumbnail","hentry","category-dunya","tag-magaza"],"_links":{"self":[{"href":"https:\/\/ikimisli.tr\/index.php\/wp-json\/wp\/v2\/posts\/60072","targetHints":{"allow":["GET"]}}],"collection":[{"href":"https:\/\/ikimisli.tr\/index.php\/wp-json\/wp\/v2\/posts"}],"about":[{"href":"https:\/\/ikimisli.tr\/index.php\/wp-json\/wp\/v2\/types\/post"}],"author":[{"embeddable":true,"href":"https:\/\/ikimisli.tr\/index.php\/wp-json\/wp\/v2\/users\/1"}],"replies":[{"embeddable":true,"href":"https:\/\/ikimisli.tr\/index.php\/wp-json\/wp\/v2\/comments?post=60072"}],"version-history":[{"count":1,"href":"https:\/\/ikimisli.tr\/index.php\/wp-json\/wp\/v2\/posts\/60072\/revisions"}],"predecessor-version":[{"id":60074,"href":"https:\/\/ikimisli.tr\/index.php\/wp-json\/wp\/v2\/posts\/60072\/revisions\/60074"}],"wp:featuredmedia":[{"embeddable":true,"href":"https:\/\/ikimisli.tr\/index.php\/wp-json\/wp\/v2\/media\/60073"}],"wp:attachment":[{"href":"https:\/\/ikimisli.tr\/index.php\/wp-json\/wp\/v2\/media?parent=60072"}],"wp:term":[{"taxonomy":"category","embeddable":true,"href":"https:\/\/ikimisli.tr\/index.php\/wp-json\/wp\/v2\/categories?post=60072"},{"taxonomy":"post_tag","embeddable":true,"href":"https:\/\/ikimisli.tr\/index.php\/wp-json\/wp\/v2\/tags?post=60072"}],"curies":[{"name":"wp","href":"https:\/\/api.w.org\/{rel}","templated":true}]}}