{"id":60086,"date":"2025-07-26T04:11:57","date_gmt":"2025-07-26T04:11:57","guid":{"rendered":"https:\/\/ikimisli.tr\/?p=60086"},"modified":"2025-07-26T04:11:57","modified_gmt":"2025-07-26T04:11:57","slug":"imamoglunun-diplomasini-iptal-etti-odulu-kapti","status":"publish","type":"post","link":"https:\/\/ikimisli.tr\/index.php\/2025\/07\/26\/imamoglunun-diplomasini-iptal-etti-odulu-kapti\/","title":{"rendered":"\u0130mamo\u011flu\u2019nun diplomas\u0131n\u0131 iptal etti: \u00d6d\u00fcl\u00fc kapt\u0131!"},"content":{"rendered":"<p>CHP\u2019nin Cumhurba\u015fkan\u0131 aday\u0131 Ekrem \u0130mamo\u011flu\u2019nun 31 y\u0131l evvel kazand\u0131\u011f\u0131 diploman\u0131n haks\u0131z formda iptal edildi\u011fini savunan parti idaresi, diplomay\u0131 geri almak i\u00e7in t\u00fczel te\u015febb\u00fcslerini s\u00fcrd\u00fcr\u00fcyor&#8230;<\/p>\n<p>Konuya ait kritik geli\u015fmeyi T24 muharriri Tolga \u015eardan kamuoyuyla payla\u015ft\u0131.<\/p>\n<p>\u015eardan, \u015funlar\u0131 kaydetti:<\/p>\n<p>\u0130stanbul B\u00fcy\u00fck\u015fehir Belediyesi\u2019nin (\u0130BB) tutuklu Ba\u015fkan\u0131 Ekrem \u0130mamo\u011flu\u2019nun diplomas\u0131n\u0131n ara\u015ft\u0131r\u0131lmas\u0131, yarg\u0131 s\u00fcrecinin en kritik evresiydi.<\/p>\n<p>Bilindi\u011fi \u00fczere; \u0130stanbul \u00dcniversitesi idaresinin diploman\u0131n iptal edildi\u011fi karar\u0131n\u0131 verdi\u011fi 18 Mart\u2019tan bir g\u00fcn sonra \u0130mamo\u011flu g\u00f6zalt\u0131na al\u0131nd\u0131 ve sonras\u0131nda tutukland\u0131.<\/p>\n<p>\u0130stanbul \u00dcniversitesi\u2019nin \u0130mamo\u011flu\u2019nun diplomas\u0131n\u0131 iptal etmesinin m\u00fcnasebeti ise, Y\u00d6K Denetleme Kurulu\u2019nca haz\u0131rlanan \u00f6zel rapor oldu\u011fu biliniyor.<\/p>\n<p>Y\u00d6K Denetleme Kurulu, \u0130mamo\u011flu\u2019nun diplomas\u0131n\u0131n d\u00fczmece olup olmad\u0131\u011f\u0131 istikametinde ba\u015flatt\u0131\u011f\u0131 ara\u015ft\u0131rmay\u0131, 17 \u015eubat 2025 tarihli raporla sonu\u00e7land\u0131rd\u0131. \u015eura raporunda, \u0130mamo\u011flu\u2019nun yatay ge\u00e7i\u015f kurallar\u0131n\u0131 sa\u011flad\u0131\u011f\u0131 lakin 1990 y\u0131l\u0131 prestijiyle Girne Amerikan \u00dcniversitesi\u2019nin denkli\u011finin Y\u00d6K taraf\u0131ndan tan\u0131nmad\u0131\u011f\u0131 bilgisi yer ald\u0131.<\/p>\n<p>Bunun \u00fczerine, \u0130stanbul Cumhuriyet Ba\u015fsavc\u0131l\u0131\u011f\u0131, \u0130mamo\u011flu hakk\u0131nda 22 \u015eubat\u2019ta \u201cresmi dok\u00fcmanda sahtecilik\u201d teziyle isimli soru\u015fturma i\u00e7in d\u00fc\u011fmeye bast\u0131.<\/p>\n<p>\u0130mamo\u011flu\u2019yla ilgili isimli s\u00fcre\u00e7 devam ederken, Y\u00d6K b\u00fcnyesindeki Denetleme Kurulu\u2019nda sessiz sedas\u0131z bir atama ger\u00e7ekle\u015ftirildi. Hatta bu atamaya pozisyonu yeterince \u201cterfi\u201d demek de m\u00fcmk\u00fcn.<\/p>\n<p>Ataman\u0131n s\u00fcrecini \u00f6zetlemek gerekirse; Y\u00d6K Denetleme Kurulu Ba\u015fkanl\u0131\u011f\u0131\u2019na 23 A\u011fustos 2024\u2019te atama yap\u0131ld\u0131. Evvelki Heyet Lideri Prof. Dr. Hamit Emrah Beri\u015f\u2019in \u00c7ukurova \u00dcniversitesi rekt\u00f6r\u00fc olmas\u0131ndan sonra, \u015fura \u00fcyelerinden Ercan \u00d6zkan, heyet ba\u015fkanl\u0131\u011f\u0131na getirildi.<\/p>\n<p>Ancak \u00d6zkan\u2019\u0131n bu atamas\u0131 \u201cvekaleten\u201d g\u00f6revlendirme oldu. \u00d6zkan\u2019\u0131n misyon m\u00fchleti vekaleten ba\u015fkanl\u0131k vazifesini y\u00fcr\u00fct\u00fcrken sona erdi. \u00d6zkan, 7 Kas\u0131m 2024\u2019te bir defa daha Cumhurba\u015fkan\u0131 Erdo\u011fan taraf\u0131ndan \u201cY\u00d6K Denetleme Kurulu \u00dcyesi\u201d olarak g\u00f6revlendirildi.<\/p>\n<p>\u00d6zkan\u2019\u0131n \u201cvekalet\u201d devri, \u0130mamo\u011flu s\u00fcrecine kadar devam etti.<\/p>\n<p>Y\u00d6K Denetleme Kurulu, \u0130mamo\u011flu\u2019nun diplomas\u0131n\u0131 ara\u015ft\u0131rmaya ba\u015flad\u0131 ve raporu \u0130BB Ba\u015fkan\u0131\u2019n\u0131n aleyhine g\u00f6r\u00fc\u015fle haz\u0131rlay\u0131p \u0130stanbul \u00dcniversitesi\u2019ne g\u00f6nderdi.<\/p>\n<p>Peki sonra ne oldu?<\/p>\n<p>\u015eubat\u2019ta raporun teslim edilmesinin ard\u0131ndan Mart 2025\u2019te vekil kurul ba\u015fkan\u0131 Ercan \u00d6zkan, g\u00f6reve \u201casaleten\u201d atand\u0131.<\/p>\n<p>B\u00f6ylece, \u0130mamo\u011flu hakk\u0131nda y\u00fcr\u00fct\u00fclen isimli s\u00fcrecin birinci talihlisi Y\u00d6K Denetleme Kurulu Ba\u015fkanl\u0131\u011f\u0131\u2019na asaleten atanan \u00d6zkan oldu.<\/p>\n","protected":false},"excerpt":{"rendered":"<p>Cumhurba\u015fkan\u0131 aday\u0131 Ekrem \u0130mamo\u011flu\u2019nun 31 y\u0131l evvel hak kazand\u0131\u011f\u0131 diploman\u0131n iptaline neden olan raporu Y\u00d6K Denetleme Kurulu ismine haz\u0131rlay\u0131p \u0130stanbul \u00dcniversitesi\u2019ne sunan vekil lider Ercan \u00d6zkan\u2019\u0131n, raporun tesliminden sonra Mart 2025\u2019te asaleten ba\u015fkanl\u0131\u011fa atand\u0131\u011f\u0131 ortaya \u00e7\u0131kt\u0131.<\/p>\n","protected":false},"author":1,"featured_media":60087,"comment_status":"open","ping_status":"open","sticky":false,"template":"","format":"standard","meta":{"footnotes":""},"categories":[25],"tags":[1116,36,7838,55,1154],"class_list":["post-60086","post","type-post","status-publish","format-standard","has-post-thumbnail","hentry","category-gundem","tag-atama","tag-gorev","tag-imamoglunun","tag-kurul","tag-ozkan"],"_links":{"self":[{"href":"https:\/\/ikimisli.tr\/index.php\/wp-json\/wp\/v2\/posts\/60086","targetHints":{"allow":["GET"]}}],"collection":[{"href":"https:\/\/ikimisli.tr\/index.php\/wp-json\/wp\/v2\/posts"}],"about":[{"href":"https:\/\/ikimisli.tr\/index.php\/wp-json\/wp\/v2\/types\/post"}],"author":[{"embeddable":true,"href":"https:\/\/ikimisli.tr\/index.php\/wp-json\/wp\/v2\/users\/1"}],"replies":[{"embeddable":true,"href":"https:\/\/ikimisli.tr\/index.php\/wp-json\/wp\/v2\/comments?post=60086"}],"version-history":[{"count":1,"href":"https:\/\/ikimisli.tr\/index.php\/wp-json\/wp\/v2\/posts\/60086\/revisions"}],"predecessor-version":[{"id":60088,"href":"https:\/\/ikimisli.tr\/index.php\/wp-json\/wp\/v2\/posts\/60086\/revisions\/60088"}],"wp:featuredmedia":[{"embeddable":true,"href":"https:\/\/ikimisli.tr\/index.php\/wp-json\/wp\/v2\/media\/60087"}],"wp:attachment":[{"href":"https:\/\/ikimisli.tr\/index.php\/wp-json\/wp\/v2\/media?parent=60086"}],"wp:term":[{"taxonomy":"category","embeddable":true,"href":"https:\/\/ikimisli.tr\/index.php\/wp-json\/wp\/v2\/categories?post=60086"},{"taxonomy":"post_tag","embeddable":true,"href":"https:\/\/ikimisli.tr\/index.php\/wp-json\/wp\/v2\/tags?post=60086"}],"curies":[{"name":"wp","href":"https:\/\/api.w.org\/{rel}","templated":true}]}}