{"id":60122,"date":"2025-07-26T06:23:57","date_gmt":"2025-07-26T06:23:57","guid":{"rendered":"https:\/\/ikimisli.tr\/?p=60122"},"modified":"2025-07-26T06:23:57","modified_gmt":"2025-07-26T06:23:57","slug":"minguzzi-ailesine-bir-destek-de-yrpden-geldi","status":"publish","type":"post","link":"https:\/\/ikimisli.tr\/index.php\/2025\/07\/26\/minguzzi-ailesine-bir-destek-de-yrpden-geldi\/","title":{"rendered":"Minguzzi ailesine bir destek de YRP&#8217;den geldi"},"content":{"rendered":"<p>Yeniden Refah Partisi Genel Lider Yard\u0131mc\u0131s\u0131 Suat K\u0131l\u0131\u00e7, \u0130stanbul Kadik\u00f6y\u2019de b\u0131\u00e7aklanarak \u00f6ld\u00fcr\u00fclen 14 ya\u015f\u0131ndaki Mattia Ahmet Minguzzi\u2019nin ailesinin meskenine giderek aile fertleriyle bir ortaya geldi.<\/p>\n<p>Yeniden Refah Partisi Genel Lider Yard\u0131mc\u0131s\u0131 Suat K\u0131l\u0131\u00e7, yarg\u0131lama s\u00fcrecinin s\u00fcratli tamamlanmas\u0131n\u0131, t\u00fcm faillerin yakalanarak adalet \u00f6n\u00fcne \u00e7\u0131kar\u0131lmas\u0131n\u0131 ve T\u00fcrk Ceza Kanunu&#8217;nda de\u011fi\u015fikli\u011fe gidilerek \u00e7ocuk katillerine indirimsiz a\u011f\u0131r cezalar\u0131n uygulanmas\u0131n\u0131 istedi.<\/p>\n<p><b>&#8220;A\u011eIRLA\u015eTIRILACAK OLAN KARARLAR M\u0130NGUZZ\u0130&#8217;N\u0130N KAT\u0130LLER\u0130NEUYGULANAMAYACAK MAALESEF&#8221;<\/b><\/p>\n<p>Ziyarette konu\u015fan Suat K\u0131l\u0131\u00e7, T\u00fcrkiye\u2019nin d\u00f6rt bir yan\u0131nda Ahmet Minguzzi&#8217;nin isminin parklara, caddelere, sokaklara verildi\u011fini belirterek, \u201cMattia Ahmet Minguzzi&#8217;nin ailesine ziyaretteyiz. T\u00fcrkiye&#8217;ye mal olmu\u015f bir cinayet. Kahredici bir cinayet. Sokakta rastgele bir vatanda\u015f\u0131m\u0131z\u0131n mevti elem verici, s\u0131k\u0131nt\u0131 verici b\u00fcy\u00fck bir hadisedir lakin bir gencin bir \u00e7ocu\u011fun sokak ortas\u0131nda hele \u0130stanbul \u00fczere bir metropolde bir \u00e7etenin cinayetine kurban gitmesi ayr\u0131yeten \u00e7ok kahredici bir durum. Annesinin y\u00fcre\u011fi, babas\u0131n\u0131n y\u00fcre\u011fi. Al\u0131\u015f\u0131lm\u0131\u015f ki b\u00fct\u00fcn aile bireylerinin y\u00fcre\u011fi yang\u0131n yeri lakin Mattia Ahmet Minguzzi cinayeti b\u00fct\u00fcn T\u00fcrkiye&#8217;ye mal oldu. \u00c7ocuklar\u0131m\u0131z\u0131 muhafaza konusunda sembol, cinayet haline geldi. Mattia Ahmet Minguzzi b\u00fct\u00fcn y\u00fcreklerde, g\u00f6n\u00fcllerde ya\u015f\u0131yor. T\u00fcrkiye&#8217;nin bir\u00e7ok yerinde, bir\u00e7ok park, cadde, soka\u011fa ismi verildi. \u0130smiyle ya\u015fayacak. Lakin ismiyle ya\u015famas\u0131n\u0131n yan\u0131 s\u0131ra bu cinayete sebep olan ruh halinin ya\u015famamas\u0131 laz\u0131m. \u015eunu hepimiz \u00e7ok uygun biliyoruz: Kanunlar aleyhe olan kararlar\u0131yla geriye y\u00fcr\u00fcmezler. San\u0131\u011f\u0131n lehine olan kararlar geriye y\u00fcr\u00fcr. San\u0131k lehine olan kararlardan istifade eder. Bug\u00fcn cezalar T\u00fcrkiye B\u00fcy\u00fck Millet Meclisi&#8217;nde a\u011f\u0131rla\u015ft\u0131r\u0131lacak olsa bile, a\u011f\u0131rla\u015ft\u0131r\u0131lacak olan kararlar Mattia Ahmet Minguzzi&#8217;nin katillerine a\u011f\u0131rla\u015ft\u0131r\u0131lm\u0131\u015f haliyle uygulanamayacak maalesef. Fakat bundan sonra bu t\u0131p olaylara y\u00f6nelik cayd\u0131r\u0131c\u0131l\u0131k i\u00e7ermesi a\u00e7\u0131s\u0131ndan cezalar\u0131n katiyetle art\u0131r\u0131lmas\u0131 laz\u0131m\u201d dedi.<\/p>\n<p><b>&#8220;ADALET HAK\u0130KATEN C\u00dcRM\u00dc \u0130\u015eLEYEN\u0130N LAYIK OLDU\u011eU CEZAYA MARUZ KALMASIDIR&#8221;<\/b><\/p>\n<p><img decoding=\"async\" src=\"https:\/\/ikimisli.tr\/wp-content\/uploads\/2025\/07\/minguzzi-ailesine-bir-destek-de-yrpden-geldi-0-QKDPNpJB.jpg\"\/><\/p>\n<p>K\u0131l\u0131\u00e7, \u201c\u00d6l\u00fcme sebep olanlar, \u00e7ocuk kategorisinden vakitle kabahat ve ceza, yapt\u0131r\u0131ms\u0131z kal\u0131yor. Daha do\u011frusu, kabahat cezas\u0131z kal\u0131yor. Hata cezas\u0131z kald\u0131\u011f\u0131nda, yeni katillerin elini kolunu sallayarak sokakta dola\u015fmalar\u0131na sebebiyet verilmi\u015f oluyor. Bu yarg\u0131lamada Ahmet&#8217;in katiline verilebilecek \u00fcst huduttan azam\u00ee ceza 24 y\u0131l. Rastgele bir indirim uygulanmad\u0131\u011f\u0131 takdirde ki indirim uygulanmas\u0131n\u0131 beklemiyoruz, hi\u00e7bir formda indirim uygulanmamal\u0131d\u0131r. 24 y\u0131ll\u0131k cezan\u0131n yatar\u0131 15 y\u0131ld\u0131r. Ko\u015fulla sal\u0131verme \u00fczere kararlar de devreye girdi\u011finde tahminen de Ahmet&#8217;in katilleri 8-10 y\u0131l sonra tahliye edilecek. Bu, vicdanlar\u0131 yaralayan bir durum. Yani bu, adalet de\u011fil. Adalet sahiden hatas\u0131 i\u015fleyenin lay\u0131k oldu\u011fu cezaya maruz kalmas\u0131d\u0131r. Hak\u00e7a bir yarg\u0131lama yap\u0131lmas\u0131d\u0131r. Yarg\u0131 s\u00fcre\u00e7lerinin kurall\u0131, s\u00fcratli ve eksiksiz \u00e7al\u0131\u015ft\u0131r\u0131lmas\u0131d\u0131r. Kan\u0131tlar\u0131n harfiyen toplanmas\u0131d\u0131r. Aile tehditler al\u0131yor. Aileye y\u00f6nelik \u00e7ok a\u011f\u0131r bir ruhsal bask\u0131 var. Bunlara devlet, emniyet ula\u015fam\u0131yor deniliyor. Buralara da ula\u015f\u0131lmas\u0131 laz\u0131m, s\u00fcratli bir halde. T\u00fcrkiye\u2019de toplumun bu ar\u0131zalardan ar\u0131nd\u0131r\u0131lmas\u0131 laz\u0131m\u201d diye konu\u015ftu.<\/p>\n<p><b>&#8220;B\u0130R\u00c7OK BAKANLI\u011eIN E\u015e VAK\u0130TL\u0130 OLARAK DEVREDE OLMASI GEREKEN B\u0130R DURUM&#8221;<\/b><\/p>\n<p>K\u0131l\u0131\u00e7, \u201c\u00d6te yandan bu cinayetleri olu\u015fturan, bu cinayetlere sebep olan, katil olan \u00e7ocuklar da bakt\u0131\u011f\u0131n\u0131z vakit bunlar da bu toplumun \u00e7\u0131kt\u0131s\u0131. Burada neler oluyor, buna bakmak laz\u0131m. Bu ailelerde neler ya\u015fan\u0131yor, buna bakmak laz\u0131m. Hukukun eksi\u011fi nedir, e\u011fitimin eksi\u011fi nedir, Aile Bakanl\u0131\u011f\u0131\u2019n\u0131n eksi\u011fi nedir? Bir\u00e7ok bakanl\u0131\u011f\u0131n e\u015f vakitli olarak devrede olmas\u0131 gereken bir durum. Milli E\u011fitim Bakan\u0131, Aile Bakan\u0131, Adalet Bakan\u0131, Gen\u00e7lik ve Spor Bakan\u0131, Sa\u011fl\u0131k Bakan\u0131, \u0130\u00e7i\u015fleri Bakan\u0131, hepsi e\u015f vakitli olarak bu hususa ba\u015f yormal\u0131d\u0131r. Bu bahis husus ba\u011f\u0131ml\u0131l\u0131\u011f\u0131yla, ailenin par\u00e7alanmas\u0131yla, e\u011fitimin eksilmesiyle, e\u011fitimin bozulmas\u0131yla, koku\u015fmas\u0131yla birlikte bir ortada de\u011ferlendirilmelidir\u201d tabirlerini kulland\u0131.<\/p>\n","protected":false},"excerpt":{"rendered":"<p>Yeniden Refah Partisi Genel Lider Yard\u0131mc\u0131s\u0131 Suat K\u0131l\u0131\u00e7, Kad\u0131k\u00f6y&#8217;de al\u0131\u015fveri\u015f yapmak i\u00e7in gitti\u011fi bit pazar\u0131nda u\u011frad\u0131\u011f\u0131 b\u0131\u00e7akl\u0131 h\u00fccum sonucu hayat\u0131n\u0131 kaybeden Mattia Ahmet Minguzzi\u2019nin ailesini konutlar\u0131nda ziyaret etti. K\u0131l\u0131\u00e7, \u201cBu cinayete sebep olan ruh halinin ortadan kald\u0131r\u0131lmas\u0131 ve davan\u0131n adil, s\u00fcratli bir halde sonu\u00e7lanmas\u0131 \u015fart\u201d dedi.<\/p>\n","protected":false},"author":1,"featured_media":60123,"comment_status":"open","ping_status":"open","sticky":false,"template":"","format":"standard","meta":{"footnotes":""},"categories":[25],"tags":[87,53,2432,163,118],"class_list":["post-60122","post","type-post","status-publish","format-standard","has-post-thumbnail","hentry","category-gundem","tag-aile","tag-ceza","tag-cinayet","tag-turk","tag-zaman"],"_links":{"self":[{"href":"https:\/\/ikimisli.tr\/index.php\/wp-json\/wp\/v2\/posts\/60122","targetHints":{"allow":["GET"]}}],"collection":[{"href":"https:\/\/ikimisli.tr\/index.php\/wp-json\/wp\/v2\/posts"}],"about":[{"href":"https:\/\/ikimisli.tr\/index.php\/wp-json\/wp\/v2\/types\/post"}],"author":[{"embeddable":true,"href":"https:\/\/ikimisli.tr\/index.php\/wp-json\/wp\/v2\/users\/1"}],"replies":[{"embeddable":true,"href":"https:\/\/ikimisli.tr\/index.php\/wp-json\/wp\/v2\/comments?post=60122"}],"version-history":[{"count":1,"href":"https:\/\/ikimisli.tr\/index.php\/wp-json\/wp\/v2\/posts\/60122\/revisions"}],"predecessor-version":[{"id":60125,"href":"https:\/\/ikimisli.tr\/index.php\/wp-json\/wp\/v2\/posts\/60122\/revisions\/60125"}],"wp:featuredmedia":[{"embeddable":true,"href":"https:\/\/ikimisli.tr\/index.php\/wp-json\/wp\/v2\/media\/60123"}],"wp:attachment":[{"href":"https:\/\/ikimisli.tr\/index.php\/wp-json\/wp\/v2\/media?parent=60122"}],"wp:term":[{"taxonomy":"category","embeddable":true,"href":"https:\/\/ikimisli.tr\/index.php\/wp-json\/wp\/v2\/categories?post=60122"},{"taxonomy":"post_tag","embeddable":true,"href":"https:\/\/ikimisli.tr\/index.php\/wp-json\/wp\/v2\/tags?post=60122"}],"curies":[{"name":"wp","href":"https:\/\/api.w.org\/{rel}","templated":true}]}}