{"id":60224,"date":"2025-07-26T12:23:58","date_gmt":"2025-07-26T12:23:58","guid":{"rendered":"https:\/\/ikimisli.tr\/?p=60224"},"modified":"2025-07-26T12:23:58","modified_gmt":"2025-07-26T12:23:58","slug":"caglayi-100-yerinden-bicaklayan-katilin-kan-donduran-alisveris-listesi","status":"publish","type":"post","link":"https:\/\/ikimisli.tr\/index.php\/2025\/07\/26\/caglayi-100-yerinden-bicaklayan-katilin-kan-donduran-alisveris-listesi\/","title":{"rendered":"\u00c7a\u011fla&#8217;y\u0131 100 yerinden b\u0131\u00e7aklayan katilin kan donduran al\u0131\u015fveri\u015f listesi!"},"content":{"rendered":"<p>Deh\u015fet veren olay, ge\u00e7en y\u0131l 15 Haziran&#8217;da ak\u015fam saatlerinde Arap Hasan Mahallesi&#8217;nde meydana geldi. \u015eerif Remzi Ortaokulu&#8217;ndan mezun Hacer \u00c7a\u011fla \u00c7etinalp, eski erkek arkada\u015f\u0131 U.E.Y. ile polis memuru babas\u0131 \u0130.U.\u00c7.&#8217;nin meskeninde bulu\u015ftu. \u00c7etinalp ve U.E.Y. ortas\u0131nda &#8216;k\u0131skan\u00e7l\u0131k&#8217; nedeniyle tart\u0131\u015fma \u00e7\u0131kt\u0131. Bu s\u0131rada U.E.Y., \u00c7a\u011fla \u00c7etinalp&#8217;i 100&#8217;\u00fc a\u015fk\u0131n b\u0131\u00e7ak darbesiyle b\u0131\u00e7aklad\u0131. \u00c7etinalp, meskene d\u00f6nen babas\u0131 \u0130.U.\u00c7. taraf\u0131ndan kanlar i\u00e7inde yerde yatarken bulundu. \u00c7a\u011f\u0131r\u0131lan s\u0131hhat vazifelilerinin denetiminde Hacer \u00c7a\u011fla \u00c7etinalp&#8217;in hayat\u0131n\u0131 kaybetti\u011fi belirlendi.<\/p>\n<p><b>15 YIL MAHPUS CEZASINA \u00c7ARPTIRILDI<\/b><\/p>\n<p>\u0130zmir Cumhuriyet Ba\u015fsavc\u0131l\u0131\u011f\u0131 taraf\u0131ndan y\u00fcr\u00fct\u00fclen soru\u015fturman\u0131n akabinde U.E.Y. hakk\u0131nda &#8216;\u00c7ocu\u011fu yahut v\u00fccut ve ruh bak\u0131m\u0131ndan kendini savunamayacak ki\u015fiyi tasarlayarak \u00f6ld\u00fcrme&#8217; c\u00fcrm\u00fcnden a\u011f\u0131rla\u015ft\u0131r\u0131lm\u0131\u015f m\u00fcebbet mahpus cezas\u0131 istemiyle dava a\u00e7\u0131ld\u0131. 16 Temmuz&#8217;da g\u00f6r\u00fclen duru\u015fmada karar \u00e7\u0131kt\u0131. Heyet, san\u0131\u011f\u0131 m\u00fcebbet mahpus cezas\u0131na \u00e7arpt\u0131r\u0131rken, ya\u015f\u0131 nedeniyle cezas\u0131 en \u00fcst hudut olan 15 y\u0131l mahpus cezas\u0131na \u00e7evrildi.<\/p>\n<p><b>\u0130K\u0130 AY EVVEL KARAR VERM\u0130\u015e<\/b><\/p>\n<p>U.E.Y. hakk\u0131nda verilen karar\u0131n m\u00fcnasebeti a\u00e7\u0131kland\u0131. Kararda; olaydan yakla\u015f\u0131k iki ay kadar evvel U.E.Y.&#8217;nin, \u00c7etinalp&#8217;i \u00f6ld\u00fcrmeye karar verdi\u011fi ve internette &#8216;kan lekesi \u00e7\u0131kan \u015feyler&#8217;, &#8216;tabanca fiyatlar\u0131&#8217;, &#8216;silah&#8217;, &#8216;\u0130zmir silah d\u00fckkan\u0131&#8217; ve &#8216;lateks pudras\u0131z eldiven&#8217; bi\u00e7iminde internet \u00fczerinden aramalar yapt\u0131\u011f\u0131 belirtildi. U.E.Y.&#8217;nin al\u0131nacaklar listesi yap\u0131p, listede &#8216;balta&#8217;, &#8216;sat\u0131r&#8217;, &#8216;\u00e7eki\u00e7&#8217;, &#8216;testere&#8217;, &#8216;b\u0131\u00e7ak seti&#8217;, &#8216;elektrikli matkap&#8217; formunda e\u015fyalar\u0131n yaz\u0131l\u0131 oldu\u011fu, ayr\u0131yeten internet \u00fczerinden forumlarda yer alan &#8216;bo\u011farak \u00f6ld\u00fcrmek&#8217;, &#8216;cinnet ge\u00e7iren, huduttan kuduran \u015fah\u0131slar neden elle bo\u011farak \u00f6ld\u00fcrmeyi tercih ediyor&#8217;, &#8216;bo\u011farak adam \u00f6ld\u00fcrme feti\u015fim var&#8217; ve &#8216;\u00e7\u0131plak elle adam \u00f6ld\u00fcrme sanat\u0131&#8217; bi\u00e7imindeki sayfalar\u0131 ziyaret etti\u011fine vurgu yap\u0131ld\u0131.<\/p>\n<p>15 ya\u015f\u0131ndaki Hacer&#8217;in y\u00fcz\u00fc a\u015fk\u0131n b\u0131\u00e7ak darbeli vefat\u0131na m\u00fcebbet istemi! Ayr\u0131nt\u0131lar kan dondurdu 15 ya\u015f\u0131ndaki Hacer&#8217;in y\u00fcz\u00fc a\u015fk\u0131n b\u0131\u00e7ak darbeli vefat\u0131na m\u00fcebbet istemi! Ayr\u0131nt\u0131lar kan dondurdu<\/p>\n<p><b>&#8216;SANA B\u0130R S\u00dcRPR\u0130Z\u0130M VAR&#8217;<\/b><\/p>\n<p>U.E.Y.&#8217;nin \u00c7etinalp&#8217;e, &#8216;Sana bir s\u00fcrprizim var. Odana ge\u00e7 ve beni bekle&#8217; dedi\u011fi akabinde cinayeti ger\u00e7ekle\u015ftirdi\u011fi kararda yer ald\u0131. U.E.Y.&#8217;nin olay g\u00fcn\u00fc pakl\u0131k eldiveni ald\u0131\u011f\u0131n\u0131n da alt\u0131 \u00e7izildi. Heyet, bu kan\u0131tlar \u0131\u015f\u0131\u011f\u0131nda U.E.Y.&#8217;nin, \u00c7etinalp&#8217;i \u00f6ld\u00fcrmeye karar vererek bu aksiyonu nas\u0131l ger\u00e7ekle\u015ftirece\u011fine ait plan yapt\u0131\u011f\u0131, akabinde da plan\u0131na uygun bi\u00e7imde hareket etti\u011fi ve tasarlayarak taamm\u00fcden \u00f6ld\u00fcrme hareketini ger\u00e7ekle\u015ftirdi\u011fi belirtildi.<\/p>\n","protected":false},"excerpt":{"rendered":"<p>\u0130zmir\u2019de 14 ya\u015f\u0131ndaki Hacer \u00c7a\u011fla \u00c7etinalp&#8217;i b\u0131\u00e7aklayarak \u00f6ld\u00fcren U.E.Y.&#8217;ye verilen 15 y\u0131l mahpus cezas\u0131n\u0131n m\u00fcnasebeti a\u00e7\u0131kland\u0131. Katilin cinayeti evvelden planlad\u0131\u011f\u0131; internette &#8216;kan lekesi \u00e7\u0131kan \u015feyler&#8217;, &#8216;tabanca fiyatlar\u0131&#8217;, &#8216;lateks eldiven&#8217; \u00fczere aramalar yapt\u0131\u011f\u0131, &#8216;balta&#8217;, &#8216;sat\u0131r&#8217;, &#8216;matkap&#8217; \u00fczere ara\u00e7lar\u0131n yer ald\u0131\u011f\u0131 bir al\u0131\u015fveri\u015f listesi haz\u0131rlad\u0131\u011f\u0131 belirtildi.<\/p>\n","protected":false},"author":1,"featured_media":60225,"comment_status":"open","ping_status":"open","sticky":false,"template":"","format":"standard","meta":{"footnotes":""},"categories":[25],"tags":[2591,149,4264],"class_list":["post-60224","post","type-post","status-publish","format-standard","has-post-thumbnail","hentry","category-gundem","tag-bicak","tag-karar","tag-oldurme"],"_links":{"self":[{"href":"https:\/\/ikimisli.tr\/index.php\/wp-json\/wp\/v2\/posts\/60224","targetHints":{"allow":["GET"]}}],"collection":[{"href":"https:\/\/ikimisli.tr\/index.php\/wp-json\/wp\/v2\/posts"}],"about":[{"href":"https:\/\/ikimisli.tr\/index.php\/wp-json\/wp\/v2\/types\/post"}],"author":[{"embeddable":true,"href":"https:\/\/ikimisli.tr\/index.php\/wp-json\/wp\/v2\/users\/1"}],"replies":[{"embeddable":true,"href":"https:\/\/ikimisli.tr\/index.php\/wp-json\/wp\/v2\/comments?post=60224"}],"version-history":[{"count":1,"href":"https:\/\/ikimisli.tr\/index.php\/wp-json\/wp\/v2\/posts\/60224\/revisions"}],"predecessor-version":[{"id":60226,"href":"https:\/\/ikimisli.tr\/index.php\/wp-json\/wp\/v2\/posts\/60224\/revisions\/60226"}],"wp:featuredmedia":[{"embeddable":true,"href":"https:\/\/ikimisli.tr\/index.php\/wp-json\/wp\/v2\/media\/60225"}],"wp:attachment":[{"href":"https:\/\/ikimisli.tr\/index.php\/wp-json\/wp\/v2\/media?parent=60224"}],"wp:term":[{"taxonomy":"category","embeddable":true,"href":"https:\/\/ikimisli.tr\/index.php\/wp-json\/wp\/v2\/categories?post=60224"},{"taxonomy":"post_tag","embeddable":true,"href":"https:\/\/ikimisli.tr\/index.php\/wp-json\/wp\/v2\/tags?post=60224"}],"curies":[{"name":"wp","href":"https:\/\/api.w.org\/{rel}","templated":true}]}}