{"id":6025,"date":"2025-01-23T00:35:50","date_gmt":"2025-01-23T00:35:50","guid":{"rendered":"https:\/\/ikimisli.tr\/?p=6025"},"modified":"2025-01-23T00:35:50","modified_gmt":"2025-01-23T00:35:50","slug":"izmirde-akilalmaz-olay-kumpirden-mi-oldu","status":"publish","type":"post","link":"https:\/\/ikimisli.tr\/index.php\/2025\/01\/23\/izmirde-akilalmaz-olay-kumpirden-mi-oldu\/","title":{"rendered":"\u0130zmir&#8217;de ak\u0131lalmaz olay: Kumpirden mi \u00f6ld\u00fc?"},"content":{"rendered":"<p>\u0130zmir&#8217;in Buca il\u00e7esinde bir i\u015fletmede yedi\u011fi kumpir sonras\u0131 zehirlenme ku\u015fkusuyla hastaneye kald\u0131r\u0131lan ve taburcu edilmesinin akabinde konutunda hayat\u0131n\u0131 kaybeden bayan\u0131n ailesi, i\u015fletme sahiplerinden \u015fikayet\u00e7i oldu.<\/p>\n<p>Buca&#8217;da ya\u015fayan Bahar Zeyrek, annesi Servet Polat ve 11 ya\u015f\u0131ndaki o\u011flu G\u00f6khan Zeyrek, 28 Aral\u0131k&#8217;ta Efeler Mahallesi&#8217;nde bulunan bir i\u015fletmede kumpir yedi. T\u0131pk\u0131 g\u00fcn kusma ve ishal \u015fikayetiyle Buca Seyfi Demirsoy E\u011fitim ve Ara\u015ft\u0131rma Hastanesi&#8217;ne giden aile, tedavilerinin akabinde konutlar\u0131na d\u00f6nd\u00fc.<\/p>\n<p><b>TABURCU ED\u0130LD\u0130, KONUTUNA GEL\u0130NCE \u00d6LD\u00dc<\/b><\/p>\n<p>Ertesi g\u00fcn rahats\u0131zl\u0131klar\u0131 devam eden anne, k\u0131z\u0131 ve torunu tekrar hastaneye ba\u015fvurdu, acil servisteki tedavileri sonras\u0131 taburcu edildi. Murat Polat, olaydan 2 g\u00fcn sonra meskende dinlenen annesi Servet Polat&#8217;\u0131 tuvalette hareketsiz halde buldu. Meskene gelen s\u0131hhat tak\u0131mlar\u0131, Polat&#8217;\u0131n \u00f6mr\u00fcn\u00fc yitirdi\u011fini belirledi.<\/p>\n<p>Polise kumpir yedikten sonra iki kere hastaneye gittiklerini anlatan aile \u00fcyeleri, kelam konusu i\u015fletmeden \u015fikayet\u00e7i oldu.<\/p>\n<p>Ayn\u0131 i\u015fletmeden yedikleri kumpir nedeniyle rahats\u0131zland\u0131klar\u0131n\u0131 sav eden ve tedavilerinin akabinde taburcu edilen 4 ki\u015fi de emniyete giderek i\u015fletme sahipleri hakk\u0131nda \u015fikayette bulundu. Bunun \u00fczerine \u0130l\u00e7e Tar\u0131m ve Orman M\u00fcd\u00fcrl\u00fc\u011f\u00fcnce i\u015f yerindeki eserlerden numune al\u0131nd\u0131.<\/p>\n<p>\u0130zmir \u0130simli T\u0131p Kurumunda otopsisi yap\u0131lan Servet Polat, Buca&#8217;da topra\u011fa verilirken, hususun ayr\u0131nt\u0131l\u0131ca ara\u015ft\u0131r\u0131lmas\u0131n\u0131 isteyen aile \u00fcyeleri, annelerinin mevt nedeninin ortaya \u00e7\u0131kaca\u011f\u0131 ayr\u0131nt\u0131l\u0131 otopsi sonucuna nazaran t\u00fcrel u\u011fra\u015f ba\u015flatacak.<\/p>\n<p><b>&#8216;ARKADA\u015eLARIM DA ZEH\u0130RLENM\u0130\u015eLER&#8217;<\/b><\/p>\n<p>Bahar Zeyrek, AA muhabirine, annelerinin hipertansiyon ve \u015feker hastas\u0131 oldu\u011funu, daha evvel de t\u0131pk\u0131 i\u015fletmede yemek yediklerini s\u00f6yledi.<\/p>\n<p>Ya\u015fanan olaydan derin \u0131st\u0131rap duyduklar\u0131n\u0131 vurgulayan Zeyrek, &#8220;Arkada\u015flar\u0131m da orada kumpir yemi\u015fler, onlar da zehirlenmi\u015fler. Bizim yedi\u011fimiz kumpirde havu\u00e7 tarator, tavuk, sosisli bir meze vard\u0131. Annem yerken, &#8216;Bahar benim midem \u00e7ok bulan\u0131yor&#8217; dedi. &#8216;Anne yiyemiyorsan b\u0131rak art\u0131k yeme&#8217; dedim ancak yemi\u015fti. O\u011flum da pizza istemi\u015fti. Pizza gelene kadar o\u011flum da kumpir yedi. O\u011flum hala ishal. A\u011fr\u0131s\u0131 hala devam ediyor.&#8221; s\u00f6zlerini kulland\u0131.<\/p>\n<p><b>OTOPS\u0130 SONUCU BEKLEN\u0130YOR<\/b><\/p>\n<p>Zeyrek, i\u015f yerinin kusurlu oldu\u011funu \u00f6ne s\u00fcrerek, \u015f\u00f6yle konu\u015ftu:<\/p>\n<p>&#8220;Annemin vefat etti\u011fi g\u00fcn polisler meskene geldi. Polis tak\u0131mlar\u0131, Tar\u0131m ve Orman Bakanl\u0131\u011f\u0131 taraf\u0131ndan i\u015fletmeden numune al\u0131nd\u0131\u011f\u0131n\u0131, otopsi ile birlikte her \u015feyin ortaya \u00e7\u0131kaca\u011f\u0131n\u0131 s\u00f6ylediler. \u015eu an annemin otopsi sonucunu bekliyoruz. Otopsi sonucu \u00e7\u0131kt\u0131ktan sonra u\u011fra\u015f\u0131m\u0131za devam edece\u011fiz. Bu i\u015fin pe\u015fini b\u0131rakmayaca\u011f\u0131z. \u015eu an o i\u015fletme kapat\u0131ld\u0131. Sorumlular bunun hesab\u0131n\u0131 verecek.&#8221;<\/p>\n","protected":false},"excerpt":{"rendered":"<p>\u0130zmir&#8217;in Buca il\u00e7esinde bir i\u015fletmede yedi\u011fi kumpir sonras\u0131 zehirlenme ku\u015fkusuyla hastaneye kald\u0131r\u0131lan ve taburcu edilmesinin akabinde meskeninde \u00f6ld\u00fc. Hayat\u0131n\u0131 kaybeden bayan\u0131n ailesi, i\u015fletme sahipleri hakk\u0131nda \u015fikayette bulundu.<\/p>\n","protected":false},"author":1,"featured_media":6026,"comment_status":"open","ping_status":"open","sticky":false,"template":"","format":"standard","meta":{"footnotes":""},"categories":[25],"tags":[524,1595,1593,1594,1596],"class_list":["post-6025","post","type-post","status-publish","format-standard","has-post-thumbnail","hentry","category-gundem","tag-is","tag-isletmede","tag-kumpir","tag-otopsi","tag-polat"],"_links":{"self":[{"href":"https:\/\/ikimisli.tr\/index.php\/wp-json\/wp\/v2\/posts\/6025","targetHints":{"allow":["GET"]}}],"collection":[{"href":"https:\/\/ikimisli.tr\/index.php\/wp-json\/wp\/v2\/posts"}],"about":[{"href":"https:\/\/ikimisli.tr\/index.php\/wp-json\/wp\/v2\/types\/post"}],"author":[{"embeddable":true,"href":"https:\/\/ikimisli.tr\/index.php\/wp-json\/wp\/v2\/users\/1"}],"replies":[{"embeddable":true,"href":"https:\/\/ikimisli.tr\/index.php\/wp-json\/wp\/v2\/comments?post=6025"}],"version-history":[{"count":1,"href":"https:\/\/ikimisli.tr\/index.php\/wp-json\/wp\/v2\/posts\/6025\/revisions"}],"predecessor-version":[{"id":6027,"href":"https:\/\/ikimisli.tr\/index.php\/wp-json\/wp\/v2\/posts\/6025\/revisions\/6027"}],"wp:featuredmedia":[{"embeddable":true,"href":"https:\/\/ikimisli.tr\/index.php\/wp-json\/wp\/v2\/media\/6026"}],"wp:attachment":[{"href":"https:\/\/ikimisli.tr\/index.php\/wp-json\/wp\/v2\/media?parent=6025"}],"wp:term":[{"taxonomy":"category","embeddable":true,"href":"https:\/\/ikimisli.tr\/index.php\/wp-json\/wp\/v2\/categories?post=6025"},{"taxonomy":"post_tag","embeddable":true,"href":"https:\/\/ikimisli.tr\/index.php\/wp-json\/wp\/v2\/tags?post=6025"}],"curies":[{"name":"wp","href":"https:\/\/api.w.org\/{rel}","templated":true}]}}