{"id":60267,"date":"2025-07-26T14:47:56","date_gmt":"2025-07-26T14:47:56","guid":{"rendered":"https:\/\/ikimisli.tr\/?p=60267"},"modified":"2025-07-26T14:47:56","modified_gmt":"2025-07-26T14:47:56","slug":"samsunspor-almere-citye-yenildi","status":"publish","type":"post","link":"https:\/\/ikimisli.tr\/index.php\/2025\/07\/26\/samsunspor-almere-citye-yenildi\/","title":{"rendered":"Samsunspor, Almere City&#8217;e yenildi"},"content":{"rendered":"<p>Yeni d\u00f6nem haz\u0131rl\u0131klar\u0131n\u0131 s\u00fcrd\u00fcren Samsunspor, \u00fc\u00e7\u00fcnc\u00fc haz\u0131rl\u0131k ma\u00e7\u0131nda Hollanda tak\u0131mlar\u0131ndan Almere City FC&#8217;ye 2-1 ma\u011flup oldu.<\/p>\n<p>Hollanda&#8217;n\u0131n Arnhem kentindeki RKSV Driel Tesisleri&#8217;nde oynanan m\u00fcsabakay\u0131 Hollandal\u0131 hakem Stan Smit y\u00f6netti.<\/p>\n<p>Teknik y\u00f6netici Thomas Reis, k\u0131rm\u0131z\u0131-beyazl\u0131 grubu Almera City kar\u015f\u0131s\u0131na, Efe Berat, Zeki Yavru, Soner G\u00f6n\u00fcl, Yunus Emre \u00c7ift, Rick Drongelen, Soner Aydo\u011fdu, Antonie Makoumbou, Emre K\u0131l\u0131n\u00e7, Oliver Ncham, Antoney Musaba ve Nany Dimata birinci 11&#8217;i ile \u00e7\u0131kartt\u0131.<\/p>\n<p>Jeroen Rijsdijk&#8217;in \u00e7al\u0131\u015ft\u0131rd\u0131\u011f\u0131 Almere City FC ise ma\u00e7a Jonas Wendlinger, Boyd Reith, Joey Jacobs, James Lawrence, Teun Bijleveld, Enzo Cornelisse, Byron Burgering, Jochem Ritmeester, Julian Rijkhoff, Junior Kadile ve Jamie Jacobs 11&#8217;i ile ba\u015flad\u0131.<\/p>\n<p>Kar\u015f\u0131la\u015fma, 2-1 Almera City&#8217;nin \u00fcst\u00fcnl\u00fc\u011f\u00fcyle sona erdi. Hollanda temsilcisinin gollerini 38. dakikada Jamie Jacobs ve 44. dakikada Julian Rijkhoff kaydederken, k\u0131rm\u0131z\u0131-beyazl\u0131 ekibin gol\u00fc 76. dakikada, oyuna ikinci yar\u0131da dahil olan Bedirhan \u00c7etin&#8217;den geldi.<\/p>\n<p>Bu ma\u00e7 ile Samsunspor, Hollanda kamp\u0131n\u0131 tamamlad\u0131 ve futbolculara 2 g\u00fcn m\u00fcsaade verildi. Karadeniz grubu, 28 Temmuz Pazartesi g\u00fcn\u00fc Samsun&#8217;da kendi tesislerinde toplanarak haz\u0131rl\u0131klar\u0131na devam edecek.<\/p>\n<p>Samsunspor, 1 A\u011fustos Cuma g\u00fcn\u00fc, Samsun 19 May\u0131s Stadyumu&#8217;nda Fransa Ligue 2 kadrosu USL Dunkerque ile d\u00f6nem a\u00e7\u0131l\u0131\u015f ma\u00e7\u0131nda kar\u015f\u0131 kar\u015f\u0131ya gelecek.<\/p>\n","protected":false},"excerpt":{"rendered":"<p>Samsunspor, Hollanda kamp\u0131ndaki son haz\u0131rl\u0131k ma\u00e7\u0131nda Almere City&#8217;e ma\u011flup oldu.<\/p>\n","protected":false},"author":1,"featured_media":60268,"comment_status":"open","ping_status":"open","sticky":false,"template":"","format":"standard","meta":{"footnotes":""},"categories":[30],"tags":[541,1555],"class_list":["post-60267","post","type-post","status-publish","format-standard","has-post-thumbnail","hentry","category-spor","tag-hollanda","tag-samsun"],"_links":{"self":[{"href":"https:\/\/ikimisli.tr\/index.php\/wp-json\/wp\/v2\/posts\/60267","targetHints":{"allow":["GET"]}}],"collection":[{"href":"https:\/\/ikimisli.tr\/index.php\/wp-json\/wp\/v2\/posts"}],"about":[{"href":"https:\/\/ikimisli.tr\/index.php\/wp-json\/wp\/v2\/types\/post"}],"author":[{"embeddable":true,"href":"https:\/\/ikimisli.tr\/index.php\/wp-json\/wp\/v2\/users\/1"}],"replies":[{"embeddable":true,"href":"https:\/\/ikimisli.tr\/index.php\/wp-json\/wp\/v2\/comments?post=60267"}],"version-history":[{"count":1,"href":"https:\/\/ikimisli.tr\/index.php\/wp-json\/wp\/v2\/posts\/60267\/revisions"}],"predecessor-version":[{"id":60269,"href":"https:\/\/ikimisli.tr\/index.php\/wp-json\/wp\/v2\/posts\/60267\/revisions\/60269"}],"wp:featuredmedia":[{"embeddable":true,"href":"https:\/\/ikimisli.tr\/index.php\/wp-json\/wp\/v2\/media\/60268"}],"wp:attachment":[{"href":"https:\/\/ikimisli.tr\/index.php\/wp-json\/wp\/v2\/media?parent=60267"}],"wp:term":[{"taxonomy":"category","embeddable":true,"href":"https:\/\/ikimisli.tr\/index.php\/wp-json\/wp\/v2\/categories?post=60267"},{"taxonomy":"post_tag","embeddable":true,"href":"https:\/\/ikimisli.tr\/index.php\/wp-json\/wp\/v2\/tags?post=60267"}],"curies":[{"name":"wp","href":"https:\/\/api.w.org\/{rel}","templated":true}]}}