{"id":60313,"date":"2025-07-26T17:35:57","date_gmt":"2025-07-26T17:35:57","guid":{"rendered":"https:\/\/ikimisli.tr\/?p=60313"},"modified":"2025-07-26T17:35:57","modified_gmt":"2025-07-26T17:35:57","slug":"bakan-kotu-haberi-verdi-cok-riskli-diyerek-yarini-isaret-etti","status":"publish","type":"post","link":"https:\/\/ikimisli.tr\/index.php\/2025\/07\/26\/bakan-kotu-haberi-verdi-cok-riskli-diyerek-yarini-isaret-etti\/","title":{"rendered":"Bakan k\u00f6t\u00fc haberi verdi: &#8216;\u00c7ok riskli&#8217; diyerek yar\u0131n\u0131 i\u015faret etti"},"content":{"rendered":"<p>Tar\u0131m ve Orman Bakan\u0131 \u0130brahim Yumakl\u0131, Sakarya ve Bilecik ile Eski\u015fehir&#8217;de ba\u015flay\u0131p Afyonkarahisar&#8217;a ula\u015fan orman yang\u0131nlar\u0131n\u0131n b\u00fcsb\u00fct\u00fcn denetim alt\u0131na al\u0131nd\u0131\u011f\u0131n\u0131 bildirdi. Yumakl\u0131, &#8220;Yar\u0131ndan itibaren b\u00fct\u00fcn hava s\u0131cakl\u0131klar\u0131n\u0131n 10 derece daha artaca\u011f\u0131n\u0131 belirttiler. Halihaz\u0131rda ge\u00e7en y\u0131lki yang\u0131nlar \u00fczere, daha evvelki yang\u0131nlar \u00fczere bir d\u00fc\u015fmanla de\u011fil, daha g\u00fc\u00e7l\u00fc bir d\u00fc\u015fmanla kar\u015f\u0131 kar\u015f\u0131yay\u0131z.&#8221; dedi.\u00a0<\/p>\n<p>Tar\u0131m ve Orman Bakan\u0131 \u0130brahim Yumakl\u0131, Karab\u00fck&#8217;te orman yang\u0131nlar\u0131 \u00e7\u0131kan b\u00f6lgelerde incelemelerde bulunarak yetkililerden bilgi ald\u0131.Daha sonra merkeze ba\u011fl\u0131 Cemaller Orman Deposuna gelen Yumakl\u0131, uyum toplant\u0131s\u0131n\u0131n akabinde gazetecilere a\u00e7\u0131klama yapt\u0131.<\/p>\n<p>Yumakl\u0131, memleketin bir tek kolu i\u00e7in, bir k\u00fc\u00e7\u00fck ta\u015f\u0131 i\u00e7in g\u00f6z\u00fcn\u00fc k\u0131rpmadan can\u0131n\u0131 feda edebilecek milletin mensubu olmaktan gurur duydu\u011funu belirterek, Eski\u015fehir&#8217;in Seyitgazi il\u00e7esinde \u00e7\u0131k\u0131p Afyonkarahisar&#8217;a s\u0131\u00e7rayan orman yang\u0131n\u0131nda \u015fehit olan 5 orman \u00e7al\u0131\u015fan\u0131 ile 5 AKUT g\u00f6n\u00fcll\u00fcs\u00fcne Allah&#8217;tan rahmet, ailelerine ve yak\u0131nlar\u0131na ba\u015fsa\u011fl\u0131\u011f\u0131 ve sab\u0131r diledi.<\/p>\n<p>Yang\u0131nlarla orta vermeden gayret ederken maalesef \u00e7e\u015fitli dezenformasyonlar\u0131n, palavra bilgilerin ve iftiralar\u0131n ortaya sa\u00e7\u0131ld\u0131\u011f\u0131n\u0131 g\u00f6rd\u00fcklerini lisana getiren Yumakl\u0131, bunlara kar\u015f\u0131l\u0131k vermeyeceklerini, yaln\u0131zca ve yaln\u0131zca do\u011fruyu anlatacaklar\u0131n\u0131 kaydetti.<\/p>\n<p>Yumakl\u0131, bug\u00fcne kadar oldu\u011fu \u00fczere bundan sonra da yanl\u0131\u015fs\u0131z ve vaktinde bilgiyle kamuoyunu en g\u00fczel formda bilgilendirmeye devam edeceklerini vurgulayarak, &#8220;Yalan ve dedikoduyla prim elde etmek isteyenlerin ya da tart\u0131\u015fmayla kendisine durum elde etmek isteyenlerin bu isteklerine, bu maksatlar\u0131na ula\u015fmas\u0131na m\u00fcsaade vermeyece\u011fiz. Onlar\u0131 milletimizin engin ferasetine havale ediyoruz.&#8221; diye konu\u015ftu.<\/p>\n<p><b>&#8216;BU HAFTA \u00c7OK R\u0130SKL\u0130&#8217;<\/b><\/p>\n<p>Bu haftan\u0131n \u00e7ok riskli oldu\u011funu defaten belirttiklerini hat\u0131rlatan Yumakl\u0131, \u015f\u00f6yle devam etti:<\/p>\n<p>&#8211; Bug\u00fcn de d\u00fcn de \u00fclkemizin farkl\u0131 yerlerinde maalesef yang\u0131nlar oldu, ba\u015flad\u0131. Onlarla ilgili sizlere son durumun bilgisini vermek istiyorum. Bug\u00fcn 37&#8217;si ormanl\u0131k alanda, 36&#8217;s\u0131 da k\u0131rsal alanda, yani ormanl\u0131k d\u0131\u015f\u0131 alanda olmak \u00fczere toplam 73 yang\u0131nla u\u011fra\u015f edildi. Sakarya&#8217;n\u0131n Geyve il\u00e7esinde ba\u015flay\u0131p Bilecik Osmaneli&#8217;ye kadar ula\u015fan Boz\u00f6ren yang\u0131n\u0131n\u0131, yeniden Sakarya&#8217;n\u0131n Do\u011fan\u00e7ay ve Bilecik&#8217;e ula\u015fan Bayat yang\u0131n\u0131n\u0131 b\u00fcsb\u00fct\u00fcn denetim alt\u0131na alm\u0131\u015f bulunuyoruz. \u015eehitler verdi\u011fimiz Eski\u015fehir Seyitgazi&#8217;deki yang\u0131n\u0131 da ki Afyon hududuna kadar ula\u015fm\u0131\u015ft\u0131, bunlar\u0131 da an prestijiyle b\u00fcsb\u00fct\u00fcn denetim alt\u0131na ald\u0131\u011f\u0131m\u0131z\u0131 belirtmek istiyorum.<\/p>\n<p>&#8211; Bug\u00fcn ba\u015flayan Mersin Anamur, Antalya Aksu Kur\u015funlu, Mu\u011fla Yata\u011fan yang\u0131nlar\u0131 da denetim alt\u0131na al\u0131nd\u0131. Yeniden bug\u00fcn ba\u015flayan Antalya Muratpa\u015fa G\u00fczeloba, U\u015fak Sivasl\u0131, Adana Kozan, Denizli Ac\u0131payam, Antalya Alanya S\u00f6\u011f\u00fct yang\u0131nlar\u0131n\u0131 da b\u00fcy\u00fck \u00f6l\u00e7\u00fcde denetim alt\u0131na ald\u0131k. \u015eu anda buralarda so\u011futma \u00e7al\u0131\u015fmalar\u0131m\u0131z devam ediyor.<\/p>\n<p>Bakan Yumakl\u0131, Karab\u00fck&#8217;\u00fcn Safranbolu ve Ovac\u0131k il\u00e7elerinde ba\u015flayan iki ba\u015fka yang\u0131n\u0131n da devam etti\u011fini aktararak, &#8220;Buraya 2 u\u00e7ak, 19 helikopter ve kara ara\u00e7lar\u0131m\u0131zla m\u00fcdahaleyi s\u00fcrd\u00fcr\u00fcyoruz. Alan\u0131n geni\u015f olmas\u0131 hasebiyle ve co\u011frafyan\u0131n \u00e7ok k\u0131r\u0131kl\u0131, engebeli, kanyonlarla ve dik kayal\u0131klarla dolu olmas\u0131 sebebiyle bizi biraz u\u011fra\u015ft\u0131racak \u00fczere lakin arkada\u015flar\u0131m\u0131z alanda konumlanmalar\u0131n\u0131 ger\u00e7ekle\u015ftirdiler, m\u00fcdahale ediyorlar. Vakit zaman burada da belirtti\u011fimiz \u00fczere karars\u0131z r\u00fczgarlar\u0131n i\u015fimizi g\u00fc\u00e7le\u015ftirmesi kelam konusu ancak in\u015fallah \u00fcstesinden gelece\u011fiz.&#8221; s\u00f6zlerini kulland\u0131.<\/p>\n<p><b>PERGE ANT\u0130K KENT\u0130\u00a0ZARAR G\u00d6RMED\u0130<\/b><\/p>\n<p>Bakan Yumakl\u0131, Antalya Gazipa\u015fa&#8217;da orman d\u0131\u015f\u0131 alanda ba\u015flayan yang\u0131na 2 u\u00e7ak, 8 helikopter ve kara \u00f6geleriyle m\u00fcdahalenin s\u00fcrd\u00fc\u011f\u00fcn\u00fc lisana getirerek, &#8220;Bu ortada tekrar polemik konusu yap\u0131lan, denetim alt\u0131na ald\u0131\u011f\u0131m\u0131z Aksu Kur\u015funlu yang\u0131n\u0131yla ilgili bir not vereyim. Burada Perge Antik Kenti&#8217;ne kadar ula\u015fm\u0131\u015ft\u0131 fakat antik kente rastgele bir ziyan\u0131 olmad\u0131. Son olarak bu bas\u0131n toplant\u0131s\u0131na gelmeden \u00f6nce Manisa Akhisar&#8217;da tekrar orman d\u0131\u015f\u0131 alanda ba\u015flayan yang\u0131na 4 u\u00e7ak ve 10 helikopterle m\u00fcdahalemiz devam ediyor. Hava karard\u0131ktan sonra da b\u00fct\u00fcn g\u00fcc\u00fcm\u00fczle y\u00fcklenmeye devam edece\u011fiz.&#8221; halinde konu\u015ftu.<\/p>\n<p>Yumakl\u0131, T\u00fcrkiye&#8217;de b\u00fct\u00fcn yang\u0131nlarla bir sava\u015f halinde olduklar\u0131n\u0131 vurgulayarak, yorulmayan, dinlenmeyen, ac\u0131kmayan, r\u00fczgarla \u00e7ok s\u00fcratli ara kat eden, s\u0131cakl\u0131kla g\u00fc\u00e7 toplayan bir d\u00fc\u015fmandan bahsetti\u011fini s\u00f6yledi.<\/p>\n<p>B\u00f6lgelerde fevkal\u00e2de hava kaidelerinin ya\u015fand\u0131\u011f\u0131na i\u015faret eden Yumakl\u0131, b\u00fct\u00fcn vakitlerin s\u0131cakl\u0131k rekorunun bug\u00fcn k\u0131r\u0131ld\u0131\u011f\u0131n\u0131 kaydetti.<\/p>\n<p><b>YARIN HAVA SICAKLI\u011eI 10 DERECE ARTACAK<\/b><\/p>\n<p>Meteoroloji Genel M\u00fcd\u00fcrl\u00fc\u011f\u00fcn\u00fcn bug\u00fcn yay\u0131nlad\u0131\u011f\u0131 bir bilginin, kendilerini daha b\u00fcy\u00fck tasaya sevk etti\u011fini aktaran Yumakl\u0131, kelamlar\u0131n\u0131 \u015f\u00f6yle s\u00fcrd\u00fcrd\u00fc:<\/p>\n<p>&#8211; Yar\u0131ndan itibaren b\u00fct\u00fcn hava s\u0131cakl\u0131klar\u0131n\u0131n 10 derece daha artaca\u011f\u0131n\u0131 belirttiler. Halihaz\u0131rda ge\u00e7en y\u0131lki yang\u0131nlar \u00fczere, daha evvelki yang\u0131nlar \u00fczere bir d\u00fc\u015fmanla de\u011fil, daha g\u00fc\u00e7l\u00fc bir d\u00fc\u015fmanla kar\u015f\u0131 kar\u015f\u0131yay\u0131z. Bunun alt\u0131n\u0131 bilhassa \u00e7izmek istiyorum. B\u00f6ylesine bir d\u00fc\u015fmanla elbette 2 as\u0131rl\u0131k deneyimiyle orman te\u015fkilat\u0131, valili\u011fimiz uyumunda AFAD ba\u015fta olmak \u00fczere b\u00fct\u00fcn kurum ve kurulu\u015flar\u0131m\u0131z, b\u00fct\u00fcn sivil toplum kurulu\u015flar\u0131m\u0131z, g\u00f6nl\u00fc bu vatan\u0131n bir k\u0131sm\u0131na bile halel gelmesine m\u00fcsaade vermeyecek vatanda\u015flar\u0131m\u0131zla u\u011fra\u015f ediyoruz. Bu yang\u0131nlar\u0131 da s\u00f6nd\u00fcrece\u011fiz elbette, bundan evvelkiler de oldu\u011fu \u00fczere. Bundan hi\u00e7 kimsenin ku\u015fkusu olmas\u0131n.<\/p>\n<p>Yumakl\u0131, 86 milyon vatanda\u015f\u0131n \u00fczerine d\u00fc\u015fen misyon bulundu\u011funu, bu \u00e7abay\u0131 tek ba\u015flar\u0131na kazanamayacaklar\u0131n\u0131n alt\u0131n\u0131 \u00e7izerek, &#8220;L\u00fctfen a\u00e7\u0131k alanda ate\u015f yakmay\u0131n. A\u00e7\u0131k alanda yapt\u0131\u011f\u0131n\u0131z faaliyet her neyse, alev almaya m\u00fcsait bir ortamsa, a\u00e7\u0131k alan, i\u015fte a\u011fa\u00e7lara, ormana uzak diye d\u00fc\u015f\u00fcnmeyin. Aniden ne oldu\u011funu anlamadan, i\u015fte bug\u00fcn i\u00e7inde bulundu\u011fumuz Karab\u00fck&#8217;te ya\u015fad\u0131\u011f\u0131m\u0131z \u015feyi ya\u015fayabiliriz. B\u00fct\u00fcn vatanda\u015flar\u0131ma sa\u011fduyular\u0131 i\u00e7in, bize takviyeleri i\u00e7in, bize dualar\u0131 i\u00e7in can\u0131g\u00f6n\u00fclden te\u015fekk\u00fcr ediyorum. S\u00f6nd\u00fcrme \u00e7al\u0131\u015fmalar\u0131na kat\u0131lan b\u00fct\u00fcn karde\u015flerime kolayl\u0131klar diliyorum. Allah ayaklar\u0131na ta\u015f de\u011fdirmesin.&#8221; diye konu\u015ftu.<\/p>\n<p>Bakan Yumakl\u0131&#8217;ya, Karab\u00fck Valisi Mustafa Yavuz, AK Parti Karab\u00fck milletvekilleri Cem \u015eahin ve Durmu\u015f Ali Keskink\u0131l\u0131\u00e7, Karab\u00fck Belediye Ba\u015fkan\u0131 \u00d6zkan \u00c7etinkaya, AFAD ve orman te\u015fkilat\u0131ndan yetkililer e\u015flik etti.<\/p>\n","protected":false},"excerpt":{"rendered":"<p>Tar\u0131m ve Orman Bakan\u0131 \u0130brahim Yumakl\u0131, bu haftan\u0131n orman yang\u0131nlar\u0131 i\u00e7in \u00e7ok riskli oldu\u011funu belirterek yar\u0131ndan itibaren hava s\u0131cakl\u0131klar\u0131n\u0131n 10 derece daha artaca\u011f\u0131n\u0131 a\u00e7\u0131klad\u0131.<\/p>\n","protected":false},"author":1,"featured_media":60314,"comment_status":"open","ping_status":"open","sticky":false,"template":"","format":"standard","meta":{"footnotes":""},"categories":[25],"tags":[3960,775,505,1690,264],"class_list":["post-60313","post","type-post","status-publish","format-standard","has-post-thumbnail","hentry","category-gundem","tag-butun","tag-kara","tag-orman","tag-yanginlar","tag-yumakli"],"_links":{"self":[{"href":"https:\/\/ikimisli.tr\/index.php\/wp-json\/wp\/v2\/posts\/60313","targetHints":{"allow":["GET"]}}],"collection":[{"href":"https:\/\/ikimisli.tr\/index.php\/wp-json\/wp\/v2\/posts"}],"about":[{"href":"https:\/\/ikimisli.tr\/index.php\/wp-json\/wp\/v2\/types\/post"}],"author":[{"embeddable":true,"href":"https:\/\/ikimisli.tr\/index.php\/wp-json\/wp\/v2\/users\/1"}],"replies":[{"embeddable":true,"href":"https:\/\/ikimisli.tr\/index.php\/wp-json\/wp\/v2\/comments?post=60313"}],"version-history":[{"count":1,"href":"https:\/\/ikimisli.tr\/index.php\/wp-json\/wp\/v2\/posts\/60313\/revisions"}],"predecessor-version":[{"id":60315,"href":"https:\/\/ikimisli.tr\/index.php\/wp-json\/wp\/v2\/posts\/60313\/revisions\/60315"}],"wp:featuredmedia":[{"embeddable":true,"href":"https:\/\/ikimisli.tr\/index.php\/wp-json\/wp\/v2\/media\/60314"}],"wp:attachment":[{"href":"https:\/\/ikimisli.tr\/index.php\/wp-json\/wp\/v2\/media?parent=60313"}],"wp:term":[{"taxonomy":"category","embeddable":true,"href":"https:\/\/ikimisli.tr\/index.php\/wp-json\/wp\/v2\/categories?post=60313"},{"taxonomy":"post_tag","embeddable":true,"href":"https:\/\/ikimisli.tr\/index.php\/wp-json\/wp\/v2\/tags?post=60313"}],"curies":[{"name":"wp","href":"https:\/\/api.w.org\/{rel}","templated":true}]}}