{"id":60416,"date":"2025-07-26T23:23:55","date_gmt":"2025-07-26T23:23:55","guid":{"rendered":"https:\/\/ikimisli.tr\/?p=60416"},"modified":"2025-07-26T23:23:55","modified_gmt":"2025-07-26T23:23:55","slug":"fatih-erbakandan-iktidara-cagri-vatandasliklari-iptal-edilsin","status":"publish","type":"post","link":"https:\/\/ikimisli.tr\/index.php\/2025\/07\/26\/fatih-erbakandan-iktidara-cagri-vatandasliklari-iptal-edilsin\/","title":{"rendered":"Fatih Erbakan&#8217;dan iktidara \u00e7a\u011fr\u0131: Vatanda\u015fl\u0131klar\u0131 iptal edilsin"},"content":{"rendered":"<p>Yeniden Refah Partisi Genel Lideri Fatih Erbakan, toplumsal medya hesab\u0131ndan yay\u0131mlad\u0131\u011f\u0131 g\u00f6r\u00fcnt\u00fcde, &#8220;7 Ekim 2023&#8217;ten bu yana Gazze&#8217;de g\u00f6zlerimizin \u00f6n\u00fcnde bir halk sistematik bi\u00e7imde yok edilmeye \u00e7al\u0131\u015f\u0131lmaktad\u0131r. Bu bir \u00e7at\u0131\u015fma de\u011fil, bu bir sava\u015f de\u011fil. Bu Siyonist \u0130srail&#8217;in ba\u015f\u0131n\u0131 \u00e7ekti\u011fi bir soyk\u0131r\u0131md\u0131r. ABD&#8217;nin de siyasi, askeri ve ekonomik takviyesiyle y\u00fcr\u00fct\u00fclen bu vah\u015fette, her g\u00fcn bebekler ve \u00e7ocuklar a\u00e7l\u0131ktan ve bombalardan can veriyor. Gazze&#8217;de son 24 saatte 4&#8217;\u00fc \u00e7ocuk 15 ki\u015fi daha a\u00e7l\u0131ktan hayat\u0131n\u0131 kaybetti. 40 g\u00fcnl\u00fck Yusuf Muhammed bebek mamas\u0131 bulunamad\u0131\u011f\u0131 i\u00e7in g\u00f6zlerimizin \u00f6n\u00fcnde \u00f6ld\u00fc&#8221; tabirini kulland\u0131.<\/p>\n<p>Erbakan, \u015funlar\u0131 kaydetti:<\/p>\n<p>-Hastanelerde tedavi g\u00f6r\u00fcrken bombalanan \u00e7ocuklar, \u00e7ad\u0131r\u0131nda uyurken bombalanan anneler, ekmek s\u0131ras\u0131nda beklerken gaye al\u0131nan siviller, ambargo alt\u0131nda vefata terk edilen ya\u015fl\u0131lar g\u00f6z nazaran g\u00f6re katlediliyor.<\/p>\n<p>-Bu tablo 21&#8217;inci y\u00fczy\u0131l\u0131n en a\u011f\u0131r insanl\u0131k hatas\u0131d\u0131r. Bu tabloya sessiz kalmak zulm\u00fcn orta\u011f\u0131 olmak demektir.<\/p>\n<p>-Elimize ula\u015fan bilgiler ve kamuoyuna yans\u0131yan tezlere nazaran Siyonist \u0130srail&#8217;in Ordusu&#8217;nda misyon yapmak \u00fczere direkt T\u00fcrkiye&#8217;den giden hem \u0130srail hem de T\u00fcrkiye Cumhuriyeti vatanda\u015f\u0131 olan yakla\u015f\u0131k 5 bin ki\u015finin bulundu\u011fu arg\u00fcman edilmekte. Siyonist \u0130srail&#8217;in katliam ordusuna kat\u0131l\u0131p, Gazzeli \u00e7ocuklar\u0131n, bebeklerin, temiz sivillerin \u00fczerine bomba ya\u011fd\u0131ran bu bireylerin T\u00fcrkiye&#8217;yi d\u00f6n\u00fcp de hi\u00e7bir yasal s\u00fcrece tabi tutulmadan ortam\u0131zda ya\u015famalar\u0131 kabul edilemez. Bu bir ulusal g\u00fcvenlik s\u0131k\u0131nt\u0131s\u0131d\u0131r.<\/p>\n<p>-Bu bir hukuk ve adalet sorunudur. Bu t\u00fcm insanl\u0131k vicdan\u0131na kar\u015f\u0131 i\u015flenmi\u015f b\u00fcy\u00fck bir ihanettir. Soyk\u0131r\u0131m, memleketler aras\u0131 ceza hukukuna nazaran insanl\u0131\u011fa kar\u015f\u0131 i\u015flenmi\u015f en a\u011f\u0131r kabahattir. Bu su\u00e7a kar\u0131\u015fan katiller, s\u0131rf memleketler aras\u0131 alanda de\u011fil, birebir vakitte T\u00fcrk Ceza Kanunu&#8217;na nazaran de yarg\u0131lanmal\u0131d\u0131r.<\/p>\n<p>-Buradan ba\u015fta Say\u0131n Cumhurba\u015fkan\u0131 olmak \u00fczere yetkililere a\u00e7\u0131k davetimizdir. Siyonist \u0130srail Ordusu&#8217;nda vazife yapan t\u00fcm T\u00fcrkiye Cumhuriyeti vatanda\u015flar\u0131n\u0131n, vatanda\u015fl\u0131klar\u0131 derhal iptal edilmelidir.<\/p>\n<p>-Bu bireyler hakk\u0131nda soyk\u0131r\u0131ma i\u015ftirak ve insanl\u0131\u011fa kar\u015f\u0131 c\u00fcr\u00fcm i\u015flemekten acilen soru\u015fturma ba\u015flat\u0131lmal\u0131d\u0131r. Bu kabahati i\u015fleyenler kesinlikle yarg\u0131lanmal\u0131d\u0131r.<\/p>\n<p>-T\u00fcrkiye Cumhuriyeti Devleti, Gazzeli mazlumlar\u0131n sesini duymakla y\u00fck\u00fcml\u00fcd\u00fcr. T\u00fcrkiye Cumhuriyeti Devleti, bu katliama g\u00f6z yummak yerine sorumlular\u0131 cezaland\u0131rmak zorundad\u0131r. Bu bir insanl\u0131k problemidir. Siyonist katillere vatanda\u015fl\u0131k veren de\u011fil, hesap soran bir T\u00fcrkiye istiyoruz.<\/p>\n<p>-Siyonistlerin s\u0131rt\u0131n\u0131 yaslad\u0131\u011f\u0131 bir T\u00fcrkiye istemiyoruz. O al\u00e7aklar\u0131 vatanda\u015fl\u0131ktan \u00e7\u0131kar\u0131n, bu eli kanl\u0131 katilleri derhal yarg\u0131lay\u0131n. T\u00fcrkiye&#8217;ye yak\u0131\u015fan susmak de\u011fil, zulme kar\u015f\u0131 dimdik durmakt\u0131r. Son kelam\u0131m\u0131z \u015fudur: Gazze&#8217;de a\u00e7l\u0131ktan \u00f6len her bebek, bombayla par\u00e7alanan her \u00e7ocuk, \u00e7ad\u0131rda yanan her annenin, mevte terk edilen her mazlumun hesab\u0131 al\u00e7ak Siyonistlerden kesinlikle sorulmal\u0131d\u0131r.<\/p>\n<p>-Bu milletin vicdan\u0131, bu \u00fcmmmetin kalbi ve en ulu tarihe sahip devletimiz, Gazze&#8217;deki katliama kar\u0131\u015fanlara kar\u015f\u0131 sessiz kalamaz, g\u00f6z yumamaz, ge\u00e7it vermez. Mazluma sahip \u00e7\u0131kmak, insanl\u0131k onurudur. Zalime sessiz kalmak ise zul\u00fcmd\u00fcr ve ihanettir.&#8221;<\/p>\n","protected":false},"excerpt":{"rendered":"<p>Yeniden Refah Partisi Genel Lideri Fatih Erbakan, Gazze\u2019deki \u0130srail h\u00fccumlar\u0131na ait a\u00e7\u0131klamalarda bulundu. Erbakan, \u0130srail ordusunda misyon yapan T\u00fcrkiye Cumhuriyeti vatanda\u015flar\u0131n\u0131n durumuna dikkat \u00e7ekerek, bu \u015fah\u0131slar\u0131n vatanda\u015fl\u0131klar\u0131n\u0131n derhal iptal edilmesi gerekti\u011fini s\u00f6yledi.<\/p>\n","protected":false},"author":1,"featured_media":60417,"comment_status":"open","ping_status":"open","sticky":false,"template":"","format":"standard","meta":{"footnotes":""},"categories":[25],"tags":[3794,80,5885,97,113],"class_list":["post-60416","post","type-post","status-publish","format-standard","has-post-thumbnail","hentry","category-gundem","tag-bomba","tag-israil","tag-siyonist","tag-suc","tag-turkiye"],"_links":{"self":[{"href":"https:\/\/ikimisli.tr\/index.php\/wp-json\/wp\/v2\/posts\/60416","targetHints":{"allow":["GET"]}}],"collection":[{"href":"https:\/\/ikimisli.tr\/index.php\/wp-json\/wp\/v2\/posts"}],"about":[{"href":"https:\/\/ikimisli.tr\/index.php\/wp-json\/wp\/v2\/types\/post"}],"author":[{"embeddable":true,"href":"https:\/\/ikimisli.tr\/index.php\/wp-json\/wp\/v2\/users\/1"}],"replies":[{"embeddable":true,"href":"https:\/\/ikimisli.tr\/index.php\/wp-json\/wp\/v2\/comments?post=60416"}],"version-history":[{"count":1,"href":"https:\/\/ikimisli.tr\/index.php\/wp-json\/wp\/v2\/posts\/60416\/revisions"}],"predecessor-version":[{"id":60418,"href":"https:\/\/ikimisli.tr\/index.php\/wp-json\/wp\/v2\/posts\/60416\/revisions\/60418"}],"wp:featuredmedia":[{"embeddable":true,"href":"https:\/\/ikimisli.tr\/index.php\/wp-json\/wp\/v2\/media\/60417"}],"wp:attachment":[{"href":"https:\/\/ikimisli.tr\/index.php\/wp-json\/wp\/v2\/media?parent=60416"}],"wp:term":[{"taxonomy":"category","embeddable":true,"href":"https:\/\/ikimisli.tr\/index.php\/wp-json\/wp\/v2\/categories?post=60416"},{"taxonomy":"post_tag","embeddable":true,"href":"https:\/\/ikimisli.tr\/index.php\/wp-json\/wp\/v2\/tags?post=60416"}],"curies":[{"name":"wp","href":"https:\/\/api.w.org\/{rel}","templated":true}]}}