{"id":6043,"date":"2025-01-23T01:47:50","date_gmt":"2025-01-23T01:47:50","guid":{"rendered":"https:\/\/ikimisli.tr\/?p=6043"},"modified":"2025-01-23T01:47:50","modified_gmt":"2025-01-23T01:47:50","slug":"erdogandan-31-mart-mesaji-yol-kazasini-telafi-edecegiz","status":"publish","type":"post","link":"https:\/\/ikimisli.tr\/index.php\/2025\/01\/23\/erdogandan-31-mart-mesaji-yol-kazasini-telafi-edecegiz\/","title":{"rendered":"Erdo\u011fan&#8217;dan 31 Mart mesaj\u0131: Yol kazas\u0131n\u0131 telafi edece\u011fiz"},"content":{"rendered":"<p>AKP Genel Ba\u015fkan\u0131 ve Cumhurba\u015fkan\u0131 Recep Tayyip Erdo\u011fan, partisinin Denizli 8. Ola\u011fan Vilayet Kongresi&#8217;nde konu\u015ftu. 31 Mart se\u00e7imlerine de\u011finen Erdo\u011fan, &#8220;Yol kazas\u0131n\u0131 telafi edece\u011fiz&#8221; de\u011ferlendirmesini yapt\u0131.<\/p>\n<p>Erdo\u011fan&#8217;\u0131n a\u00e7\u0131klamalar\u0131ndan \u00f6ne \u00e7\u0131kanlar \u015f\u00f6yle oldu:<\/p>\n<p>&#8220;Sanayinin, ihracat\u0131n, \u00fcretimin, turizmin ve tar\u0131m\u0131n kalbi Denizli&#8217;de bulunmaktan b\u00fcy\u00fck memnuniyet duyuyorum. Co\u015fkuyla, heyecanla, a\u015fkla partisine ve davas\u0131na sahip \u00e7\u0131kan Denizlili karde\u015flerime \u015f\u00fckranlar\u0131m\u0131 sunuyorum.<\/p>\n<p>Bu kongre sonras\u0131nda AK Parti Denizli&#8217;de daha da g\u00fc\u00e7lenecek, karde\u015fli\u011fe daha \u00e7ok katk\u0131 sunacakt\u0131r. El ele, g\u00f6n\u00fcl g\u00f6n\u00fcle verilerek AK Parti&#8217;yi Denizli&#8217;de yeniden g\u00f6rkemli g\u00fcnlerine kavu\u015fturaca\u011f\u0131z. 31 Mart se\u00e7imlerinde ya\u015fanan yol kazas\u0131n\u0131 birinci f\u0131rsatta telafi edece\u011fiz.<\/p>\n<p>Bundan 24 sene \u00f6nce yola revan olduk. Gayemizi de Yunus Emre&#8217;den ilhamla &#8216;G\u00f6n\u00fcller yapmaya geldik&#8217; diyerek yola revan olduk 2001&#8217;den beri bu kutlu yolda sab\u0131rla y\u00fcr\u00fcyoruz. \u0130stikametimizi milletimiz belirlemi\u015fti. Milletin \u00e7izdi\u011fi rotadan asla sapmad\u0131k. Hizmet etme ruhumuz hi\u00e7bir vakit eksilmedi ve eskimedi. Milletimize mahcup olmamak i\u00e7in gece g\u00fcnd\u00fcz \u00e7al\u0131\u015ft\u0131k.<\/p>\n<p>T\u00fcrkiye&#8217;ye Cumhuriyet tarihinin en b\u00fcy\u00fck muvaffakiyetlerini, yap\u0131tlar\u0131n\u0131 kazand\u0131rman\u0131n bahtiyarl\u0131\u011f\u0131n\u0131 ya\u015f\u0131yoruz. 22 y\u0131l \u00f6ncesinin T\u00fcrkiye&#8217;si ile g\u00fcn\u00fcm\u00fcz\u00fcn T\u00fcrkiye&#8217;si ortas\u0131nda her alanda devasa farklar var. \u0130ktisatta, ihracatta, \u00fcretimde, istihdamda, turizmde 22 y\u0131l \u00f6ncesine nazaran ortada harika ve muazzam muvaffakiyetle kar\u015f\u0131la\u015f\u0131rs\u0131n\u0131z.<\/p>\n<p>Merkez Bankam\u0131z\u0131n rezervlerini vazifeye geldi\u011fimizde 27,5 milyar dolardan devrald\u0131k. Aral\u0131k ay\u0131nda bankam\u0131z\u0131n rezervleri 163,5 milyar dolarla rekor k\u0131rd\u0131. Nereden nereye&#8230; Hesap bilmeyenler bu i\u015fi anlamaz. Say\u0131n \u00d6zel milli gelirimizi 236 milyar dolardan ald\u0131k. 2023 y\u0131l\u0131nda 1 trilyon 130 milyar dolara \u00e7\u0131kt\u0131. Nereden nereye&#8230; 2024 sonunda bu say\u0131n\u0131n 1 trilyon 331 milyar dolara, ki\u015fiba\u015f\u0131 gelirimizin 15 bin 551 dolara y\u00fckselmesini bekliyoruz.<\/p>\n<p>Bu milletin her bir ferdi iktidarda kimin oldu\u011funa bakmadan, \u00fclkesinin geli\u015fmesini, kalk\u0131nmas\u0131n\u0131 ister. Biz her \u015fey Denizli i\u00e7in her \u015fey T\u00fcrkiye i\u00e7in dedi\u011fimizde bunu slogan olarak, se\u00e7im kelam\u0131 olarak s\u00f6ylemiyoruz. T\u00fcm kalbimizle inand\u0131\u011f\u0131m\u0131z i\u00e7in s\u00f6z ediyoruz. Her dem tazelenerek, kendimizi yenileyerek, ama\u00e7 ve \u00f6l\u00e7ek b\u00fcy\u00fcterek yolumuza devam edece\u011fiz.<\/p>\n<p><b>&#8220;BUNLAR TEMBEL, \u00c7ALI\u015eMIYOR&#8221;<\/b><\/p>\n<p>T\u00fcrkiye t\u00fcm bu muvaffakiyetlerini m\u00fczmin muhalefete kar\u015f\u0131n elde etmi\u015ftir. Millete ve memlekete hayr\u0131 dokunan hi\u00e7bir i\u015fin ucundan tutmad\u0131lar. Muhalefet bize k\u00f6stek olmasayd\u0131 \u00e7ok b\u00fcy\u00fck muvaffakiyet \u00f6yk\u00fclerine imza atard\u0131k. \u0130\u015f yapaca\u011f\u0131m\u0131z vakti bunlar\u0131n \u00f6n\u00fcm\u00fcze \u00e7\u0131kard\u0131\u011f\u0131 bariyerleri kald\u0131rmak i\u00e7in kulland\u0131k. Hizmet edece\u011fimiz enerjiyi muhalefetin sabotajlar\u0131n\u0131 savurmak i\u00e7in u\u011fra\u015ft\u0131k.<\/p>\n<p>Muhalefette isimler de\u011fi\u015fse de zihniyet de\u011fi\u015fmiyor. CHP&#8217;nin genel ba\u015fkanl\u0131k koltu\u011funda oturan isimler de\u011fi\u015fse de hizmet d\u00fc\u015fmanl\u0131\u011f\u0131 de\u011fi\u015fmiyor. Bunlar \u00e7al\u0131\u015fmay\u0131 sevmiyor. Bunlar tembel.\u00a0<\/p>\n<p>\u00d6yle bir ruh hali i\u00e7indeler ki AK Parti ve Cumhur \u0130ttifak\u0131 y\u0131prans\u0131n da T\u00fcrkiye&#8217;ye ne olursa olsun diyorlar. T\u00fcrkiye&#8217;nin diplomatik, ekonomik, askeri ve siyasi kazan\u0131mlar\u0131ndan memnun olam\u0131yorlar. Bunun en son \u00f6rne\u011fi Suriye krizidir. Suriye&#8217;de 13 y\u0131l s\u00fcren kanl\u0131 katliamlar sonras\u0131nda Esed rejimi devrildi. Baas diktat\u00f6rl\u00fc\u011f\u00fc \u00e7\u00f6kt\u00fc, muhalifler \u015eam&#8217;\u0131 tekrar fethetti. Muhaliflerin 13 y\u0131ll\u0131k zulme son vermesinden T\u00fcrkiye olarak biz de memnuniyet duyduk.<\/p>\n<p>Biz 911 km sonumuzun oldu\u011fu Suriye&#8217;deki \u00e7at\u0131\u015fmalar\u0131n olumsuz tesirini en fazla hisseden \u00fclkeydik. Pek \u00e7ok alanda \u00f6nemli bedeller \u00f6dedik. Ter\u00f6r \u00f6rg\u00fct\u00fc PKK ve DEA\u015e bu \u00fclkedeki istikrars\u0131zl\u0131ktan beslendi. DEA\u015e mazeretiyle b\u00f6l\u00fcc\u00fc \u00f6rg\u00fcte binlerce TIR dolusu silah ve m\u00fchimmat g\u00f6nderdiler. Zalim Esed Suriye&#8217;yi devasa uyu\u015fturucu \u00fcretim \u00e7iftli\u011fine d\u00f6n\u00fc\u015ft\u00fcrm\u00fc\u015ft\u00fc. Vefat ve azap merkezi hapishaneleri, yarg\u0131s\u0131z infazlar\u0131 burada saym\u0131yorum.<\/p>\n<p><b>&#8220;CHP&#8217;DE MATEM HAVASI VAR&#8221;<\/b><\/p>\n<p>Suriye&#8217;de b\u00fcy\u00fck bir halk ihtilali ger\u00e7ekle\u015fti. CHP&#8217;de matem havas\u0131 var. Fikri akrabal\u0131klar\u0131 olan Baas rejiminin d\u00fc\u015fmesini hazmedemediler. Haydi eski genel liderlerinin kuyruk ac\u0131s\u0131n\u0131 biliyoruz. Onun Baas rejimi ve Esed sevgisinin akabinde farkl\u0131 sebepler var. Yeni idarenin niye rahats\u0131z oldu\u011funu hepimiz merak ediyoruz.<\/p>\n<p>Say\u0131n \u00d6zel&#8217;e soruyorum; Halep Kalesi&#8217;ne as\u0131lan al sancak CHP&#8217;ye ni\u00e7in dokunuyor. Hama&#8217;n\u0131n, Humus&#8217;un mescitlerinde T\u00fcrkiye i\u00e7in yap\u0131lan dualar sizde neden haz\u0131ms\u0131zl\u0131k olu\u015fturuyor? Emevi Mescidi&#8217;nde k\u0131l\u0131nan namaza CHP&#8217;nin reaksiyon g\u00f6stermesinin sebebi nedir? 1 milyon evlad\u0131n\u0131 kaybetmi\u015f Suriye halk\u0131yla al\u0131p veremedi\u011finiz nedir? Haktan hukuktan dem vurmay\u0131 seviyorsunuz, niye belediye liderlerinizin hukuk tan\u0131mazl\u0131klar\u0131na sesinizi \u00e7\u0131karm\u0131yorsunuz?<\/p>\n<p><b>&#8220;LAFA GEL\u0130NCE ATAT\u00dcRK DERLER&#8221;<\/b><\/p>\n<p>Lafa gelince Atat\u00fcrk&#8217;\u00fcn kurdu\u011fu partiyiz derler. Gazi&#8217;nin Ortado\u011fu ve Kuzey Afrika&#8217;da verdi\u011fi m\u00fccadeleyi vermezler. Tek parti fa\u015fizmin oryantalist kodlar\u0131ndan kendilerini kurtaramad\u0131lar. Biz bu t\u00fcrl\u00fc bir zihniyete kar\u015f\u0131n T\u00fcrkiye&#8217;yi bu d\u00fczeylere ta\u015f\u0131d\u0131k.&#8221;<\/p>\n","protected":false},"excerpt":{"rendered":"<p>AKP Genel Ba\u015fkan\u0131 ve Cumhurba\u015fkan\u0131 Recep Tayyip Erdo\u011fan, kat\u0131ld\u0131\u011f\u0131 kongrede &#8220;31 Mart se\u00e7imlerinde ya\u015fanan yol kazas\u0131n\u0131 birinci f\u0131rsatta telafi edece\u011fiz&#8221; de\u011ferlendirmesini yapt\u0131.<\/p>\n","protected":false},"author":1,"featured_media":6044,"comment_status":"open","ping_status":"open","sticky":false,"template":"","format":"standard","meta":{"footnotes":""},"categories":[25],"tags":[1600,189,295,113,500],"class_list":["post-6043","post","type-post","status-publish","format-standard","has-post-thumbnail","hentry","category-gundem","tag-denizli","tag-parti","tag-suriye","tag-turkiye","tag-yol"],"_links":{"self":[{"href":"https:\/\/ikimisli.tr\/index.php\/wp-json\/wp\/v2\/posts\/6043","targetHints":{"allow":["GET"]}}],"collection":[{"href":"https:\/\/ikimisli.tr\/index.php\/wp-json\/wp\/v2\/posts"}],"about":[{"href":"https:\/\/ikimisli.tr\/index.php\/wp-json\/wp\/v2\/types\/post"}],"author":[{"embeddable":true,"href":"https:\/\/ikimisli.tr\/index.php\/wp-json\/wp\/v2\/users\/1"}],"replies":[{"embeddable":true,"href":"https:\/\/ikimisli.tr\/index.php\/wp-json\/wp\/v2\/comments?post=6043"}],"version-history":[{"count":1,"href":"https:\/\/ikimisli.tr\/index.php\/wp-json\/wp\/v2\/posts\/6043\/revisions"}],"predecessor-version":[{"id":6045,"href":"https:\/\/ikimisli.tr\/index.php\/wp-json\/wp\/v2\/posts\/6043\/revisions\/6045"}],"wp:featuredmedia":[{"embeddable":true,"href":"https:\/\/ikimisli.tr\/index.php\/wp-json\/wp\/v2\/media\/6044"}],"wp:attachment":[{"href":"https:\/\/ikimisli.tr\/index.php\/wp-json\/wp\/v2\/media?parent=6043"}],"wp:term":[{"taxonomy":"category","embeddable":true,"href":"https:\/\/ikimisli.tr\/index.php\/wp-json\/wp\/v2\/categories?post=6043"},{"taxonomy":"post_tag","embeddable":true,"href":"https:\/\/ikimisli.tr\/index.php\/wp-json\/wp\/v2\/tags?post=6043"}],"curies":[{"name":"wp","href":"https:\/\/api.w.org\/{rel}","templated":true}]}}