{"id":60513,"date":"2025-07-27T05:11:54","date_gmt":"2025-07-27T05:11:54","guid":{"rendered":"https:\/\/ikimisli.tr\/?p=60513"},"modified":"2025-07-27T05:11:54","modified_gmt":"2025-07-27T05:11:54","slug":"instagramin-yeni-ozelligi-kullanilmaya-baslandi-kim-nerede-buradan-goreceksiniz","status":"publish","type":"post","link":"https:\/\/ikimisli.tr\/index.php\/2025\/07\/27\/instagramin-yeni-ozelligi-kullanilmaya-baslandi-kim-nerede-buradan-goreceksiniz\/","title":{"rendered":"Instagram&#8217;\u0131n yeni \u00f6zelli\u011fi kullan\u0131lmaya ba\u015fland\u0131: Kim nerede buradan g\u00f6receksiniz"},"content":{"rendered":"<p><span>Instagram, kullan<\/span><span>\u0131c\u0131 tecr\u00fcbesini art\u0131racak yeni bir <\/span><span>\u00f6zellikle g\u00fcndemde. Toplumsal medya platformu, art<\/span><span>\u0131k kullan\u0131c\u0131lar\u0131n payla\u015f\u0131mlar\u0131n\u0131 harita <\/span><span>\u00fczerinde pozisyon bilgisiyle birlikte sunmas<\/span><span>\u0131na imkan tan\u0131yor. Snapchat\u2019e misal bi\u00e7imde geli\u015ftirilen bu <\/span><span>\u00f6zellik sayesinde, kullan<\/span><span>\u0131c\u0131lar g<\/span><span>\u00f6rsel yahut metin i\u00e7eriklerini haritada belirledikleri pozisyonla e<\/span><span>\u015fle\u015ftirerek payla\u015fabilecek.<\/span><\/p>\n<p><span>\u0130lk olarak Aral\u0131k ay\u0131nda hudutlu say\u0131da kullan\u0131c\u0131yla test edilmeye ba\u015flanan <\/span><span>\u00f6zellik, <\/span><span>\u015fimdi t<\/span><span>\u00fcm kullan<\/span><span>\u0131c\u0131lara kademeli olarak sunulmaya ba\u015flad\u0131. <\/span><span>\u00d6zelli<\/span><span>\u011fin temel hedefi, kullan\u0131c\u0131lar\u0131n hem kendi pozisyonlar\u0131n\u0131 hem de arkada\u015flar\u0131n\u0131n yahut takip ettikleri bireylerin nerede, ne payla\u015ft\u0131\u011f\u0131n\u0131 harita <\/span><span>\u00fczerinden g\u00f6rebilmeleri.<\/span><\/p>\n<p><img decoding=\"async\" src=\"https:\/\/ikimisli.tr\/wp-content\/uploads\/2025\/07\/instagramin-yeni-ozelligi-kullanilmaya-baslandi-kim-nerede-buradan-goreceksiniz-0-pLgGZhQa.jpg\"\/><\/p>\n<p><span>Instagram\u2019\u0131n yeni harital\u0131 payla\u015f\u0131m <\/span><span>\u00f6zelli<\/span><span>\u011fi, b\u00fcsb\u00fct\u00fcn iste\u011fe ba\u011fl\u0131 olarak kullan\u0131lacak. Kullan\u0131c\u0131lar isterlerse pozisyonlar\u0131n\u0131 manuel olarak i\u015faretleyerek haritada g<\/span><span>\u00f6r\u00fcn\u00fcr hale getirebilecek. Bu sayede hem payla<\/span><span>\u015f\u0131mlara fizik\u00ee bir ba\u011flam kazand\u0131r\u0131lacak hem de <\/span><span>\u00e7evresindeki i\u00e7erikleri harita \u00fczerinden ke<\/span><span>\u015ffetmek isteyenler i<\/span><span>\u00e7in yeni bir etkile<\/span><span>\u015fim alan\u0131 do\u011fmu\u015f olacak.<\/span><\/p>\n<p><img decoding=\"async\" src=\"https:\/\/ikimisli.tr\/wp-content\/uploads\/2025\/07\/instagramin-yeni-ozelligi-kullanilmaya-baslandi-kim-nerede-buradan-goreceksiniz-1-BhkfgkVX.jpg\"\/><\/p>\n<p><span>Meta <\/span><span>\u00e7at<\/span><span>\u0131s\u0131 alt\u0131ndaki Instagram, bu <\/span><span>\u00f6zellikle birlikte toplumsal etkile<\/span><span>\u015fimleri mek<\/span><span>\u00e2nsal olarak da geni<\/span><span>\u015fletmeyi hedefliyor. <\/span><span>\u00d6zellik; aktiflik, konser, yer \u00f6nerisi \u00fczere anl<\/span><span>\u0131k payla\u015f\u0131mlar i<\/span><span>\u00e7in de hayli i<\/span><span>\u015flevsel olaca\u011fa benziyor.<\/span><\/p>\n","protected":false},"excerpt":{"rendered":"<p>Toplumsal medya uygulamas\u0131 Instagram&#8217;\u0131n yeni \u00f6zelli\u011fi etkinle\u015fti. Art\u0131k Instagram kullan\u0131c\u0131lar\u0131 harita \u00fczerinde pozisyonlar\u0131n\u0131 i\u015faretleyebilecek.<\/p>\n","protected":false},"author":1,"featured_media":60514,"comment_status":"open","ping_status":"open","sticky":false,"template":"","format":"standard","meta":{"footnotes":""},"categories":[31],"tags":[1773,2570],"class_list":["post-60513","post","type-post","status-publish","format-standard","has-post-thumbnail","hentry","category-teknoloji","tag-harita","tag-ozellik"],"_links":{"self":[{"href":"https:\/\/ikimisli.tr\/index.php\/wp-json\/wp\/v2\/posts\/60513","targetHints":{"allow":["GET"]}}],"collection":[{"href":"https:\/\/ikimisli.tr\/index.php\/wp-json\/wp\/v2\/posts"}],"about":[{"href":"https:\/\/ikimisli.tr\/index.php\/wp-json\/wp\/v2\/types\/post"}],"author":[{"embeddable":true,"href":"https:\/\/ikimisli.tr\/index.php\/wp-json\/wp\/v2\/users\/1"}],"replies":[{"embeddable":true,"href":"https:\/\/ikimisli.tr\/index.php\/wp-json\/wp\/v2\/comments?post=60513"}],"version-history":[{"count":1,"href":"https:\/\/ikimisli.tr\/index.php\/wp-json\/wp\/v2\/posts\/60513\/revisions"}],"predecessor-version":[{"id":60517,"href":"https:\/\/ikimisli.tr\/index.php\/wp-json\/wp\/v2\/posts\/60513\/revisions\/60517"}],"wp:featuredmedia":[{"embeddable":true,"href":"https:\/\/ikimisli.tr\/index.php\/wp-json\/wp\/v2\/media\/60514"}],"wp:attachment":[{"href":"https:\/\/ikimisli.tr\/index.php\/wp-json\/wp\/v2\/media?parent=60513"}],"wp:term":[{"taxonomy":"category","embeddable":true,"href":"https:\/\/ikimisli.tr\/index.php\/wp-json\/wp\/v2\/categories?post=60513"},{"taxonomy":"post_tag","embeddable":true,"href":"https:\/\/ikimisli.tr\/index.php\/wp-json\/wp\/v2\/tags?post=60513"}],"curies":[{"name":"wp","href":"https:\/\/api.w.org\/{rel}","templated":true}]}}