{"id":60527,"date":"2025-07-27T05:59:54","date_gmt":"2025-07-27T05:59:54","guid":{"rendered":"https:\/\/ikimisli.tr\/?p=60527"},"modified":"2025-07-27T05:59:54","modified_gmt":"2025-07-27T05:59:54","slug":"olum-sayisi-200u-gecince-panik-basladi-ulkede-sokaga-maskesiz-cikmak-yasaklandi-memurlar-eve-gonderildi","status":"publish","type":"post","link":"https:\/\/ikimisli.tr\/index.php\/2025\/07\/27\/olum-sayisi-200u-gecince-panik-basladi-ulkede-sokaga-maskesiz-cikmak-yasaklandi-memurlar-eve-gonderildi\/","title":{"rendered":"\u00d6l\u00fcm say\u0131s\u0131 200&#8217;\u00fc ge\u00e7ince panik ba\u015flad\u0131: \u00dclkede soka\u011fa maskesiz \u00e7\u0131kmak yasakland\u0131, memurlar eve g\u00f6nderildi"},"content":{"rendered":"<p>Honduras h\u00fck\u00fcmeti, bu y\u0131l i\u00e7inde COVID-19&#8217;un da ortalar\u0131nda bulundu\u011fu teneff\u00fcs yolu hastal\u0131klar\u0131 nedeniyle 200&#8217;den fazla ki\u015finin hayat\u0131n\u0131 kaybetmesinin akabinde \u00fclke \u00e7ap\u0131nda salg\u0131n alarm\u0131 verdi.<\/p>\n<p>Vaka say\u0131lar\u0131ndaki tasa verici art\u0131\u015f\u0131 denetim alt\u0131na almak hedefiyle, pandemi periyodunu hat\u0131rlatan tedbirler tekrar devreye sokuldu: Kamuda uzaktan \u00e7al\u0131\u015fmaya ge\u00e7ildi ve kapal\u0131 alanlar\u0131n bir\u00e7o\u011funda maske takmak zarur\u00ee hale getirildi.<\/p>\n<p>\u0130\u00e7i\u015fleri Bakanl\u0131\u011f\u0131 taraf\u0131ndan yap\u0131lan a\u00e7\u0131klamada, t\u00fcm kamu kurumlar\u0131nda \u00e7al\u0131\u015fan memurlar\u0131n bu hafta per\u015fembe ve cuma g\u00fcnleri uzaktan \u00e7al\u0131\u015faca\u011f\u0131 belirtildi.<\/p>\n<p><b><span>T\u00fcm kapal\u0131 alanlarda maske mecbur\u00ee oldu<\/span><\/b><\/p>\n<p>Sa\u011fl\u0131k Bakanl\u0131\u011f\u0131&#8217;n\u0131n tavsiyeleri do\u011frultusunda al\u0131nan bir ba\u015fka kritik karar ise maske zarurili\u011fi oldu. Buna nazaran; havaalanlar\u0131, hudut kap\u0131lar\u0131, sinemalar, spor salonlar\u0131, al\u0131\u015fveri\u015f merkezleri, marketler, kiliseler, t\u00fcm s\u0131hhat ve e\u011fitim kurumlar\u0131 \u00fczere 1,5 metrelik toplumsal aral\u0131\u011f\u0131n korunamad\u0131\u011f\u0131 t\u00fcm kapal\u0131 alanlarda maske kullan\u0131m\u0131 mecbur\u00ee k\u0131l\u0131nd\u0131.<\/p>\n<p>Al\u0131nan sert tedbirlerin ard\u0131nda, S\u0131hhat Bakanl\u0131\u011f\u0131&#8217;n\u0131n payla\u015ft\u0131\u011f\u0131 kayg\u0131 verici bilgiler yat\u0131yor. Bakanl\u0131k Epidemiyolojik G\u00f6zetim Ba\u015fkan\u0131 Lorenzo Pav\u00f3n, y\u0131lba\u015f\u0131ndan bu yana \u00fclkede COVID-19, teneff\u00fcs sinsityal vir\u00fcs\u00fc (RSV) ve grip \u00fczere enfeksiyonlar nedeniyle 216 ki\u015finin hayat\u0131n\u0131 kaybetti\u011fini a\u00e7\u0131klad\u0131. Bu \u00f6l\u00fcmlerden be\u015finin COVID-19 kaynakl\u0131 oldu\u011funu belirten Pav\u00f3n, mevcut durumu &#8220;ger\u00e7ekten k\u0131ymetli bir vefat oran\u0131&#8221; olarak nitelendirdi.<\/p>\n<p>H\u00fck\u00fcmet, zarur\u00ee tedbirlerin yan\u0131 s\u0131ra halka, s\u0131k s\u0131k el y\u0131kama, dezenfektan kullanma ve 2020-2021 pandemi devrinde oldu\u011fu \u00fczere kapal\u0131 ve kalabal\u0131k ortamlardan ka\u00e7\u0131nma tavsiyesinde bulundu.<\/p>\n","protected":false},"excerpt":{"rendered":"<p>Honduras&#8217;ta, y\u0131lba\u015f\u0131ndan bu yana COVID-19 dahil teneff\u00fcs yolu enfeksiyonlar\u0131ndan hayat\u0131n\u0131 kaybedenlerin say\u0131s\u0131n\u0131n 200&#8217;\u00fc a\u015fmas\u0131yla artan toplumsal kayg\u0131 kar\u015f\u0131s\u0131nda h\u00fck\u00fcmet, salg\u0131n\u0131 denetim alt\u0131na almak i\u00e7in pandemi g\u00fcnlerini hat\u0131rlatan maske zarurili\u011fi ve uzaktan \u00e7al\u0131\u015fma \u00fczere sert \u00f6nlemleri uygulamaya koydu.<\/p>\n","protected":false},"author":1,"featured_media":60528,"comment_status":"open","ping_status":"open","sticky":false,"template":"","format":"standard","meta":{"footnotes":""},"categories":[43],"tags":[4343],"class_list":["post-60527","post","type-post","status-publish","format-standard","has-post-thumbnail","hentry","category-dunya","tag-zorunlu"],"_links":{"self":[{"href":"https:\/\/ikimisli.tr\/index.php\/wp-json\/wp\/v2\/posts\/60527","targetHints":{"allow":["GET"]}}],"collection":[{"href":"https:\/\/ikimisli.tr\/index.php\/wp-json\/wp\/v2\/posts"}],"about":[{"href":"https:\/\/ikimisli.tr\/index.php\/wp-json\/wp\/v2\/types\/post"}],"author":[{"embeddable":true,"href":"https:\/\/ikimisli.tr\/index.php\/wp-json\/wp\/v2\/users\/1"}],"replies":[{"embeddable":true,"href":"https:\/\/ikimisli.tr\/index.php\/wp-json\/wp\/v2\/comments?post=60527"}],"version-history":[{"count":1,"href":"https:\/\/ikimisli.tr\/index.php\/wp-json\/wp\/v2\/posts\/60527\/revisions"}],"predecessor-version":[{"id":60529,"href":"https:\/\/ikimisli.tr\/index.php\/wp-json\/wp\/v2\/posts\/60527\/revisions\/60529"}],"wp:featuredmedia":[{"embeddable":true,"href":"https:\/\/ikimisli.tr\/index.php\/wp-json\/wp\/v2\/media\/60528"}],"wp:attachment":[{"href":"https:\/\/ikimisli.tr\/index.php\/wp-json\/wp\/v2\/media?parent=60527"}],"wp:term":[{"taxonomy":"category","embeddable":true,"href":"https:\/\/ikimisli.tr\/index.php\/wp-json\/wp\/v2\/categories?post=60527"},{"taxonomy":"post_tag","embeddable":true,"href":"https:\/\/ikimisli.tr\/index.php\/wp-json\/wp\/v2\/tags?post=60527"}],"curies":[{"name":"wp","href":"https:\/\/api.w.org\/{rel}","templated":true}]}}