{"id":60577,"date":"2025-07-27T09:11:53","date_gmt":"2025-07-27T09:11:53","guid":{"rendered":"https:\/\/ikimisli.tr\/?p=60577"},"modified":"2025-07-27T09:11:53","modified_gmt":"2025-07-27T09:11:53","slug":"tesladan-zam-karari-fiyatlar-turkiyede-firladi","status":"publish","type":"post","link":"https:\/\/ikimisli.tr\/index.php\/2025\/07\/27\/tesladan-zam-karari-fiyatlar-turkiyede-firladi\/","title":{"rendered":"Tesla&#8217;dan zam karar\u0131! Fiyatlar T\u00fcrkiye&#8217;de f\u0131rlad\u0131"},"content":{"rendered":"<p>\u00d6TV d\u00fczenlemesinin akabinde Tesla Model Y&#8217;nin T\u00fcrkiye fiyatlar\u0131na art\u0131r\u0131m geldi. Yeni \u00d6TV oranlar\u0131na nazaran belirlenen ba\u015flang\u0131\u00e7 fiyatlar\u0131, \u00f6n\u00fcm\u00fczdeki hafta ba\u015flayacak envanter listelemeleriyle birlikte g\u00fcncellenmi\u015f olacak.<\/p>\n<p>Tesla Model Y&#8217;nin SR ve LR versiyonlar\u0131 ortas\u0131ndaki fiyat istikrar\u0131n\u0131n nas\u0131l \u015fekillenece\u011fi, \u00d6TV d\u00fczenlemesinin akabinde merak konusu olmu\u015ftu. Yap\u0131lan d\u00fczenlemeyle her iki versiyonun da y\u00fczde 25&#8217;lik dilime girmesi bekleniyordu. Lakin Tesla, \u00d6TV art\u0131\u015f\u0131 sonras\u0131 fiyatlara kendi art\u0131r\u0131mlar\u0131n\u0131 da ekleyerek durumu de\u011fi\u015ftirdi.<\/p>\n<p><b>ZAMLI F\u0130YATLAR PAZARTES\u0130 UYGULANACAK<\/b><\/p>\n<p>Tesla&#8217;dan yap\u0131lan a\u00e7\u0131klamaya nazaran, \u00d6TV d\u00fczenlemesi sonras\u0131 art\u0131r\u0131ml\u0131 Tesla Model Y fiyatlar\u0131 payla\u015f\u0131ld\u0131 ve yeni fiyatlarla envanter listelemeleri, \u00f6n\u00fcm\u00fczdeki pazartesi g\u00fcn\u00fc saat 18:30\u2019da ba\u015flayacak. A\u015fa\u011f\u0131da, art\u0131r\u0131ml\u0131 Tesla Model Y fiyatlar\u0131 yer al\u0131yor:<\/p>\n<p>Tesla Model Y SR RWD: 2.241.000 TL (%25 \u00d6TV)<\/p>\n<p>Tesla Model Y LR RWD: 3.225.240 TL (%55 \u00d6TV)<\/p>\n<p>Tesla Model Y LR AWD: 3.998.400 TL (%75 \u00d6TV)<\/p>\n<p>\u00d6TV d\u00fczenlemesi sonras\u0131 Tesla Model Y SR versiyonunun fiyat\u0131, \u00d6TV&#8217;nin y\u00fczde 25&#8217;e y\u00fckselmesiyle 2.120.685 TL&#8217;ye \u00e7\u0131km\u0131\u015ft\u0131.<\/p>\n<p>Tesla&#8217;n\u0131n yapt\u0131\u011f\u0131 art\u0131r\u0131m ile fiyat 120 bin TL artt\u0131. Tesla Model Y LR versiyonunun fiyat\u0131 ise, y\u00fczde 40&#8217;l\u0131k dilimden y\u00fczde 25&#8217;e d\u00fc\u015ft\u00fc\u011f\u00fc i\u00e7in yakla\u015f\u0131k 2.4 milyon TL d\u00fczeylerine inmesi bekleniyordu. Lakin yap\u0131lan art\u0131r\u0131mla birlikte, \u00d6TV dilimi tekrar y\u00fckseldi ve fiyat 3 milyon TL&#8217;nin \u00fczerine \u00e7\u0131kt\u0131.<\/p>\n<p><img decoding=\"async\" src=\"https:\/\/ikimisli.tr\/wp-content\/uploads\/2025\/07\/tesladan-zam-karari-fiyatlar-turkiyede-firladi-0-v21ghmPd.jpg\"\/><\/p>\n","protected":false},"excerpt":{"rendered":"<p>Tesla Model Y&#8217;nin fiyatlar\u0131na art\u0131r\u0131m geldi. Tesla bahse ait art\u0131r\u0131m karar\u0131n\u0131 toplumsal medya hesab\u0131ndan duyurdu.<\/p>\n","protected":false},"author":1,"featured_media":60578,"comment_status":"open","ping_status":"open","sticky":false,"template":"","format":"standard","meta":{"footnotes":""},"categories":[28],"tags":[394,1637,7866,93],"class_list":["post-60577","post","type-post","status-publish","format-standard","has-post-thumbnail","hentry","category-otomobil","tag-fiyat","tag-otv","tag-tesla-model-y","tag-zam"],"_links":{"self":[{"href":"https:\/\/ikimisli.tr\/index.php\/wp-json\/wp\/v2\/posts\/60577","targetHints":{"allow":["GET"]}}],"collection":[{"href":"https:\/\/ikimisli.tr\/index.php\/wp-json\/wp\/v2\/posts"}],"about":[{"href":"https:\/\/ikimisli.tr\/index.php\/wp-json\/wp\/v2\/types\/post"}],"author":[{"embeddable":true,"href":"https:\/\/ikimisli.tr\/index.php\/wp-json\/wp\/v2\/users\/1"}],"replies":[{"embeddable":true,"href":"https:\/\/ikimisli.tr\/index.php\/wp-json\/wp\/v2\/comments?post=60577"}],"version-history":[{"count":1,"href":"https:\/\/ikimisli.tr\/index.php\/wp-json\/wp\/v2\/posts\/60577\/revisions"}],"predecessor-version":[{"id":60580,"href":"https:\/\/ikimisli.tr\/index.php\/wp-json\/wp\/v2\/posts\/60577\/revisions\/60580"}],"wp:featuredmedia":[{"embeddable":true,"href":"https:\/\/ikimisli.tr\/index.php\/wp-json\/wp\/v2\/media\/60578"}],"wp:attachment":[{"href":"https:\/\/ikimisli.tr\/index.php\/wp-json\/wp\/v2\/media?parent=60577"}],"wp:term":[{"taxonomy":"category","embeddable":true,"href":"https:\/\/ikimisli.tr\/index.php\/wp-json\/wp\/v2\/categories?post=60577"},{"taxonomy":"post_tag","embeddable":true,"href":"https:\/\/ikimisli.tr\/index.php\/wp-json\/wp\/v2\/tags?post=60577"}],"curies":[{"name":"wp","href":"https:\/\/api.w.org\/{rel}","templated":true}]}}