{"id":60581,"date":"2025-07-27T09:23:54","date_gmt":"2025-07-27T09:23:54","guid":{"rendered":"https:\/\/ikimisli.tr\/?p=60581"},"modified":"2025-07-27T09:23:54","modified_gmt":"2025-07-27T09:23:54","slug":"kuresel-piyasalarda-kritik-hafta-gozler-fed-faiz-kararinda","status":"publish","type":"post","link":"https:\/\/ikimisli.tr\/index.php\/2025\/07\/27\/kuresel-piyasalarda-kritik-hafta-gozler-fed-faiz-kararinda\/","title":{"rendered":"K\u00fcresel piyasalarda kritik hafta: G\u00f6zler Fed faiz karar\u0131nda!"},"content":{"rendered":"<p>K\u00fcresel piyasalarda, ge\u00e7en hafta ABD&#8217;nin de\u011ferli ticaret ortaklar\u0131yla tarife konusunda mutabakat sa\u011flamas\u0131 ve \u00f6teki \u00fclkelerle de uzla\u015f\u0131laca\u011f\u0131 taraf\u0131ndaki beklentiler risk i\u015ftah\u0131n\u0131 art\u0131r\u0131rken, g\u00f6zler gelecek hafta ba\u015fta ABD Merkez Bankas\u0131 (Fed) faiz karar\u0131 olmak \u00fczere a\u011f\u0131r data g\u00fcndemine \u00e7evrildi.<\/p>\n<p>D\u00fcnya genelinde ABD&#8217;nin g\u00fcmr\u00fck tarifelerinin iktisada tesirlerine ait soru i\u015faretleri varl\u0131\u011f\u0131n\u0131 korurken, ABD idaresinin ticaret konusunda sa\u011flad\u0131\u011f\u0131 muahedeler gelecek periyoda y\u00f6nelik iyimserlikleri art\u0131rd\u0131.<\/p>\n<p>ABD&#8217;nin ge\u00e7en hafta Japonya ile muahedesi ve ba\u015fka de\u011ferli ticaret partneri \u00c7in ile gelecek hafta g\u00f6r\u00fc\u015f\u00fclecek olmas\u0131 piyasalardaki tarife geriliminin azalmas\u0131na katk\u0131 sa\u011flad\u0131.<\/p>\n<p>Tarife tansiyonunun yat\u0131\u015fmas\u0131 ve uygun gelen \u015firket bilan\u00e7olar\u0131n\u0131n tesiriyle ABD&#8217;de New York borsas\u0131nda S&#038;P 500 ve Nasdaq endeksleri g\u00fcnl\u00fck s\u00fcre\u00e7lerde kapan\u0131\u015f rekorlar\u0131n\u0131 tazeledi.<\/p>\n<p>Ticaret g\u00f6r\u00fc\u015fmelerindeki ilerlemeler ge\u00e7en hafta yak\u0131ndan takip edildi. ABD&#8217;nin Avrupa Birli\u011fi (AB) ile ticaret konusunda muahedeye yak\u0131n oldu\u011fu ve AB&#8217;den ithalata y\u00fczde 15 tarife uygulanaca\u011f\u0131na dair haberler piyasalarda risk i\u015ftah\u0131n\u0131 canl\u0131 tuttu.<\/p>\n<p>Ge\u00e7en hafta kat\u0131ld\u0131\u011f\u0131 aktiflikte konu\u015fan ABD Lideri Trump, &#8220;E\u011fer AB, birli\u011fi Amerikan i\u015fletmelerine a\u00e7may\u0131 kabul ederse daha d\u00fc\u015f\u00fck bir g\u00fcmr\u00fck vergisi \u00f6demelerine m\u00fcsaade verece\u011fiz.&#8221; s\u00f6z\u00fcn\u00fc kulland\u0131.<\/p>\n<p>ABD idaresinin daha evvel kar\u015f\u0131l\u0131kl\u0131l\u0131k temelli tarifeleri 1 A\u011fustos&#8217;a ertelemesinden \u00f6t\u00fcr\u00fc gelecek haftan\u0131n hareketli ge\u00e7mesi bekleniyor.<\/p>\n<p>Gelecek hafta g\u00f6zler Fed&#8217;in para siyaseti kararlar\u0131 ba\u015fta olmak \u00fczere ABD&#8217;de a\u00e7\u0131klanacak b\u00fcy\u00fcme, ferd\u00ee t\u00fcketim harcamalar\u0131 (PCE) fiyat endeksi, tar\u0131m d\u0131\u015f\u0131 istihdam \u00fczere de\u011ferli makroekonomik datalar ile devam eden bilan\u00e7o periyodunda \u015firket finansallar\u0131na \u00e7evrildi.<\/p>\n<p>Analistler, para piyasalar\u0131ndaki fiyatlamalarda Fed&#8217;in gelecek hafta faiz oran\u0131n\u0131 de\u011fi\u015ftirmeyece\u011fine kesin g\u00f6z\u00fcyle bak\u0131ld\u0131\u011f\u0131n\u0131 belirterek, bankan\u0131n y\u0131l sonuna kadar toplamda iki kere faiz indirimi yapabilece\u011fi \u00f6ng\u00f6r\u00fclerinin g\u00fcc\u00fcn\u00fc korudu\u011funa dikkati \u00e7ekti.<\/p>\n<p>ABD Ba\u015fkan\u0131 Trump per\u015fembe g\u00fcnk\u00fc Fed ziyaretinde Lider Jerome Powell&#8217;a renovasyon \u00e7al\u0131\u015fmalar\u0131n\u0131n maliyetinin daha y\u00fcksek oldu\u011funu s\u00f6yledi. Trump, in\u015faat maliyetinin asl\u0131nda 2,5 milyar de\u011fil, 3,1 milyar dolar civar\u0131nda oldu\u011funu s\u00f6z ederken, gazetecilerin Powell&#8217;\u0131n yapabilece\u011fi bir \u015fey olup olmad\u0131\u011f\u0131na y\u00f6nelik sorusu \u00fczerine, &#8220;Faiz oranlar\u0131n\u0131 d\u00fc\u015f\u00fcrmesini \u00e7ok isterim.&#8221; dedi.<\/p>\n<p>Analistler, Trump&#8217;\u0131n Fed&#8217;e ziyareti ve akabinde Powell ile ilgili yapt\u0131\u011f\u0131 a\u00e7\u0131klamalar ABD Ba\u015fkan\u0131 ile Fed Ba\u015fkan\u0131 ortas\u0131ndaki tansiyonun bir \u00e7eki\u015fmeye d\u00f6n\u00fc\u015febilece\u011fi tasalar\u0131n\u0131 art\u0131rd\u0131\u011f\u0131n\u0131 belirterek, Fed&#8217;in \u00fczerindeki siyasi bask\u0131lar\u0131n da artabilece\u011fine dair tasalar\u0131n devam etti\u011fini s\u00f6yledi.<\/p>\n<p>Uluslararas\u0131 Para Fonu (IMF) S\u00f6zc\u00fcs\u00fc Julie Kozack da Fed&#8217;in hem ABD idaresinin siyasetlerini hem de gelen bilgileri dikkate almas\u0131 gerekti\u011fini s\u00f6yledi.<\/p>\n<p>Bu geli\u015fmelerle birlikte hisse piyasalar\u0131nda olumlu bir seyir \u00f6ne \u00e7\u0131karken, tahvil ve alt\u0131n fiyatlar\u0131nda da dalgal\u0131 g\u00f6r\u00fcn\u00fcm izlendi.<\/p>\n<p>ABD tahvil piyasalar\u0131nda ge\u00e7en hafta al\u0131c\u0131l\u0131 seyir hakim olurken, ABD&#8217;nin 10 y\u0131ll\u0131k tahvil faizi yakla\u015f\u0131k 4 baz puanl\u0131k azal\u0131\u015fla haftay\u0131 y\u00fczde 4,39&#8217;dan kapatt\u0131.<\/p>\n<p>Emtia taraf\u0131nda ise alt\u0131n\u0131n ons fiyat\u0131 ge\u00e7en hafta y\u00fczde 0,39 azal\u0131\u015fla 3 bin 337 dolara, g\u00fcm\u00fc\u015f\u00fcn ons fiyat\u0131 y\u00fczde 0,1 d\u00fc\u015f\u00fc\u015fle 38,16 dolara inerken, Brent petrol\u00fcn varili de y\u00fczde 1,47 k\u0131ymet kayb\u0131yla 67,6 dolardan haftay\u0131 tamamlad\u0131.<\/p>\n<p>Dolar endeksi de y\u00fczde 0,9 d\u00fc\u015f\u00fc\u015fle 97,6 d\u00fczeyinden haftay\u0131 kapatt\u0131.<\/p>\n<p><b>NEW YORK BORSASINDAK\u0130 ENDEKSLER DE\u011eERLEND\u0130<\/b><\/p>\n<p>New York borsas\u0131nda ge\u00e7en hafta al\u0131c\u0131l\u0131 bir seyir \u00f6ne \u00e7\u0131kt\u0131. Haftal\u0131k bazda New York borsas\u0131nda S&#038;P 500 y\u00fczde 1,46, Nasdaq endeksi y\u00fczde 0,90 ve Dow Jones endeksi y\u00fczde 1,26 paha kazand\u0131.<\/p>\n<p>\u00d6te yandan ABD&#8217;de \u015firketlerin a\u00e7\u0131klad\u0131\u011f\u0131 bilan\u00e7olar da takip edildi.<\/p>\n<p>Amerikan elektrikli araba \u00fcreticisi Tesla&#8217;n\u0131n net kar\u0131 bu y\u0131l\u0131n ikinci \u00e7eyre\u011finde ge\u00e7en y\u0131l\u0131n birebir devrine k\u0131yasla y\u00fczde 16 d\u00fc\u015f\u00fc\u015f kaydetti. Google&#8217;\u0131n ana kurulu\u015fu Alphabet&#8217;in geliri bu y\u0131l nisan-haziran periyodunda y\u00fczde 14, IBM&#8217;in geliri y\u00fczde 8 art\u0131\u015f g\u00f6sterdi.<\/p>\n<p>Analistler, gelecek hafta teknoloji devleri Microsoft, META, Qualcomm, Arm, Apple ve Amazon&#8217;un y\u0131l\u0131n ikinci \u00e7eyre\u011fine ili\u015fkin finansal sonu\u00e7lar\u0131n\u0131 a\u00e7\u0131klayaca\u011f\u0131n\u0131 lisana getirerek, elde edilecek sonu\u00e7lar\u0131n hisse piyasalar\u0131nda sekt\u00f6rel ve pay bazl\u0131 oynakl\u0131klar\u0131 art\u0131rabilece\u011fi konusunda ihtarda bulundu.<\/p>\n<p>Makroekonomik bilgi taraf\u0131nda, ABD&#8217;de birinci kere i\u015fsizlik maa\u015f\u0131 m\u00fcracaat\u0131nda bulunanlar\u0131n say\u0131s\u0131 19 Temmuz ile biten haftada 217 bine inerek piyasa beklentilerinin alt\u0131nda ger\u00e7ekle\u015fti. \u00dcst \u00fcste 6 haftad\u0131r azalan i\u015fsizlik maa\u015f\u0131 m\u00fcracaat say\u0131s\u0131 \u00fc\u00e7 ay\u0131n en d\u00fc\u015f\u00fck d\u00fczeyine indi.<\/p>\n<p>ABD&#8217;de imalat sanayi Sat\u0131nalma Y\u00f6neticileri Endeksi (PMI) temmuzda ge\u00e7en aya k\u0131yasla 3,4 puan azalarak 49,5&#8217;e geriledi. Piyasa beklentilerinin alt\u0131nda ger\u00e7ekle\u015fen ve yedi ay\u0131n en d\u00fc\u015f\u00fck d\u00fczeyini kaydeden endeks, imalat kesiminde daralmaya i\u015faret etti.<\/p>\n<p>\u00dclkede hizmet dal\u0131 PMI ise temmuzda ayl\u0131k 2,3 puan art\u0131\u015fla 55,2 olurken, bile\u015fik PMI da 1,7 puan artarak 54,6 pahas\u0131na ula\u015ft\u0131. Hizmet ve bile\u015fik PMI bilgileri 7 ay\u0131n en y\u00fcksek d\u00fczeyine \u00e7\u0131kt\u0131.<\/p>\n<p>28 Temmuz ile ba\u015flayacak haftada pazartesi Dallas Fed imalat sanayi endeksi, sal\u0131 New York Fed t\u00fcketici itimat endeksi, toptan e\u015fya stoklar\u0131, \u00e7ar\u015famba Fed faiz karar\u0131, Fed Ba\u015fkan\u0131 Powell&#8217;\u0131n konu\u015fmas\u0131, b\u00fcy\u00fcme, ADP istihdam raporu, bekleyen konut sat\u0131\u015flar\u0131, per\u015fembe PCE fiyat endeksi, haftal\u0131k i\u015fsizlik maa\u015f\u0131 m\u00fcracaatlar\u0131, cuma i\u015fsizlik oran\u0131, S&#038;P K\u00fcresel imalat sanayi PMIin\u015faat harcamalar\u0131 ve Michigan t\u00fcketici inan\u00e7 endeksi datalar\u0131 takip edilecek.<\/p>\n<p><b>AVRUPA BORSALARINDA ABD \u0130LE MUAHEDE \u0130Y\u0130MSERL\u0130\u011e\u0130 HAK\u0130M<\/b><\/p>\n<p>Avrupa borsalar\u0131 ge\u00e7en hafta Almanya hari\u00e7 al\u0131c\u0131l\u0131 seyrederken, gelecek haftada Avro B\u00f6lgesi&#8217;nde enflasyon ve Avro B\u00f6lgesi ile Almanya\u2019ya ait b\u00fcy\u00fcme bilgileri takip edilecek.<\/p>\n<p>Ge\u00e7en hafta Avrupa Merkez Bankas\u0131n\u0131n (ECB) faiz karar\u0131 ve sonras\u0131nda ECB Ba\u015fkan\u0131 Christine Lagarde&#8217;\u0131n s\u00f6zl\u00fc y\u00f6nlendirmeleri takip edildi.<\/p>\n<p>ECB, mevduat faiz oran\u0131n\u0131 y\u00fczde 2, refinansman faizini y\u00fczde 2,15 ve marjinal bor\u00e7lanma faizini de y\u00fczde 2,4 d\u00fczeyinde sabit tuttu. ECB Ba\u015fkan\u0131 Lagarde, enflasyon g\u00f6r\u00fcn\u00fcm\u00fcn\u00fcn de\u011fi\u015fken global ticaret siyaseti nedeniyle bilinmeyen, ekonomik b\u00fcy\u00fcmeye y\u00f6nelik risklerin de a\u015fa\u011f\u0131 tarafl\u0131 oldu\u011funu s\u00f6yledi.<\/p>\n<p>Lagarde, AB ve ABD ortas\u0131ndaki m\u00fczakerelerin nereye gitti\u011fine dikkat ettiklerini tabir ederek, &#8220;Bu ticari belirsizlik ne kadar \u00e7abuk \u00e7\u00f6z\u00fcl\u00fcrse o kadar az belirsizlikle u\u011fra\u015fmak zorunda kal\u0131r\u0131z. Bu durum biz de dahil olmak \u00fczere t\u00fcm ekonomik akt\u00f6rler taraf\u0131ndan memnuniyetle kar\u015f\u0131lan\u0131r.&#8221; dedi.<\/p>\n<p>\u00d6te yandan AB Komitesi s\u00f6zc\u00fclerinden Olof Gill, Br\u00fcksel&#8217;de d\u00fczenlenen g\u00fcnl\u00fck bas\u0131n toplant\u0131s\u0131nda, AB ve ABD ortas\u0131nda tarifeler konusunda devam eden m\u00fczakerelere ait a\u00e7\u0131klamalarda bulundu.<\/p>\n<p>Gill, AB ve ABD&#8217;nin teknik ve politik seviyede a\u011f\u0131r bir halde g\u00f6r\u00fc\u015fmeye devam etti\u011fini belirterek, bir muahede yapmaya odakland\u0131klar\u0131n\u0131 s\u00f6yledi ve bu t\u00fcrl\u00fc bir sonuca ula\u015fman\u0131n eri\u015filebilir oldu\u011funa inand\u0131klar\u0131n\u0131 tabir etti.<\/p>\n<p>Ticaret belirsizliklerinin Avrupa&#8217;da \u015firketler \u00fczerindeki olumsuz tesirleri de g\u00f6r\u00fclmeye ba\u015flad\u0131. Peugeot, Fiat, Citroen ve Opel \u00fczere markalar\u0131 b\u00fcnyesinde bar\u0131nd\u0131ran Stellantis K\u00fcmesi, y\u0131l\u0131n birinci yar\u0131s\u0131nda 2,3 milyar avro ziyan a\u00e7\u0131klad\u0131.<\/p>\n<p>\u00d6te yandan \u0130ngiltere, Rusya&#8217;n\u0131n g\u00fc\u00e7 kesimini ama\u00e7 alan 137 yeni yapt\u0131r\u0131m a\u00e7\u0131klad\u0131. \u0130ngiltere D\u0131\u015fi\u015fleri Bakanl\u0131\u011f\u0131, yeni yapt\u0131r\u0131mlar\u0131n Rusya&#8217;n\u0131n petrol gelirlerini kesintiye u\u011frataca\u011f\u0131n\u0131 bildirdi.<\/p>\n<p>Ge\u00e7en hafta \u0130ngiltere&#8217;de FTSE 100 endeksi y\u00fczde 1,4, Fransa&#8217;da CAC 40 endeksi y\u00fczde 0,15 ve \u0130talya&#8217;da MIB 30 endeksi y\u00fczde 1,03 bedel kazan\u0131rken, Almanya&#8217;da DAX endeksi y\u00fczde 0,36 geriledi.<\/p>\n<p>Gelecek haftan\u0131n bilgi takviminde \u00e7ar\u015famba Avro B\u00f6lgesi ile Almanya&#8217;da b\u00fcy\u00fcme, Avro B\u00f6lgesinde t\u00fcketici itimat endeksi, per\u015fembe Avro B\u00f6lgesi ile Almanya&#8217;da i\u015fsizlik oran\u0131, Almanya&#8217;da enflasyon, cuma Avro B\u00f6lgesi&#8217;nde enflasyon, Hamburg Ticaret Bankas\u0131 (HCOB) imalat sanayi PMI ve Almanya&#8217;da HCOB imalat sanayi PMI yer al\u0131yor.<\/p>\n<p><b>JAPONYA-ABD MUAHEDES\u0130 HABERLER\u0130 ASYA BORSALARINI OLUMLU ETK\u0130LED\u0130<\/b><\/p>\n<p>Asya borsalar\u0131 ge\u00e7en hafta olumlu seyrederken, gelecek hafta ABD ile \u00c7in g\u00f6r\u00fc\u015fmesi, m\u00fcmk\u00fcn G\u00fcney Kore mutabakat\u0131 ve a\u00e7\u0131klanacak makroekonomik datalar yat\u0131r\u0131mc\u0131lar taraf\u0131ndan yak\u0131ndan takip edilecek.<\/p>\n<p>Bu do\u011frultuda G\u00fcney Kore Sanayi Bakan\u0131 Kim Jung-kwan, ABD Ticaret Bakan\u0131 Howard Lutnick ile bir ortaya gelerek, 1 A\u011fustos tarihine kadar tarifeler konusunda bir muahedeye varma taahh\u00fcd\u00fcn\u00fc tekrarlad\u0131.<\/p>\n<p>\u00d6te yandan, Japonya D\u0131\u015fi\u015fleri Bakan\u0131 \u0130vaya Take\u015fi, G\u00fcney Kore&#8217;nin yeni D\u0131\u015fi\u015fleri Bakan\u0131 Cho Hyun ile telefon g\u00f6r\u00fc\u015fmesi yapt\u0131. Bakanlar, iki \u00fclkenin ortak m\u00fcttefiki ABD ile &#8220;mevcut stratejik ortamda&#8221; hem ikili hem de \u00fc\u00e7l\u00fc i\u015fbirli\u011finin ehemmiyetini vurgulad\u0131.<\/p>\n<p>B\u00f6lgede cuma g\u00fcn\u00fc a\u00e7\u0131klanan bilgilere nazaran Japonya&#8217;da \u00fclkedeki enflasyon g\u00f6r\u00fcn\u00fcme ait \u00e7er\u00e7eve \u00e7izen Tokyo T\u00fcketici Fiyat Endeksi (T\u00dcFE) temmuzda y\u0131ll\u0131k bazda y\u00fczde 2,9 artt\u0131.<\/p>\n<p>Tokyo&#8217;da \u00e7ekirdek T\u00dcFE de birebir periyotta y\u00fczde 2,9 ile beklentilerin alt\u0131nda y\u00fckseldi. \u00dclkede haziran Hizmet \u00dcretici Fiyat Endeksi (H-\u00dcFE) y\u0131ll\u0131k 3,2 ile beklentilere paralel art\u0131\u015f kaydederken, may\u0131s ay\u0131 \u00f6nc\u00fc endeks 104,8 olarak a\u00e7\u0131kland\u0131.<\/p>\n<p>A\u00e7\u0131klanan Tokyo T\u00dcFE verisinin Japonya Merkez Bankas\u0131&#8217;n\u0131n (BoJ) y\u00fczde 2 olan enflasyon gayesinin \u00fcst\u00fcnde olmas\u0131 bankan\u0131n para siyasetinin gidi\u015fat\u0131na ait belirsizliklerin artmas\u0131na neden oluyor.<\/p>\n<p>\u00d6te yandan \u00c7in&#8217;de k\u00f6m\u00fcr, al\u00fcminyum, polisilikon \u00fczere eserlerde bu ay y\u00fczde 10 ile 68 civar\u0131nda art\u0131\u015flar g\u00f6r\u00fcld\u00fc.<\/p>\n<p>Analistler, \u00c7in&#8217;deki k\u00f6m\u00fcr fiyatlar\u0131n\u0131n artmas\u0131yla \u00fclkede g\u00fc\u00e7 maliyetlerinde de kayda k\u0131ymet bir y\u00fckseli\u015f g\u00f6r\u00fclebilece\u011fini belirterek, \u00fclkede t\u00fcketici taraf\u0131ndaki deflasyon tela\u015flar\u0131n\u0131n yan\u0131na sanayi taraf\u0131na g\u00fc\u00e7 maliyetlerine ait bask\u0131n\u0131n da eklenmesinin iktisada ait tela\u015flar\u0131n tetiklenmesine neden olabilece\u011fini s\u00f6yledi.<\/p>\n<p>S\u00f6z konusu geli\u015fmelerle haftal\u0131k bazda \u00c7in&#8217;de \u015eanghay bile\u015fik endeksi y\u00fczde 1,67, Hong Kong&#8217;da Hang Seng endeksi y\u00fczde 2,27 ve G\u00fcney Kore&#8217;de Kospi endeksi y\u00fczde 0,25 Japonya&#8217;da Nikkei 225 endeksi y\u00fczde 4,11 y\u00fckseldi.<\/p>\n<p>Gelecek hafta per\u015fembe Japonya&#8217;da sanayi \u00fcretimi, perakende sat\u0131\u015flar, \u00c7in&#8217;de China Federation of Logistics and Purchasing (CFLP) imalat sanayi ve hizmet dal\u0131 PMI, cuma Japonya&#8217;da i\u015fsizlik oran\u0131, \u00c7in&#8217;de S&#038;P K\u00fcresel imalat sanayi PMI datalar\u0131 a\u00e7\u0131klanacak.<\/p>\n<p><b>MERKEZ BANKASI&#8217;NIN FA\u0130Z KARARI TAK\u0130P ED\u0130LD\u0130<\/b><\/p>\n<p>Yurt i\u00e7inde ge\u00e7en hafta al\u0131\u015f y\u00fckl\u00fc seyir \u00f6ne \u00e7\u0131karken BIST 100 endeksi y\u00fczde 2,67 y\u00fckseli\u015fle 10.642,60 puandan kapand\u0131.<\/p>\n<p>T\u00fcrkiye Cumhuriyet Merkez Bankas\u0131 (TCMB) Para Politikas\u0131 Kurulu (PPK), siyaset faizi olan bir hafta vadeli repo ihale faiz oran\u0131n\u0131 300 baz puan d\u00fc\u015f\u00fcrerek y\u00fczde 43&#8217;e \u00e7ekti. Ayr\u0131yeten Konsey, Merkez Bankas\u0131 gecelik vadede bor\u00e7 verme faiz oran\u0131n\u0131 y\u00fczde 49&#8217;dan y\u00fczde 46&#8217;ya, gecelik vadede bor\u00e7lanma faiz oran\u0131n\u0131 da y\u00fczde 44,5&#8217;ten y\u00fczde 41,5&#8217;e indirdi.<\/p>\n<p><b>T\u00dcRK\u0130YE&#8217;N\u0130N KRED\u0130 NOTU Y\u00dcKSELD\u0130<\/b><\/p>\n<p>\u00d6te yandan cuma g\u00fcn\u00fc milletleraras\u0131 derecelendirme kurulu\u015fu Moody&#8217;s, T\u00fcrkiye&#8217;nin kredi notunu &#8220;B1&#8243;den &#8220;Ba3&#8243;e y\u00fckseltirken, not g\u00f6r\u00fcn\u00fcm\u00fcn\u00fc &#8220;dura\u011fan&#8221;a \u00e7evirdi.<\/p>\n<p>Not art\u0131r\u0131m\u0131n\u0131n tesirli siyaset \u00fcretiminin g\u00fc\u00e7lenen performans\u0131n\u0131 yans\u0131tt\u0131\u011f\u0131 belirtilen a\u00e7\u0131klamada, daha spesifik olarak da T\u00fcrkiye Cumhuriyet Merkez Bankas\u0131n\u0131n enflasyon bask\u0131lar\u0131n\u0131 kal\u0131c\u0131 formda hafifleten, ekonomik dengesizlikleri azaltan ve yerli mevduat sahipleri ile yabanc\u0131 yat\u0131r\u0131mc\u0131lar\u0131n T\u00fcrk liras\u0131na olan itimad\u0131n\u0131 kademeli olarak yine tesis eden para siyasetine ba\u011fl\u0131l\u0131\u011f\u0131n\u0131 g\u00f6sterdi\u011fi tabir edildi.<\/p>\n<p>A\u00e7\u0131klamada, not art\u0131\u015f\u0131n\u0131n siyaset de\u011fi\u015fikli\u011fi riskinin azald\u0131\u011f\u0131 istikametindeki g\u00f6r\u00fc\u015f\u00fc de yans\u0131tt\u0131\u011f\u0131 lakin bu riskin gelecek y\u0131llarda da devam edece\u011fi belirtildi. Kredi notu g\u00f6r\u00fcn\u00fcm\u00fcn\u00fcn ise &#8220;pozitif&#8221;ten &#8220;dura\u011fan&#8221;a \u00e7evrildi\u011fi bildirilen a\u00e7\u0131klamada, bunun T\u00fcrkiye&#8217;nin kredi profiline y\u00f6nelik \u00fcst ve a\u015fa\u011f\u0131 istikametli riskleri dengeledi\u011fi tabir edildi.<\/p>\n<p>Fitch Ratings, T\u00fcrkiye&#8217;nin kredi notunu &#8220;BB-&#8220;, kredi notu g\u00f6r\u00fcn\u00fcm\u00fcn\u00fc &#8220;dura\u011fan&#8221; olarak teyit etti.<\/p>\n<p>T\u00fcrkiye&#8217;deki siyaset risklerine ve kredi notunu etkileyen zay\u0131f ve g\u00fc\u00e7l\u00fc \u00f6gelere de\u011finilen a\u00e7\u0131klamada, \u00fclkenin d\u00fc\u015f\u00fck kamu borcu, d\u0131\u015f finansmana eri\u015fimin s\u00fcrd\u00fcr\u00fclebilmesi, sa\u011flam bankac\u0131l\u0131k dal\u0131 ve &#8220;BB&#8221; k\u00fcmesinin ortalamas\u0131na nazaran y\u00fcksek ki\u015fi ba\u015f\u0131 Gayri Safi Yurt \u0130\u00e7i Has\u0131la (GSYH) \u00fczere g\u00fc\u00e7l\u00fc istikametlerinin bulundu\u011fu vurguland\u0131.<\/p>\n<p>Dolar\/TL, haftay\u0131 evvelki haftal\u0131k kapan\u0131\u015f\u0131n y\u00fczde 0,4 \u00fczerinde 40,5690&#8217;dan tamamlad\u0131.<\/p>\n<p>Gelecek hafta yurt i\u00e7inde \u00e7ar\u015famba i\u015fsizlik oran\u0131, ekonomik inan\u00e7 endeksi, per\u015fembe TCMB PPK toplant\u0131 \u00f6zeti, d\u0131\u015f ticaret istikrar\u0131, imalat sanayi PMI bilgileri takip edilecek.<\/p>\n","protected":false},"excerpt":{"rendered":"<p>ABD\u2019nin Japonya ile vard\u0131\u011f\u0131 ticaret mutabakat\u0131 ve AB ile m\u00fczakerelerde ilerleme sinyali, piyasalarda risk i\u015ftah\u0131n\u0131 art\u0131rd\u0131. G\u00f6zler art\u0131k Fed\u2019in faiz karar\u0131na ve a\u00e7\u0131klanacak makro datalarla dev \u015firketlerin bilan\u00e7olar\u0131na \u00e7evrildi. Asya\u2019dan Avrupa\u2019ya, piyasalar temkinli optimistlikle haftaya haz\u0131rlan\u0131yor.<\/p>\n","protected":false},"author":1,"featured_media":60582,"comment_status":"open","ping_status":"open","sticky":false,"template":"","format":"standard","meta":{"footnotes":""},"categories":[24],"tags":[82,1477,3028,7867,1001],"class_list":["post-60581","post","type-post","status-publish","format-standard","has-post-thumbnail","hentry","category-ekonomi","tag-abd","tag-fed","tag-gecen-hafta","tag-gelecek-hafta","tag-veri"],"_links":{"self":[{"href":"https:\/\/ikimisli.tr\/index.php\/wp-json\/wp\/v2\/posts\/60581","targetHints":{"allow":["GET"]}}],"collection":[{"href":"https:\/\/ikimisli.tr\/index.php\/wp-json\/wp\/v2\/posts"}],"about":[{"href":"https:\/\/ikimisli.tr\/index.php\/wp-json\/wp\/v2\/types\/post"}],"author":[{"embeddable":true,"href":"https:\/\/ikimisli.tr\/index.php\/wp-json\/wp\/v2\/users\/1"}],"replies":[{"embeddable":true,"href":"https:\/\/ikimisli.tr\/index.php\/wp-json\/wp\/v2\/comments?post=60581"}],"version-history":[{"count":1,"href":"https:\/\/ikimisli.tr\/index.php\/wp-json\/wp\/v2\/posts\/60581\/revisions"}],"predecessor-version":[{"id":60583,"href":"https:\/\/ikimisli.tr\/index.php\/wp-json\/wp\/v2\/posts\/60581\/revisions\/60583"}],"wp:featuredmedia":[{"embeddable":true,"href":"https:\/\/ikimisli.tr\/index.php\/wp-json\/wp\/v2\/media\/60582"}],"wp:attachment":[{"href":"https:\/\/ikimisli.tr\/index.php\/wp-json\/wp\/v2\/media?parent=60581"}],"wp:term":[{"taxonomy":"category","embeddable":true,"href":"https:\/\/ikimisli.tr\/index.php\/wp-json\/wp\/v2\/categories?post=60581"},{"taxonomy":"post_tag","embeddable":true,"href":"https:\/\/ikimisli.tr\/index.php\/wp-json\/wp\/v2\/tags?post=60581"}],"curies":[{"name":"wp","href":"https:\/\/api.w.org\/{rel}","templated":true}]}}