{"id":60587,"date":"2025-07-27T09:47:53","date_gmt":"2025-07-27T09:47:53","guid":{"rendered":"https:\/\/ikimisli.tr\/?p=60587"},"modified":"2025-07-27T09:47:53","modified_gmt":"2025-07-27T09:47:53","slug":"kartalkayadaki-yangin-faciasinda-iliskin-yeni-goruntulere-ulasildi","status":"publish","type":"post","link":"https:\/\/ikimisli.tr\/index.php\/2025\/07\/27\/kartalkayadaki-yangin-faciasinda-iliskin-yeni-goruntulere-ulasildi\/","title":{"rendered":"Kartalkaya&#8217;daki yang\u0131n facias\u0131nda ili\u015fkin yeni g\u00f6r\u00fcnt\u00fclere ula\u015f\u0131ld\u0131"},"content":{"rendered":"<p>Otelin d\u0131\u015f\u0131, mutfak, i\u015f\u00e7i kat\u0131 koridoru ile resepsiyon k\u0131sm\u0131n\u0131 g\u00f6steren g\u00fcvenlik kameralar\u0131na ili\u015fkin yeni imajlara ula\u015ft\u0131.<\/p>\n<p>G\u00f6r\u00fcnt\u00fcler, insanlar\u0131n binadan kurtulma gayretlerini, kayg\u0131y\u0131, alev ve dumanlar\u0131n y\u00fckselmesi ile otelden ka\u00e7\u0131\u015f anlar\u0131n\u0131 g\u00f6zler \u00f6n\u00fcne seriyor.<\/p>\n<p>G\u00f6r\u00fcnt\u00fclere nazaran, otelin mutfak k\u0131sm\u0131nda yang\u0131n\u0131 fark eden \u00e7al\u0131\u015fanlar, lavabonun alt\u0131ndaki yang\u0131n s\u00f6nd\u00fcrme t\u00fcp\u00fcn\u00fc kullanmadan panik halinde ka\u00e7\u0131yor ve alevlerin b\u00fcy\u00fcmesiyle etraf\u0131 duman kapl\u0131yor.<\/p>\n<p>Binan\u0131n \u00f6n taraf\u0131ndaki kameraya ili\u015fkin imajda, insanlar\u0131n otelin giri\u015f kap\u0131s\u0131ndan d\u0131\u015far\u0131 \u00e7\u0131kmalar\u0131 ile sundurmaya dayanan merdivenle m\u00fc\u015fterilerin tahliyesi yer al\u0131yor.<\/p>\n<p>Otelin \u00f6n k\u0131sm\u0131 ile otopark\u0131n\u0131 g\u00f6steren \u00f6b\u00fcr bir kamera kayd\u0131na nazaran, otel m\u00fc\u015fterileri camlardan sundurmaya, oradan da yere inmeye \u00e7al\u0131\u015f\u0131yor.<\/p>\n<p>Kay\u0131tlarda, kimi m\u00fc\u015fterilerin 5&#8217;inci kattaki bir pencereden sark\u0131t\u0131lan \u00e7ar\u015fafa tutunarak inmeye \u00e7al\u0131\u015ft\u0131\u011f\u0131, bu s\u0131rada bir ki\u015finin de d\u00fc\u015ft\u00fc\u011f\u00fc g\u00f6r\u00fcl\u00fcyor.<\/p>\n<p>Binan\u0131n art k\u0131sm\u0131na ili\u015fkin imgelerde de g\u00f6steri alan\u0131ndan alev ve dumanlar\u0131n y\u00fckselmesi, otelden ko\u015farak \u00e7\u0131kan kimi insanlar\u0131n kayarak d\u00fc\u015fmesi ve panik halinde cep telefonlar\u0131yla birilerini aramas\u0131 yer al\u0131yor.<\/p>\n<p>Mutfak k\u0131sm\u0131ndan otelin lobisine \u00e7\u0131kan i\u015f\u00e7inin resepsiyon g\u00f6revlisine tela\u015fla bir \u015feyler s\u00f6ylemesi, mutfak \u00e7al\u0131\u015fan\u0131 ve resepsiyon g\u00f6revlisinin telefonla birilerini aramas\u0131, binan\u0131n d\u0131\u015f\u0131na \u00e7\u0131kmalar\u0131 ve duman\u0131n otelin giri\u015f k\u0131sm\u0131n\u0131 kaplamas\u0131 da kamera kay\u0131tlar\u0131nda bulunuyor.<\/p>\n<p>Otel \u00e7al\u0131\u015fan\u0131n\u0131n kald\u0131\u011f\u0131 kattaki bir dolap kapa\u011f\u0131n\u0131n duman\u0131n tesiriyle tabiat\u0131yla a\u00e7\u0131lmas\u0131 ve duman\u0131n koridora yay\u0131lmas\u0131 ile g\u00f6revlilerin alan\u0131 terk etmesi de imajlar ortas\u0131nda yer al\u0131yor.<\/p>\n","protected":false},"excerpt":{"rendered":"<p>Bolu Kartalkaya Kayak Merkezi&#8217;nde 78 ki\u015finin hayat\u0131n\u0131 kaybetti\u011fi, 133 ki\u015finin yaraland\u0131\u011f\u0131 Grand Kartal Otel yang\u0131n\u0131nda insanlar\u0131n binadan kurtulma u\u011fra\u015flar\u0131 ile \u00f6teki ya\u015fananlar\u0131n g\u00fcvenlik kameras\u0131 imgeleri ortaya \u00e7\u0131kt\u0131.<\/p>\n","protected":false},"author":1,"featured_media":60588,"comment_status":"open","ping_status":"open","sticky":false,"template":"","format":"standard","meta":{"footnotes":""},"categories":[25],"tags":[3256,2107,2800],"class_list":["post-60587","post","type-post","status-publish","format-standard","has-post-thumbnail","hentry","category-gundem","tag-duman","tag-goruntuler","tag-otelin"],"_links":{"self":[{"href":"https:\/\/ikimisli.tr\/index.php\/wp-json\/wp\/v2\/posts\/60587","targetHints":{"allow":["GET"]}}],"collection":[{"href":"https:\/\/ikimisli.tr\/index.php\/wp-json\/wp\/v2\/posts"}],"about":[{"href":"https:\/\/ikimisli.tr\/index.php\/wp-json\/wp\/v2\/types\/post"}],"author":[{"embeddable":true,"href":"https:\/\/ikimisli.tr\/index.php\/wp-json\/wp\/v2\/users\/1"}],"replies":[{"embeddable":true,"href":"https:\/\/ikimisli.tr\/index.php\/wp-json\/wp\/v2\/comments?post=60587"}],"version-history":[{"count":1,"href":"https:\/\/ikimisli.tr\/index.php\/wp-json\/wp\/v2\/posts\/60587\/revisions"}],"predecessor-version":[{"id":60589,"href":"https:\/\/ikimisli.tr\/index.php\/wp-json\/wp\/v2\/posts\/60587\/revisions\/60589"}],"wp:featuredmedia":[{"embeddable":true,"href":"https:\/\/ikimisli.tr\/index.php\/wp-json\/wp\/v2\/media\/60588"}],"wp:attachment":[{"href":"https:\/\/ikimisli.tr\/index.php\/wp-json\/wp\/v2\/media?parent=60587"}],"wp:term":[{"taxonomy":"category","embeddable":true,"href":"https:\/\/ikimisli.tr\/index.php\/wp-json\/wp\/v2\/categories?post=60587"},{"taxonomy":"post_tag","embeddable":true,"href":"https:\/\/ikimisli.tr\/index.php\/wp-json\/wp\/v2\/tags?post=60587"}],"curies":[{"name":"wp","href":"https:\/\/api.w.org\/{rel}","templated":true}]}}