{"id":60615,"date":"2025-07-27T11:35:53","date_gmt":"2025-07-27T11:35:53","guid":{"rendered":"https:\/\/ikimisli.tr\/?p=60615"},"modified":"2025-07-27T11:35:53","modified_gmt":"2025-07-27T11:35:53","slug":"saglik-bakanligi-duyurdu-randevularda-yeni-donem-basladi","status":"publish","type":"post","link":"https:\/\/ikimisli.tr\/index.php\/2025\/07\/27\/saglik-bakanligi-duyurdu-randevularda-yeni-donem-basladi\/","title":{"rendered":"Sa\u011fl\u0131k Bakanl\u0131\u011f\u0131 duyurdu: Randevularda yeni d\u00f6nem ba\u015flad\u0131"},"content":{"rendered":"<p><span>Sa<\/span><span>\u011fl\u0131k Bakanl\u0131\u011f\u0131, Merkezi Hekim Randevu Sistemi (MHRS) <\/span><span>\u00fczerinden randevu talebi olu<\/span><span>\u015fturmadan <\/span><span>\u00f6nce vatanda<\/span><span>\u015flar\u0131n tercihine sunmak <\/span><span>\u00fczere &#8220;Aile Tabibine Y\u00f6nlendirme&#8221; uygulamas<\/span><span>\u0131n\u0131n devreye al\u0131nd\u0131\u011f\u0131n\u0131 bildirdi.<\/span><\/p>\n<p><span>Bakanl\u0131ktan yap\u0131lan a<\/span><span>\u00e7<\/span><span>\u0131klamaya g<\/span><span>\u00f6re, vatanda<\/span><span>\u015flar\u0131n s\u0131hhat hizmetlerine eri\u015fimini kolayla\u015ft\u0131rmak ve kaynaklar\u0131 daha verimli kullanmak gayesiyle yeni bir d<\/span><span>\u00fczenlemeye gidildi.<\/span><\/p>\n<p><span>Sa<\/span><span>\u011fl\u0131k Bakanl\u0131\u011f\u0131, MHRS <\/span><span>\u00fczerinden randevu talebi olu<\/span><span>\u015fturmadan <\/span><span>\u00f6nce vatanda<\/span><span>\u015flar\u0131n tercihine sunmak <\/span><span>\u00fczere &#8220;Aile Doktoruna Y\u00f6nlendirme&#8221; uygulamas<\/span><span>\u0131n\u0131 devreye ald\u0131.<\/span><\/p>\n<p><span>25 Temmuz&#8217;da hayata ge<\/span><span>\u00e7irilen uygulamayla vatanda<\/span><span>\u015flar, MHRS <\/span><span>\u00fczerinden randevu talebi b<\/span><span>\u0131rakma s\u00fcreci <\/span><span>\u00f6ncesinde &#8220;Aile Tabibine Y\u00f6nlendirme&#8221; ekran<\/span><span>\u0131yla kar\u015f\u0131la\u015facak.<\/span><\/p>\n<p><span>Tercihleri do\u011frultusunda aile doktoruna y<\/span><span>\u00f6nlendirilen ki<\/span><span>\u015filer, <\/span><span>\u00f6nce aile doktorlar\u0131nca muayene edilecek ve de<\/span><span>\u011ferlendirmeleri yap\u0131lacak.<\/span><\/p>\n","protected":false},"excerpt":{"rendered":"<p>25 Temmuz&#8217;da hayata ge\u00e7irilen uygulamayla tercihleri do\u011frultusunda aile doktoruna y\u00f6nlendirilen vatanda\u015flar, evvel aile tabiplerince muayene edilecek ve de\u011ferlendirmeleri yap\u0131lacak.<\/p>\n","protected":false},"author":1,"featured_media":60616,"comment_status":"open","ping_status":"open","sticky":false,"template":"","format":"standard","meta":{"footnotes":""},"categories":[29],"tags":[87,595],"class_list":["post-60615","post","type-post","status-publish","format-standard","has-post-thumbnail","hentry","category-saglik","tag-aile","tag-hekim"],"_links":{"self":[{"href":"https:\/\/ikimisli.tr\/index.php\/wp-json\/wp\/v2\/posts\/60615","targetHints":{"allow":["GET"]}}],"collection":[{"href":"https:\/\/ikimisli.tr\/index.php\/wp-json\/wp\/v2\/posts"}],"about":[{"href":"https:\/\/ikimisli.tr\/index.php\/wp-json\/wp\/v2\/types\/post"}],"author":[{"embeddable":true,"href":"https:\/\/ikimisli.tr\/index.php\/wp-json\/wp\/v2\/users\/1"}],"replies":[{"embeddable":true,"href":"https:\/\/ikimisli.tr\/index.php\/wp-json\/wp\/v2\/comments?post=60615"}],"version-history":[{"count":1,"href":"https:\/\/ikimisli.tr\/index.php\/wp-json\/wp\/v2\/posts\/60615\/revisions"}],"predecessor-version":[{"id":60617,"href":"https:\/\/ikimisli.tr\/index.php\/wp-json\/wp\/v2\/posts\/60615\/revisions\/60617"}],"wp:featuredmedia":[{"embeddable":true,"href":"https:\/\/ikimisli.tr\/index.php\/wp-json\/wp\/v2\/media\/60616"}],"wp:attachment":[{"href":"https:\/\/ikimisli.tr\/index.php\/wp-json\/wp\/v2\/media?parent=60615"}],"wp:term":[{"taxonomy":"category","embeddable":true,"href":"https:\/\/ikimisli.tr\/index.php\/wp-json\/wp\/v2\/categories?post=60615"},{"taxonomy":"post_tag","embeddable":true,"href":"https:\/\/ikimisli.tr\/index.php\/wp-json\/wp\/v2\/tags?post=60615"}],"curies":[{"name":"wp","href":"https:\/\/api.w.org\/{rel}","templated":true}]}}