{"id":60651,"date":"2025-07-27T13:59:54","date_gmt":"2025-07-27T13:59:54","guid":{"rendered":"https:\/\/ikimisli.tr\/?p=60651"},"modified":"2025-07-27T13:59:54","modified_gmt":"2025-07-27T13:59:54","slug":"ucaga-binerken-herkesin-sorun-yasadigi-kural-kaldiriliyor","status":"publish","type":"post","link":"https:\/\/ikimisli.tr\/index.php\/2025\/07\/27\/ucaga-binerken-herkesin-sorun-yasadigi-kural-kaldiriliyor\/","title":{"rendered":"U\u00e7a\u011fa binerken herkesin sorun ya\u015fad\u0131\u011f\u0131 kural kald\u0131r\u0131l\u0131yor"},"content":{"rendered":"<p>Avrupa Birli\u011fi havalimanlar\u0131nda el bagaj\u0131ndaki s\u0131v\u0131lar\u0131n ta\u015f\u0131nmas\u0131na ait mevcut 100 mililitrelik hudut, yeni ku\u015fak g\u00fcvenlik tarama teknolojilerinin devreye girmesiyle yak\u0131nda kalkacak. Bu de\u011fi\u015fiklik, yolcular\u0131n daha b\u00fcy\u00fck s\u0131v\u0131 kaplar\u0131yla u\u00e7u\u015f yapabilmesini m\u00fcmk\u00fcn k\u0131lacak.<\/p>\n<p>Avrupa Kurulu, bu geli\u015fmeyi birinci olarak \u0130talyan gazetesi Corriere della Sera&#8217;da yer alan haberle do\u011frulad\u0131. Komitenin daha sonra hususa ait Euronews\u2019e yapt\u0131\u011f\u0131 a\u00e7\u0131klamada, yeni tarama ayg\u0131tlar\u0131 sayesinde el bagaj\u0131ndaki s\u0131v\u0131 patlay\u0131c\u0131lar\u0131n\u0131n tespit edilebilece\u011fini belirtti. Bu durum, uzun m\u00fcddettir uygulanan s\u0131v\u0131 ta\u015f\u0131ma k\u0131s\u0131tlamalar\u0131n\u0131n g\u00f6zden ge\u00e7irilmesini g\u00fcndeme getirdi.<\/p>\n<p><b>ARTIK SIVI PATLAYICILARI TESP\u0130T ED\u0130LEB\u0130LECEK<\/b><\/p>\n<p>Mevcut AB d\u00fczenlemelerine nazaran, el bagaj\u0131ndaki s\u0131v\u0131lar, spreyler ve jeller 100 ml&#8217;yi ge\u00e7emezken, bebek eserleri, ila\u00e7lar ve \u00f6zel diyet s\u0131v\u0131lar\u0131 bu k\u0131s\u0131tlamadan muaf tutuluyordu. Bu s\u0131n\u0131rlaman\u0131n ard\u0131ndaki ana sebep, klasik r\u00f6ntgen ayg\u0131tlar\u0131n\u0131n s\u0131v\u0131 patlay\u0131c\u0131lar\u0131 tespit edememesiydi. Fakat yeni teknolojilerle donat\u0131lan patlay\u0131c\u0131 tespit sistemleri, bu sorunu ortadan kald\u0131rd\u0131.<\/p>\n<p><b>ROMA VE M\u0130LANO HAVAL\u0130MALARINDA KULLANIMA BA\u015eLANDI<\/b><\/p>\n<p>Yeni sistemler, \u015fu anda Roma ve Milano \u00fczere kimi Avrupa havalimanlar\u0131nda kullan\u0131lmaya ba\u015fland\u0131. Fakat ge\u00e7en y\u0131l Avrupa Komitesi, teknik m\u00fcnasebetlerle bu ayg\u0131tlar\u0131n kullan\u0131m\u0131na s\u00fcreksiz bir s\u0131n\u0131rlama getirmi\u015fti. Haziran 2025&#8217;te Avrupa Sivil Havac\u0131l\u0131k Konferans\u0131 (ECAC) taraf\u0131ndan onaylanan yeni tarama sistemiyle birlikte, bu maniler a\u015f\u0131labilecek ve ayg\u0131tlar AB genelinde kullan\u0131lmak \u00fczere pazara sunulabilecek.<\/p>\n<p>Avrupa Komitesi yetkilileri, yeni ekipmanlar\u0131n &#8220;\u00f6n\u00fcm\u00fczdeki g\u00fcnlerde&#8221; havalimanlar\u0131nda kullan\u0131lmaya ba\u015flanabilece\u011fini belirtti.\u00a0<\/p>\n","protected":false},"excerpt":{"rendered":"<p>El bagajlar\u0131nda bir\u00e7ok ki\u015finin r\u00f6ntgen ayg\u0131tlar\u0131nda p\u00fcr\u00fcze tak\u0131ld\u0131\u011f\u0131 s\u0131v\u0131 s\u0131n\u0131rlamas\u0131 b\u00fcsb\u00fct\u00fcn kalk\u0131yor.<\/p>\n","protected":false},"author":1,"featured_media":60652,"comment_status":"open","ping_status":"open","sticky":false,"template":"","format":"standard","meta":{"footnotes":""},"categories":[43],"tags":[435,671],"class_list":["post-60651","post","type-post","status-publish","format-standard","has-post-thumbnail","hentry","category-dunya","tag-avrupa","tag-sivi"],"_links":{"self":[{"href":"https:\/\/ikimisli.tr\/index.php\/wp-json\/wp\/v2\/posts\/60651","targetHints":{"allow":["GET"]}}],"collection":[{"href":"https:\/\/ikimisli.tr\/index.php\/wp-json\/wp\/v2\/posts"}],"about":[{"href":"https:\/\/ikimisli.tr\/index.php\/wp-json\/wp\/v2\/types\/post"}],"author":[{"embeddable":true,"href":"https:\/\/ikimisli.tr\/index.php\/wp-json\/wp\/v2\/users\/1"}],"replies":[{"embeddable":true,"href":"https:\/\/ikimisli.tr\/index.php\/wp-json\/wp\/v2\/comments?post=60651"}],"version-history":[{"count":1,"href":"https:\/\/ikimisli.tr\/index.php\/wp-json\/wp\/v2\/posts\/60651\/revisions"}],"predecessor-version":[{"id":60653,"href":"https:\/\/ikimisli.tr\/index.php\/wp-json\/wp\/v2\/posts\/60651\/revisions\/60653"}],"wp:featuredmedia":[{"embeddable":true,"href":"https:\/\/ikimisli.tr\/index.php\/wp-json\/wp\/v2\/media\/60652"}],"wp:attachment":[{"href":"https:\/\/ikimisli.tr\/index.php\/wp-json\/wp\/v2\/media?parent=60651"}],"wp:term":[{"taxonomy":"category","embeddable":true,"href":"https:\/\/ikimisli.tr\/index.php\/wp-json\/wp\/v2\/categories?post=60651"},{"taxonomy":"post_tag","embeddable":true,"href":"https:\/\/ikimisli.tr\/index.php\/wp-json\/wp\/v2\/tags?post=60651"}],"curies":[{"name":"wp","href":"https:\/\/api.w.org\/{rel}","templated":true}]}}