{"id":60657,"date":"2025-07-27T14:23:53","date_gmt":"2025-07-27T14:23:53","guid":{"rendered":"https:\/\/ikimisli.tr\/?p=60657"},"modified":"2025-07-27T14:23:53","modified_gmt":"2025-07-27T14:23:53","slug":"bu-sadece-prezervatif-degil-isyan-200-yillik-prezervatifteki-cizim-ahlak-anlayisini-yeniden-sorgulatiyor","status":"publish","type":"post","link":"https:\/\/ikimisli.tr\/index.php\/2025\/07\/27\/bu-sadece-prezervatif-degil-isyan-200-yillik-prezervatifteki-cizim-ahlak-anlayisini-yeniden-sorgulatiyor\/","title":{"rendered":"Bu sadece prezervatif de\u011fil, isyan: 200 y\u0131ll\u0131k prezervatifteki \u00e7izim &#8216;ahlak&#8217; anlay\u0131\u015f\u0131n\u0131 yeniden sorgulat\u0131yor"},"content":{"rendered":"<p>Amsterdam&#8217;daki d\u00fcnyaca \u00fcnl\u00fc Rijksmuseum, yak\u0131n vakitte ger\u00e7ekle\u015ftirdi\u011fi bir m\u00fczayedede koleksiyonuna s\u0131ra d\u0131\u015f\u0131 bir kesim ekledi: 1830 y\u0131l\u0131na tarihlenen, koyun ba\u011f\u0131rsa\u011f\u0131ndan yap\u0131lm\u0131\u015f bir prezervatif. Lakin bu az nesneyi nitekim de\u011fer bi\u00e7ilmez k\u0131lan \u015fey, gerecinden \u00e7ok, \u00fczerine i\u015flenmi\u015f olan ve devrin cinsel ikiy\u00fczl\u00fcl\u00fc\u011f\u00fcn\u00fc ve dini tabular\u0131n\u0131 gaye alan c\u00fcretk\u00e2r ve hiciv dolu \u00e7izim.<\/p>\n<p>sciencepost&#8217;in haberine nazaran kullan\u0131lmam\u0131\u015f oldu\u011fu anla\u015f\u0131lan bu mod\u00fcl, o devirden g\u00fcn\u00fcm\u00fcze neredeyse sa\u011flam bir halde ula\u015fabilen bilinen yaln\u0131zca 2 \u00f6rnekten biri olmas\u0131yla b\u00fcy\u00fck bir tarihi k\u0131ymete sahip. <\/p>\n<p>Rijksmuseum, kimsenin ilgi g\u00f6stermedi\u011fi bir m\u00fczayedede tek teklif sahibi olarak, bu nadide yap\u0131t\u0131 g\u00fcnl\u00fck hayat nesneleri koleksiyonunu zenginle\u015ftirmek i\u00e7in sat\u0131n ald\u0131.<\/p>\n<p>Objeyi bir tarih evrak\u0131na d\u00f6n\u00fc\u015ft\u00fcren \u015fey ise \u00fczerindeki grav\u00fcr. \u00c7izimde, bacaklar\u0131n\u0131 a\u00e7m\u0131\u015f bir rahibe, kar\u015f\u0131s\u0131ndaki \u00fc\u00e7 \u00e7\u0131plak din adam\u0131n\u0131 i\u015faret ediyor ve alt\u0131nda &#8220;Bu benim se\u00e7imim&#8221; yaz\u0131yor.<\/p>\n<p>M\u00fcze uzmanlar\u0131na nazaran bu sahne, Yunan mitolojisindeki &#8220;Paris&#8217;in Yarg\u0131s\u0131&#8221; efsanesine ironik bir g\u00f6nderme yap\u0131yor. Lakin daha derin bir manada, o periyotta toplum \u00fczerinde bask\u0131 kuran dini bek\u00e2ret yeminlerine ve din adamlar\u0131n\u0131n cinsel ikiy\u00fczl\u00fcl\u00fc\u011f\u00fcne y\u00f6nelik sert bir tenkit niteli\u011fi ta\u015f\u0131yor.<\/p>\n<p>Rijksmuseum, bu yap\u0131t\u0131 koleksiyonuna katarak, ekseriyetle iffetli ve tutucu olarak bilinen 19. y\u00fczy\u0131l\u0131n g\u00f6z gerisi edilen mahrem ger\u00e7ekli\u011fine \u0131\u015f\u0131k tutmay\u0131 ama\u00e7l\u0131yor. O periyotta haz; frengi \u00fczere cinsel yolla bula\u015fan hastal\u0131klar, istenmeyen gebelikler ve toplumsal skandal kayg\u0131s\u0131yla \u00e7evriliydi.<\/p>\n<p>Bu k\u00fc\u00e7\u00fck nesne, do\u011fum denetiminin yaln\u0131zca \u00e7a\u011fda\u015f bir kavram olmad\u0131\u011f\u0131n\u0131, t\u0131pk\u0131 vakitte yenilikler, tabular ve hatta kara mizahla dolu binlerce y\u0131ll\u0131k bir tarihin mod\u00fcl\u00fc oldu\u011funu g\u00f6steriyor. <\/p>\n<p>Kas\u0131m ay\u0131na kadar sergilenecek olan bu 200 y\u0131ll\u0131k prezervatif, ziyaret\u00e7ilere kolay bir objenin nas\u0131l karma\u015f\u0131k bir tarih anlat\u0131c\u0131s\u0131 olabilece\u011fini kan\u0131tl\u0131yor.<\/p>\n","protected":false},"excerpt":{"rendered":"<p>Tarihin en mahrem protestosu, 200 y\u0131l sonra bir do\u011fum denetim arac\u0131n\u0131n \u00fczerinden \u00e7\u0131karak bilinen t\u00fcm ahlak tabular\u0131n\u0131 y\u0131k\u0131yor.<\/p>\n","protected":false},"author":1,"featured_media":60658,"comment_status":"open","ping_status":"open","sticky":false,"template":"","format":"standard","meta":{"footnotes":""},"categories":[43],"tags":[2459],"class_list":["post-60657","post","type-post","status-publish","format-standard","has-post-thumbnail","hentry","category-dunya","tag-tarih"],"_links":{"self":[{"href":"https:\/\/ikimisli.tr\/index.php\/wp-json\/wp\/v2\/posts\/60657","targetHints":{"allow":["GET"]}}],"collection":[{"href":"https:\/\/ikimisli.tr\/index.php\/wp-json\/wp\/v2\/posts"}],"about":[{"href":"https:\/\/ikimisli.tr\/index.php\/wp-json\/wp\/v2\/types\/post"}],"author":[{"embeddable":true,"href":"https:\/\/ikimisli.tr\/index.php\/wp-json\/wp\/v2\/users\/1"}],"replies":[{"embeddable":true,"href":"https:\/\/ikimisli.tr\/index.php\/wp-json\/wp\/v2\/comments?post=60657"}],"version-history":[{"count":1,"href":"https:\/\/ikimisli.tr\/index.php\/wp-json\/wp\/v2\/posts\/60657\/revisions"}],"predecessor-version":[{"id":60659,"href":"https:\/\/ikimisli.tr\/index.php\/wp-json\/wp\/v2\/posts\/60657\/revisions\/60659"}],"wp:featuredmedia":[{"embeddable":true,"href":"https:\/\/ikimisli.tr\/index.php\/wp-json\/wp\/v2\/media\/60658"}],"wp:attachment":[{"href":"https:\/\/ikimisli.tr\/index.php\/wp-json\/wp\/v2\/media?parent=60657"}],"wp:term":[{"taxonomy":"category","embeddable":true,"href":"https:\/\/ikimisli.tr\/index.php\/wp-json\/wp\/v2\/categories?post=60657"},{"taxonomy":"post_tag","embeddable":true,"href":"https:\/\/ikimisli.tr\/index.php\/wp-json\/wp\/v2\/tags?post=60657"}],"curies":[{"name":"wp","href":"https:\/\/api.w.org\/{rel}","templated":true}]}}