{"id":60675,"date":"2025-07-27T15:23:55","date_gmt":"2025-07-27T15:23:55","guid":{"rendered":"https:\/\/ikimisli.tr\/?p=60675"},"modified":"2025-07-27T15:23:55","modified_gmt":"2025-07-27T15:23:55","slug":"umit-ozdag-terorsuz-turkiye-komisyonuna-ates-puskurdu-ocalani-muhatap-alma-komisyonudur","status":"publish","type":"post","link":"https:\/\/ikimisli.tr\/index.php\/2025\/07\/27\/umit-ozdag-terorsuz-turkiye-komisyonuna-ates-puskurdu-ocalani-muhatap-alma-komisyonudur\/","title":{"rendered":"\u00dcmit \u00d6zda\u011f &#8216;Ter\u00f6rs\u00fcz T\u00fcrkiye Komisyonu&#8217;na ate\u015f p\u00fcsk\u00fcrd\u00fc: \u00d6calan&#8217;\u0131 muhatap alma komisyonudur"},"content":{"rendered":"<p>Zafer\u00a0Partisi Genel Ba\u015fkan\u0131 \u00dcmit \u00d6zda\u011f, &#8220;Kendini ma\u011flup de\u011fil, galip g\u00f6ren bir ter\u00f6r \u00f6rg\u00fct\u00fc. Silahlar\u0131n\u0131, elemanlar\u0131n\u0131 yan ter\u00f6r \u00f6rg\u00fctlerini kayd\u0131ran bir \u00f6rg\u00fct. Bundan sonra da &#8216;silahla de\u011fil, siyasetle t\u0131pk\u0131 maksatlar\u0131n pe\u015finden ko\u015faca\u011f\u0131z&#8217; diyen bir ter\u00f6r \u00f6rg\u00fct\u00fc ile kar\u015f\u0131 kar\u015f\u0131yay\u0131z. Meclis&#8217;te bir komite kuruluyor. Bu komite \u00d6calan&#8217;\u0131 muhatap alma, kar\u015f\u0131s\u0131na alma komisyonudur&#8221; dedi.<\/p>\n<p><img decoding=\"async\" src=\"https:\/\/ikimisli.tr\/wp-content\/uploads\/2025\/07\/umit-ozdag-terorsuz-turkiye-komisyonuna-ates-puskurdu-ocalani-muhatap-alma-komisyonudur-0-6QCKdGqs.jpg\"\/><\/p>\n<p>\u00dcmit \u00d6zda\u011f, partisinin Nev\u015fehir Vilayet Ba\u015fkanl\u0131\u011f\u0131 binas\u0131n\u0131n a\u00e7\u0131l\u0131\u015f\u0131na kat\u0131ld\u0131. \u00d6zda\u011f, parti otob\u00fcs\u00fcn\u00fcn \u00fczerinden partililere seslenerek, &#8220;Zor g\u00fcnlerden ge\u00e7iyoruz. T\u00fcrkiye tehdit alt\u0131nda, Cumhuriyet tarihinin en a\u011f\u0131r, en vahim geli\u015fmelerinden ge\u00e7iyoruz. Bu g\u00fcnler, tarihi g\u00fcnler. Bu Cumhur \u0130ttifak\u0131 yan\u0131na 12 Temmuz&#8217;da bir siyasi parti g\u00f6r\u00fcn\u00fcml\u00fc yap\u0131y\u0131 da m\u00fcttefik alarak DAM ittifak\u0131n\u0131 kurdu. DEM&#8217;in D&#8217;si, AK Parti&#8217;nin A&#8217;s\u0131, MHP&#8217;sinin M&#8217;si ile kar\u015f\u0131m\u0131zda DAM ittifak\u0131 var. Bu DAM ittifak\u0131 kelamda &#8216;Ter\u00f6rs\u00fcz T\u00fcrkiye&#8217; slogan\u0131 ile \u00d6calan ile m\u00fczakereler geli\u015ftiriyor, PKK&#8217;l\u0131 ter\u00f6ristler tahliye ediliyor, h\u00fcr b\u0131rak\u0131l\u0131yor, g\u00fcya PKK ter\u00f6r \u00f6rg\u00fct\u00fcn\u00fcn silahlar\u0131 b\u0131rak\u0131p ter\u00f6re son verdi\u011fi s\u00f6yleniyor. Evet, Kuzey Irak&#8217;ta mangal partisi yapar \u00fczere 30 Kala\u015fnikof\u2019u b\u00fcy\u00fck\u00e7e bir tencerenin i\u00e7inde yakt\u0131lar. Fakat PKK, a\u011f\u0131r silahlar\u0131n\u0131 teslim etmiyor. T\u00fcrkiye devletine &#8216;teslim olmad\u0131m, ben ma\u011flup de\u011filim, galibim&#8217; diyor. Elindeki silah\u0131 ba\u015fka ter\u00f6r \u00f6rg\u00fctlerine devrediyor. Bunlar\u0131 kullanan ter\u00f6ristleri de PYD ve PJAK&#8217;a kayd\u0131r\u0131yor, bu t\u00fcrl\u00fc mi teslim olunur? PKK, 30 Kala\u015fnikof\u2019u yakt\u0131 diye 200&#8217;den fazla PKK&#8217;l\u0131 tahliye edildi, tahliyeler devam ediyor ve binlerce ter\u00f6rist daha tahliye edilecek&#8221; dedi.<\/p>\n<p><b>&#8216;PKK, SEVR&#8217;\u0130 CANLANDIRMA GAYRET\u0130 VER\u0130YOR&#8217;<\/b><\/p>\n<p>\u00d6zda\u011f &#8220;Bunlar olurken, ter\u00f6ristler tahliye edilirken, PKK ter\u00f6r \u00f6rg\u00fct\u00fc Avrupa&#8217;da Lozan Antla\u015fmas\u0131&#8217;n\u0131 kabul etmedi\u011fini duyuran toplant\u0131lar d\u00fczenliyor ve bu toplant\u0131larda Lozan Muahedesi&#8217;nin ge\u00e7ersiz say\u0131lmas\u0131 i\u00e7in te\u015febb\u00fcslerde bulunuyor ve Sevr&#8217;i canland\u0131rma u\u011fra\u015f\u0131 veriyor. Bunlar, DAM ittifak\u0131n\u0131n &#8216;Ter\u00f6rs\u00fcz T\u00fcrkiye&#8217; dedi\u011fi s\u00fcre\u00e7te ya\u015fan\u0131yor. Kendini ma\u011flup de\u011fil, galip g\u00f6ren bir ter\u00f6r \u00f6rg\u00fct\u00fc. Silahlar\u0131n\u0131, elemanlar\u0131n\u0131 yan ter\u00f6r \u00f6rg\u00fctlerini kayd\u0131ran bir \u00f6rg\u00fct. Bundan sonra da &#8216;silahla de\u011fil, siyasetle birebir maksatlar\u0131n pe\u015finden ko\u015faca\u011f\u0131z&#8217; diyen bir ter\u00f6r \u00f6rg\u00fct\u00fc ile kar\u015f\u0131 kar\u015f\u0131yay\u0131z. Meclis&#8217;te bir komite kuruluyor. Bu kurul \u00d6calan&#8217;\u0131 muhatap alma, kar\u015f\u0131s\u0131na alma komisyonudur&#8221; diye konu\u015ftu.<\/p>\n<p><b>&#8216;BU \u0130TT\u0130FAFA A\u011eIR REAKS\u0130YON G\u00d6STER\u0130YORLAR&#8217;<\/b><\/p>\n<p>\u00dcmit \u00d6zda\u011f, &#8220;E\u011fer Bah\u00e7eli ile \u00d6calan ve Erdo\u011fan bir \u00e7izgide bir m\u00fczakere s\u00fcrecinde uzla\u015f\u0131yorlarsa; Cumhuriyetin kurulu\u015f ideolojisine inananlar\u0131n \u0130stiklal Harbi&#8217;nin sonucu olan ve T\u00fcrkiye Cumhuriyeti&#8217;nin tapusu olan Lozan&#8217;a inananlar\u0131n bir ortaya gelmesi kadar ola\u011fan bir \u015fey olamaz ve hatta tarih bizi bu bahiste k\u00fc\u00e7\u00fck hesaplar yaparsak a\u011f\u0131r bi\u00e7imde yarg\u0131lar ve millet de affetmez. Zafer Partisi olarak probleme bu t\u00fcrl\u00fc bak\u0131yoruz ve T\u00fcrk milletinin b\u00fcy\u00fck bir k\u0131sm\u0131n\u0131n daha evvelden hangi partiye oy vermi\u015fse versin, bu bi\u00e7imde vermi\u015f olursa olsun, bu formda bakt\u0131\u011f\u0131na inan\u0131yoruz. AK Parti&#8217;ye ge\u00e7ti\u011fimiz 22-23 y\u0131lda oy veren bir\u00e7ok vatansever se\u00e7men var. Bu vatansever se\u00e7menler, bu s\u00fcre\u00e7ten \u00e7ok rahats\u0131zlar, partilileri DEM ile yan yana g\u00f6rmek istemiyorlar. \u00d6calan&#8217;\u0131n vesayetinde bir anayasa yap\u0131lmas\u0131n\u0131 istemiyorlar. Keza MHP&#8217;nin milliyet\u00e7i, \u00fclk\u00fcc\u00fc se\u00e7menleri bu ya\u015fananlara, bu ittifaka a\u011f\u0131r reaksiyon g\u00f6steriyorlar&#8221; dedi.<\/p>\n","protected":false},"excerpt":{"rendered":"<p>Zafer Partisi Genel Lideri \u00dcmit \u00d6zda\u011f,  TBMM&#8217;de kurulacak olan &#8216;Ter\u00f6rs\u00fcz T\u00fcrkiye&#8217; komitesine reaksiyon g\u00f6sterdi.<\/p>\n","protected":false},"author":1,"featured_media":60676,"comment_status":"open","ping_status":"open","sticky":false,"template":"","format":"standard","meta":{"footnotes":""},"categories":[25],"tags":[147,189,1014,238,847],"class_list":["post-60675","post","type-post","status-publish","format-standard","has-post-thumbnail","hentry","category-gundem","tag-komisyon","tag-parti","tag-pkk","tag-teror","tag-teror-orgutu"],"_links":{"self":[{"href":"https:\/\/ikimisli.tr\/index.php\/wp-json\/wp\/v2\/posts\/60675","targetHints":{"allow":["GET"]}}],"collection":[{"href":"https:\/\/ikimisli.tr\/index.php\/wp-json\/wp\/v2\/posts"}],"about":[{"href":"https:\/\/ikimisli.tr\/index.php\/wp-json\/wp\/v2\/types\/post"}],"author":[{"embeddable":true,"href":"https:\/\/ikimisli.tr\/index.php\/wp-json\/wp\/v2\/users\/1"}],"replies":[{"embeddable":true,"href":"https:\/\/ikimisli.tr\/index.php\/wp-json\/wp\/v2\/comments?post=60675"}],"version-history":[{"count":1,"href":"https:\/\/ikimisli.tr\/index.php\/wp-json\/wp\/v2\/posts\/60675\/revisions"}],"predecessor-version":[{"id":60678,"href":"https:\/\/ikimisli.tr\/index.php\/wp-json\/wp\/v2\/posts\/60675\/revisions\/60678"}],"wp:featuredmedia":[{"embeddable":true,"href":"https:\/\/ikimisli.tr\/index.php\/wp-json\/wp\/v2\/media\/60676"}],"wp:attachment":[{"href":"https:\/\/ikimisli.tr\/index.php\/wp-json\/wp\/v2\/media?parent=60675"}],"wp:term":[{"taxonomy":"category","embeddable":true,"href":"https:\/\/ikimisli.tr\/index.php\/wp-json\/wp\/v2\/categories?post=60675"},{"taxonomy":"post_tag","embeddable":true,"href":"https:\/\/ikimisli.tr\/index.php\/wp-json\/wp\/v2\/tags?post=60675"}],"curies":[{"name":"wp","href":"https:\/\/api.w.org\/{rel}","templated":true}]}}