{"id":60682,"date":"2025-07-27T15:47:54","date_gmt":"2025-07-27T15:47:54","guid":{"rendered":"https:\/\/ikimisli.tr\/?p=60682"},"modified":"2025-07-27T15:47:54","modified_gmt":"2025-07-27T15:47:54","slug":"2-askerin-sehit-dusmesine-tepki-yagiyor-bu-sicakta-oldurene-kadar-talim-yaptirmak-ne-demek-ya","status":"publish","type":"post","link":"https:\/\/ikimisli.tr\/index.php\/2025\/07\/27\/2-askerin-sehit-dusmesine-tepki-yagiyor-bu-sicakta-oldurene-kadar-talim-yaptirmak-ne-demek-ya\/","title":{"rendered":"2 askerin \u015fehit d\u00fc\u015fmesine tepki ya\u011f\u0131yor: Bu s\u0131cakta \u00f6ld\u00fcrene kadar talim yapt\u0131rmak ne demek ya!&#8217;"},"content":{"rendered":"<p>Milli Savunma Bakanl\u0131\u011f\u0131, \u0130skenderun Deniz Er E\u011fitim Alay\u0131\u2019nda y\u00fcksek ate\u015f \u015fikayetiyle hastaneye ba\u015fvuran 7 askerden 2&#8217;sinin \u00e7ok s\u0131v\u0131 kayb\u0131na ba\u011fl\u0131 kandaki sodyum seviyesinin sebep oldu\u011fu \u00e7oklu organ yetmezli\u011fi sonucu \u015fehit oldu\u011funu duyurdu. Hastaneye kald\u0131r\u0131lan 5 askerin tedavileri devam ederken askerlerin g\u00fcnd\u00fcz saatlerinde s\u0131cak havada spor yapt\u0131klar\u0131 ve ak\u015fam saatlerinde rahats\u0131zland\u0131klar\u0131 \u00f6ne s\u00fcr\u00fcld\u00fc. Siyasilerden, 2 askerin \u015fehit olmas\u0131n\u0131n gerisindeki &#8220;ihm\u00e2l&#8221; tezlerine pe\u015f pe\u015fe reaksiyonlar geldi.<\/p>\n<p><img decoding=\"async\" src=\"https:\/\/ikimisli.tr\/wp-content\/uploads\/2025\/07\/2-askerin-sehit-dusmesine-tepki-yagiyor-bu-sicakta-oldurene-kadar-talim-yaptirmak-ne-demek-Qa26NfSl.jpg\"\/><\/p>\n<p>\u0130skenderun Deniz Er E\u011fitim Alay\u0131\u2019nda y\u00fcksek ate\u015f \u015fikayetiyle hastaneye ba\u015fvuran iki asker \u015fehit oldu. Ulusal Savunma Bakanl\u0131\u011f\u0131&#8217;ndan yap\u0131lan a\u00e7\u0131klamada, &#8220;\u0130skenderun Deniz Er E\u011fitim Alay Komutanl\u0131\u011f\u0131&#8217;nda temel askerlik e\u011fitiminde bulunan 7 silah arkada\u015f\u0131m\u0131z\u0131n y\u00fcksek ate\u015f \u015fikayeti ile hastaneye sevk edilmi\u015flerdir. Hastanede yap\u0131lan t\u00fcm m\u00fcdahalelere kar\u015f\u0131n Muhaf\u0131z Er Hayrullah Halit Karaman ve \u0130kmal Er Semih Erdo\u011fan \u015fehit olmu\u015flard\u0131r. Birinci otopsi raporunda mevt nedenlerinin \u00e7ok s\u0131v\u0131 kayb\u0131na ba\u011fl\u0131 kandaki sodyum seviyesinin sebep oldu\u011fu \u00e7oklu organ yetmezli\u011fi oldu\u011fu tespiti yap\u0131lm\u0131\u015ft\u0131r. Mevzu ile ilgili idari tahkikat ba\u015flat\u0131lm\u0131\u015ft\u0131r&#8221; denildi.<\/p>\n<p>T\u0130P \u0130stanbul Milletvekili Sera Kad\u0131gil, toplumsal medya hesab\u0131ndan yapt\u0131\u011f\u0131 a\u00e7\u0131klama ile 2 askerin \u015fehit olmas\u0131na ait &#8220;ihm\u00e2l&#8221; muhtemelli\u011fine vurgu yapt\u0131. Kad\u0131gil, payla\u015f\u0131m\u0131nda \u015fu tabirleri kulland\u0131:<\/p>\n<p>&#8211; Hakikaten sondan \u00e7\u0131ld\u0131rmak i\u015ften de\u011fil!! Her Allah\u2019\u0131n g\u00fcn\u00fc &#8216;can\u0131 devlete emanet&#8217; bir \u00f6teki insan\u0131 ihmal cinayetine kurban vermekten b\u0131kt\u0131k, usand\u0131k! \u00c7ok s\u0131v\u0131 kayb\u0131na ba\u011fl\u0131 organ yetmezli\u011fi ne demek! Bu s\u0131cakta \u00f6ld\u00fcrene kadar talim yapt\u0131rmak ne demek ya ne demek!!!!<\/p>\n<p>&#8211; Hakikat mu bu tezler?! Do\u011fruysa siz hangi y\u00fczle \u00e7\u0131kacaks\u0131n\u0131z siz bu \u00e7ocuklar\u0131n ana babalar\u0131n\u0131n kar\u015f\u0131s\u0131na! Liyakatsizlikten, denetimsizlikten, bu \u00e7\u00fcr\u00fcm\u00fc\u015fl\u00fckten \u00f6l\u00fcyor askerler, personeller, bayanlar, \u00e7ocuklar, hayvanlar, dereler, ormanlar! D\u00fc\u015fmana hacet kalmad\u0131!<\/p>\n<p><b>EMEKL\u0130 ASKERLERDEN \u00c7OK SERT TEPK\u0130<\/b><\/p>\n<p>\u0130skenderun&#8217;da 2 askerin s\u0131v\u0131 kayb\u0131na ba\u011fl\u0131 \u00e7oklu organ yetmezli\u011fi sonucu \u015fehit olmas\u0131yla ilgili emekli askerler de reaksiyon g\u00f6sterdi. <\/p>\n<p>Emekli Kurmay Yarbay Hakan \u015eahin toplumsal medya hesab\u0131ndan yapt\u0131\u011f\u0131 payla\u015f\u0131mda, &#8220;Da\u011f ba\u015f\u0131ndan de\u011fil, helikopterle ula\u015f\u0131lan bir \u00fcs b\u00f6lgesinden de\u011fil, deniz k\u0131y\u0131s\u0131ndan, \u0130skenderun&#8217;un g\u00f6be\u011finden veriyor MSB iki askerin susuzluktan vefat haberini. Sakince veriyor&#8221; dedi.<\/p>\n<p>Emekli Kurmay Albay Mustafa \u00d6nsel,  ise toplumsal medya payla\u015f\u0131m\u0131nda  &#8220;Bu ka\u00e7\u0131nc\u0131?&#8221; diye sorarak, &#8220;27 y\u0131l \u00fclkemizin pek \u00e7ok yerinde (17 tayin) vazife yapt\u0131m. Gitti\u011fim yerlerin bir k\u0131sm\u0131nda elektrik dahi yoktu! Bu \u00e7e\u015fit bir olayla kar\u015f\u0131la\u015fmad\u0131m. Duymad\u0131m da&#8230; Kolay \u00f6l\u00fcmlerin oldu\u011fu 3. D\u00fcnya \u00fclkesi olduk! Hala en muteber kurum \u00f6zelli\u011fi ta\u015f\u0131yan TSK&#8217;da bile durum bu!&#8221; tabirlerini kulland\u0131.<\/p>\n<p><b>CHP&#8217;L\u0130 \u0130S\u0130MLERDEN PE\u015e PE\u015eE TEPK\u0130LER<\/b><\/p>\n<p>CHP K\u00fcme Ba\u015fkanvekili Murat Buyruk, toplumsal medya hesab\u0131ndan yapt\u0131\u011f\u0131 payla\u015f\u0131mda askerlerin ihmal nedeniyle \u015fehit oldu\u011funa dikkat \u00e7ekerek &#8220;Her g\u00fcn yeni bir ac\u0131ya uyan\u0131yoruz\u2026 Ve bu ac\u0131n\u0131n tek sebebi tekrar ihm\u00e2l! Muhaf\u0131z Er Hayrullah Halit Karaman ve \u0130kmal Er Semih Erdo\u011fan&#8230; Vatan n\u00f6betine gelen iki evlad\u0131m\u0131z, askeri birlikte susuzluktan, \u00e7ok s\u0131v\u0131 kayb\u0131ndan, \u00e7oklu organ yetmezli\u011finden \u015fehit oldu! Bu topraklar \u015fehitlerimizin kan\u0131yla vatan oldu. Fakat art\u0131k evlatlar\u0131m\u0131z\u0131 cephede de\u011fil, k\u0131\u015flada ihmalle kaybediyoruz! Bu \u00fclke, \u015fehidine a\u011flamaktan yorgun d\u00fc\u015ft\u00fc! Askerimizin can\u0131na k\u0131yanlar vatan hainidir! Ve uyar\u0131yoruz: Soru\u015fturma sonunda yapt\u0131r\u0131m\u0131 olmayan cezalar\u0131 asla kabul etmeyece\u011fiz!&#8221; dedi.<\/p>\n<p>CHP Genel Lider Yard\u0131mc\u0131s\u0131 Murat Bakan ise &#8220;Kabul edemiyorum, hi\u00e7 kimse kabul etmemeli. Bu bir ihmal de\u011filse, vicdans\u0131zl\u0131kt\u0131r ve kas\u0131tt\u0131r&#8221; diyerek, &#8220;Bu evlatlar\u0131m\u0131z\u0131n vefat\u0131na sebep olanlar kimse; bu ihmale g\u00f6z yumanlar kimse; kumandan\u0131ndan s\u0131hhat i\u015f\u00e7isine, denetlemekle vazifeli kim varsa, hepsi yarg\u0131lanmal\u0131, en a\u011f\u0131r cezay\u0131 almal\u0131 ve ordudan derhal ihra\u00e7 edilmelidir&#8221; tabirlerini kulland\u0131.<\/p>\n","protected":false},"excerpt":{"rendered":"<p>Hatay&#8217;da vazifeli iki askerin, \u00e7ok s\u0131v\u0131 kayb\u0131na ba\u011fl\u0131 \u00e7oklu organ yetmezli\u011fi sonucu \u015fehit olmas\u0131n\u0131n akabinde politikler, &#8216;ihmal&#8217; savlar\u0131na reaksiyon g\u00f6sterdi.<\/p>\n","protected":false},"author":1,"featured_media":60683,"comment_status":"open","ping_status":"open","sticky":false,"template":"","format":"standard","meta":{"footnotes":""},"categories":[25],"tags":[880,7876,7875,164,671],"class_list":["post-60682","post","type-post","status-publish","format-standard","has-post-thumbnail","hentry","category-gundem","tag-asker","tag-askerin","tag-ihmal","tag-sehit","tag-sivi"],"_links":{"self":[{"href":"https:\/\/ikimisli.tr\/index.php\/wp-json\/wp\/v2\/posts\/60682","targetHints":{"allow":["GET"]}}],"collection":[{"href":"https:\/\/ikimisli.tr\/index.php\/wp-json\/wp\/v2\/posts"}],"about":[{"href":"https:\/\/ikimisli.tr\/index.php\/wp-json\/wp\/v2\/types\/post"}],"author":[{"embeddable":true,"href":"https:\/\/ikimisli.tr\/index.php\/wp-json\/wp\/v2\/users\/1"}],"replies":[{"embeddable":true,"href":"https:\/\/ikimisli.tr\/index.php\/wp-json\/wp\/v2\/comments?post=60682"}],"version-history":[{"count":1,"href":"https:\/\/ikimisli.tr\/index.php\/wp-json\/wp\/v2\/posts\/60682\/revisions"}],"predecessor-version":[{"id":60685,"href":"https:\/\/ikimisli.tr\/index.php\/wp-json\/wp\/v2\/posts\/60682\/revisions\/60685"}],"wp:featuredmedia":[{"embeddable":true,"href":"https:\/\/ikimisli.tr\/index.php\/wp-json\/wp\/v2\/media\/60683"}],"wp:attachment":[{"href":"https:\/\/ikimisli.tr\/index.php\/wp-json\/wp\/v2\/media?parent=60682"}],"wp:term":[{"taxonomy":"category","embeddable":true,"href":"https:\/\/ikimisli.tr\/index.php\/wp-json\/wp\/v2\/categories?post=60682"},{"taxonomy":"post_tag","embeddable":true,"href":"https:\/\/ikimisli.tr\/index.php\/wp-json\/wp\/v2\/tags?post=60682"}],"curies":[{"name":"wp","href":"https:\/\/api.w.org\/{rel}","templated":true}]}}