{"id":61033,"date":"2025-07-28T11:59:53","date_gmt":"2025-07-28T11:59:53","guid":{"rendered":"https:\/\/ikimisli.tr\/?p=61033"},"modified":"2025-07-28T11:59:53","modified_gmt":"2025-07-28T11:59:53","slug":"avcilarda-korkutan-yangin-yaralilar-var","status":"publish","type":"post","link":"https:\/\/ikimisli.tr\/index.php\/2025\/07\/28\/avcilarda-korkutan-yangin-yaralilar-var\/","title":{"rendered":"Avc\u0131lar&#8217;da korkutan yang\u0131n: Yaral\u0131lar var"},"content":{"rendered":"<p>Cihangir Mahallesi, Bursa Sokak&#8217;ta yeni yap\u0131lan 5 katl\u0131 bir apartmanda, jenerat\u00f6r\u00fcn alev almas\u0131 nedeniyle yang\u0131n \u00e7\u0131kt\u0131. Alevler 2&#8217;nci ve 3&#8217;\u00fcnc\u00fc kat\u0131 sard\u0131. \u0130hbar \u00fczerine olay yerine \u00e7ok say\u0131da polis, s\u0131hhat ve itfaiye tak\u0131m\u0131 sevk edildi.<\/p>\n<p>Apartmanda olan 5 \u015fah\u0131stan 2&#8217;si kendilerini 2. kat penceresinden atarak, kurtulmaya \u00e7al\u0131\u015f\u0131rken, 3 ki\u015fi ise itfaiyenin merdiven arac\u0131yla kurtar\u0131ld\u0131. Yang\u0131nda yaralanan 3 ki\u015fi, s\u0131hhat gruplar\u0131n\u0131n birinci m\u00fcdahalesinin akabinde hastaneye kald\u0131r\u0131ld\u0131. Pencereden atlayan bir ki\u015finin bedeninde yan\u0131klar da bulundu\u011fu ve s\u0131hhat durumunun a\u011f\u0131r oldu\u011fu \u00f6\u011frenildi.<\/p>\n<p>Yang\u0131n itfaiye gruplar\u0131nca s\u00f6nd\u00fcr\u00fcl\u00fcrken, polis olayla ilgili inceleme ba\u015flatt\u0131. \u00d6te yandan pencereden atlama an\u0131 bir cep telefonunun kameras\u0131yla kaydedildi. Kay\u0131tta, atlayan ki\u015fiyi a\u015fa\u011f\u0131daki vatanda\u015flar\u0131n tutmaya \u00e7al\u0131\u015ft\u0131\u011f\u0131 g\u00f6r\u00fcl\u00fcyor. Apartmanda akrabas\u0131n\u0131n ya\u015fad\u0131\u011f\u0131n\u0131 s\u00f6yleyen Kadir Aky\u00fcz ise <strong>&#8220;Yang\u0131n\u0131n \u00e7\u0131kt\u0131\u011f\u0131n\u0131, kom\u015fular\u0131n ba\u011f\u0131rmas\u0131ndan duyduk. Bir k\u0131z ve yanm\u0131\u015f olan bir adam kendini att\u0131. Kolu, y\u00fcz\u00fc yanm\u0131\u015f durumdayd\u0131. \u0130tfaiye geldi, s\u00f6nd\u00fcrd\u00fc. Binada elektrik olmad\u0131\u011f\u0131 i\u00e7in bir\u00e7ok daire bo\u015ftu. M\u00fcteahhit hala elektrik veremedi.&#8221;<\/strong> diye konu\u015ftu.<\/p>\n","protected":false},"excerpt":{"rendered":"<p>\u0130stanbul&#8217;un Avc\u0131lar il\u00e7esinde bir apartmanda \u00e7\u0131kan yang\u0131nda, biri a\u011f\u0131r 3 ki\u015fi yaraland\u0131.<\/p>\n","protected":false},"author":1,"featured_media":61034,"comment_status":"open","ping_status":"open","sticky":false,"template":"","format":"standard","meta":{"footnotes":""},"categories":[44],"tags":[],"class_list":["post-61033","post","type-post","status-publish","format-standard","has-post-thumbnail","hentry","category-yasam"],"_links":{"self":[{"href":"https:\/\/ikimisli.tr\/index.php\/wp-json\/wp\/v2\/posts\/61033","targetHints":{"allow":["GET"]}}],"collection":[{"href":"https:\/\/ikimisli.tr\/index.php\/wp-json\/wp\/v2\/posts"}],"about":[{"href":"https:\/\/ikimisli.tr\/index.php\/wp-json\/wp\/v2\/types\/post"}],"author":[{"embeddable":true,"href":"https:\/\/ikimisli.tr\/index.php\/wp-json\/wp\/v2\/users\/1"}],"replies":[{"embeddable":true,"href":"https:\/\/ikimisli.tr\/index.php\/wp-json\/wp\/v2\/comments?post=61033"}],"version-history":[{"count":1,"href":"https:\/\/ikimisli.tr\/index.php\/wp-json\/wp\/v2\/posts\/61033\/revisions"}],"predecessor-version":[{"id":61035,"href":"https:\/\/ikimisli.tr\/index.php\/wp-json\/wp\/v2\/posts\/61033\/revisions\/61035"}],"wp:featuredmedia":[{"embeddable":true,"href":"https:\/\/ikimisli.tr\/index.php\/wp-json\/wp\/v2\/media\/61034"}],"wp:attachment":[{"href":"https:\/\/ikimisli.tr\/index.php\/wp-json\/wp\/v2\/media?parent=61033"}],"wp:term":[{"taxonomy":"category","embeddable":true,"href":"https:\/\/ikimisli.tr\/index.php\/wp-json\/wp\/v2\/categories?post=61033"},{"taxonomy":"post_tag","embeddable":true,"href":"https:\/\/ikimisli.tr\/index.php\/wp-json\/wp\/v2\/tags?post=61033"}],"curies":[{"name":"wp","href":"https:\/\/api.w.org\/{rel}","templated":true}]}}