{"id":61232,"date":"2025-07-28T23:11:51","date_gmt":"2025-07-28T23:11:51","guid":{"rendered":"https:\/\/ikimisli.tr\/?p=61232"},"modified":"2025-07-28T23:11:51","modified_gmt":"2025-07-28T23:11:51","slug":"istanbul-gune-sisle-uyandi","status":"publish","type":"post","link":"https:\/\/ikimisli.tr\/index.php\/2025\/07\/28\/istanbul-gune-sisle-uyandi\/","title":{"rendered":"\u0130stanbul g\u00fcne sisle uyand\u0131"},"content":{"rendered":"<p>T\u00fcrkiye yine s\u0131cak hava dalgas\u0131n\u0131n tesiri alt\u0131na girerken \u0130stanbul i\u00e7in g\u00f6k g\u00fcr\u00fclt\u00fcl\u00fc sa\u011fanak uyar\u0131s\u0131 geldi. <\/p>\n<p>Hava s\u0131cakl\u0131klar\u0131n\u0131n; k\u0131y\u0131 b\u00f6l\u00fcmlerinde 3 ila 6 derece, G\u00fcneydo\u011fu Anadolu B\u00f6lgesi ile Do\u011fu Anadolu\u2019nun do\u011fusunda 4 ila 8 derece, Marmara, \u0130\u00e7 Ege, \u0130\u00e7 Anadolu ve Do\u011fu Anadolu\u2019nun bat\u0131s\u0131 ile Karadeniz\u2019in i\u00e7 b\u00f6l\u00fcmlerinde 7 ila 12 derece mevsim normallerinin \u00fczerinde seyretmesi bekleniyor.<\/p>\n<p><b>\u0130STANBUL&#8217;A SA\u011eANAK GEL\u0130YOR!<\/b><\/p>\n<p>Meteoroloji, bilhassa Do\u011fu Karadeniz k\u0131y\u0131lar\u0131 (Rize, Artvin, Trabzon) ile \u0130\u00e7 Anadolu\u2019nun kuzeyinde hafta ortas\u0131ndan itibaren g\u00f6k g\u00fcr\u00fclt\u00fcl\u00fc sa\u011fanak ve mahall\u00ee ya\u011fmur bulutlar\u0131n\u0131n tesirli olaca\u011f\u0131n\u0131 g\u00f6steriyor. Bilhassa \u00c7ar\u015famba ve Cuma g\u00fcnleri bu b\u00f6lgelerde s\u00fcreksiz serinleme ve ya\u011f\u0131\u015fl\u0131 ge\u00e7i\u015fler bekleniyor. \u0130stanbul, Ankara dahil bir\u00e7ok kentler de s\u0131cak hava dalgas\u0131n\u0131n akabinde vakit zaman ya\u011f\u0131\u015f ge\u00e7i\u015fleri ve k\u0131sa vadeli serinlik g\u00f6r\u00fcn\u00fcyor.<\/p>\n<p><b>S\u0130S KAPLADI<\/b><\/p>\n<p>Yeni haftan\u0131n birinci g\u00fcn\u00fcne \u0130stanbul sisle uyand\u0131. Sis kentin y\u00fcksek kesitlerinde tesirini g\u00f6stermeye devam ediyor. <\/p>\n","protected":false},"excerpt":{"rendered":"<p>Yeni haftada \u0130stanbul&#8217;da hava s\u0131cakl\u0131klar\u0131 mevsim normallerinin \u00fczerinde seyrederken, \u00e7ar\u015famba g\u00fcn\u00fc ya\u011f\u0131\u015f bekleniyor. Ayr\u0131yeten \u0130stanbul&#8217;da yeni haftan\u0131n birinci g\u00fcn\u00fcnde g\u00f6ky\u00fcz\u00fcn\u00fc sis kaplad\u0131.<\/p>\n","protected":false},"author":1,"featured_media":61233,"comment_status":"open","ping_status":"open","sticky":false,"template":"","format":"standard","meta":{"footnotes":""},"categories":[25],"tags":[2827],"class_list":["post-61232","post","type-post","status-publish","format-standard","has-post-thumbnail","hentry","category-gundem","tag-anadolu"],"_links":{"self":[{"href":"https:\/\/ikimisli.tr\/index.php\/wp-json\/wp\/v2\/posts\/61232","targetHints":{"allow":["GET"]}}],"collection":[{"href":"https:\/\/ikimisli.tr\/index.php\/wp-json\/wp\/v2\/posts"}],"about":[{"href":"https:\/\/ikimisli.tr\/index.php\/wp-json\/wp\/v2\/types\/post"}],"author":[{"embeddable":true,"href":"https:\/\/ikimisli.tr\/index.php\/wp-json\/wp\/v2\/users\/1"}],"replies":[{"embeddable":true,"href":"https:\/\/ikimisli.tr\/index.php\/wp-json\/wp\/v2\/comments?post=61232"}],"version-history":[{"count":1,"href":"https:\/\/ikimisli.tr\/index.php\/wp-json\/wp\/v2\/posts\/61232\/revisions"}],"predecessor-version":[{"id":61234,"href":"https:\/\/ikimisli.tr\/index.php\/wp-json\/wp\/v2\/posts\/61232\/revisions\/61234"}],"wp:featuredmedia":[{"embeddable":true,"href":"https:\/\/ikimisli.tr\/index.php\/wp-json\/wp\/v2\/media\/61233"}],"wp:attachment":[{"href":"https:\/\/ikimisli.tr\/index.php\/wp-json\/wp\/v2\/media?parent=61232"}],"wp:term":[{"taxonomy":"category","embeddable":true,"href":"https:\/\/ikimisli.tr\/index.php\/wp-json\/wp\/v2\/categories?post=61232"},{"taxonomy":"post_tag","embeddable":true,"href":"https:\/\/ikimisli.tr\/index.php\/wp-json\/wp\/v2\/tags?post=61232"}],"curies":[{"name":"wp","href":"https:\/\/api.w.org\/{rel}","templated":true}]}}