{"id":61267,"date":"2025-07-29T01:23:51","date_gmt":"2025-07-29T01:23:51","guid":{"rendered":"https:\/\/ikimisli.tr\/?p=61267"},"modified":"2025-07-29T01:23:51","modified_gmt":"2025-07-29T01:23:51","slug":"akpli-eski-belediye-baskanindan-kacak-ev-itirafi","status":"publish","type":"post","link":"https:\/\/ikimisli.tr\/index.php\/2025\/07\/29\/akpli-eski-belediye-baskanindan-kacak-ev-itirafi\/","title":{"rendered":"AKP\u2019li eski belediye ba\u015fkan\u0131ndan &#8216;ka\u00e7ak ev&#8217; itiraf\u0131"},"content":{"rendered":"<p>Rize\u2019nin Pazar il\u00e7esinde 15 y\u0131l boyunca AK Parti\u2019den belediye ba\u015fkanl\u0131\u011f\u0131 yapan Ahmet Basa, S\u0130T alan\u0131nda ruhsats\u0131z bir yap\u0131da ikamet etti\u011fini do\u011frulad\u0131.<\/p>\n<p>Basa, \u201cEvet do\u011frudur, oturdu\u011fum meskenin ruhsat\u0131 yok. Belediye ba\u015fkanl\u0131\u011f\u0131m periyodunda mevcut yap\u0131y\u0131 restore ettik. Yeni bir yap\u0131 in\u015fa etmedik. Buras\u0131 S\u0130T alan\u0131 oldu\u011fu i\u00e7in ruhsat alam\u0131yoruz\u201d dedi.<\/p>\n<p>Ahmet Basa, mevzuya ait soru \u00fczerine \u015funlar\u0131 s\u00f6yledi:<\/p>\n<p>-Evet do\u011frudur, oturdu\u011fum meskenin ruhsat\u0131 yoktur. Eski konutu benim belediye ba\u015fkanl\u0131\u011f\u0131m devrinde restore ettik, yeni bir \u015fey yapmad\u0131m.<\/p>\n<p>-Buras\u0131 S\u0130T alan\u0131 oldu\u011fu i\u00e7in ruhsat alam\u0131yoruz. Ruhsatland\u0131rmay\u0131 d\u00fc\u015f\u00fcn\u00fcyoruz lakin i\u015fte bu t\u00fcrl\u00fc bir \u015fey&#8230; Hazineye ili\u015fkin alana rastgele bir tecav\u00fcz de yok. 3 d\u00f6n\u00fcml\u00fck toprakta bin 500 metrekare kullan\u0131yorum.<\/p>\n<p>-Ba\u015fkan \u00c7ak\u0131r, ka\u00e7ak yerde oturdu\u011fumu s\u00f6yl\u00fcyorsa yard\u0131mc\u0131 olsun ruhsat alay\u0131m. Pazar\u2019\u0131n y\u00fczde 70\u2019i ruhsats\u0131z.<\/p>\n<p>-Ben devletin yerine bir gram girmedim, kimsenin mal\u0131na m\u00fclk\u00fcne de tecav\u00fcz etmedim. Di\u011fer yerlerde 5-6 kat yap\u0131lm\u0131\u015f, ben 1,5 kat yapt\u0131m. Pazar\u2019a yak\u0131\u015fan bir yap\u0131 yapt\u0131m.\u201d<\/p>\n<p><b>&#8220;ARA\u00c7LARIMI BELED\u0130YE H\u0130ZMET\u0130NE VERD\u0130M\u201d<\/b><\/p>\n<p>Basa, belediye ba\u015fkanl\u0131\u011f\u0131 periyoduna ait kamu kaynaklar\u0131n\u0131n adaps\u0131z kullan\u0131ld\u0131\u011f\u0131 istikametindeki tezleri da reddetti ve \u015funlar\u0131 tabir etti:<\/p>\n<p>-25 milyon liral\u0131k y\u00f6ntemsiz harcama sav\u0131 ger\u00e7e\u011fi yans\u0131tm\u0131yor. Vazife m\u00fcddetim boyunca kendi imkanlar\u0131mla hizmet sundum. Ara\u00e7lar\u0131m\u0131 belediye hizmetine verdim. Yak\u0131t masraflar\u0131n\u0131 kendim kar\u015f\u0131lad\u0131m. Savlar\u0131 ortaya atanlara \u00e7a\u011fr\u0131m, varsa ellerinde dok\u00fcman kamuoyuyla payla\u015fs\u0131nlar.<\/p>\n<p><img decoding=\"async\" src=\"https:\/\/ikimisli.tr\/wp-content\/uploads\/2025\/07\/akpli-eski-belediye-baskanindan-kacak-ev-itirafi-0-UG7NPUf4.png\"\/><\/p>\n<p>Ahmet Basa ayr\u0131yeten, meskeninin bulundu\u011fu alanda belediye taraf\u0131ndan park yap\u0131lmas\u0131n\u0131n planland\u0131\u011f\u0131n\u0131, fakat \u015fu anda projenin kaymakaml\u0131k taraf\u0131ndan s\u00fcrd\u00fcr\u00fcld\u00fc\u011f\u00fcn\u00fc belirterek, &#8220;Kaymakaml\u0131k burada park ve kafe \u00e7al\u0131\u015fmas\u0131 yap\u0131yor. Meskenimi m\u00fch\u00fcrleyeceklerini s\u00f6yl\u00fcyorlar. \u015eayet o denli bir karar varsa uygulas\u0131nlar. Bu yap\u0131n\u0131n ruhsats\u0131z oldu\u011fu biliniyor. Lakin bu yap\u0131 \u015fahs\u0131ma ili\u015fkin tapulu arazi \u00fczerindedir. Elektrik ya da do\u011fal gaz kesintisi taraf\u0131nda bir uygulama da g\u00fcndeme gelmi\u015f durumda&#8221; diye konu\u015ftu.<\/p>\n<p>\u00d6te yandan Pazar Belediye Ba\u015fkan\u0131 Ne\u015fet \u00c7ak\u0131r da yap\u0131n\u0131n S\u0130T alan\u0131nda yer ald\u0131\u011f\u0131n\u0131 ve ruhsats\u0131z oldu\u011funu do\u011frularken, bahse ait \u015fu ana kadar rastgele bir t\u00fcrel ya da idari s\u00fcre\u00e7 ba\u015flat\u0131lmad\u0131\u011f\u0131 \u00f6\u011frenildi.<\/p>\n","protected":false},"excerpt":{"rendered":"<p>Rize\u2019nin Pazar il\u00e7esinde 15 y\u0131l AKP\u2019den belediye ba\u015fkanl\u0131\u011f\u0131 yapan Ahmet Basa, S\u0130T alan\u0131ndaki ruhsats\u0131z yap\u0131da oturdu\u011funu kabul etti.<\/p>\n","protected":false},"author":1,"featured_media":61268,"comment_status":"open","ping_status":"open","sticky":false,"template":"","format":"standard","meta":{"footnotes":""},"categories":[25],"tags":[4183,40,621,292],"class_list":["post-61267","post","type-post","status-publish","format-standard","has-post-thumbnail","hentry","category-gundem","tag-basa","tag-belediye","tag-ruhsat","tag-yapi"],"_links":{"self":[{"href":"https:\/\/ikimisli.tr\/index.php\/wp-json\/wp\/v2\/posts\/61267","targetHints":{"allow":["GET"]}}],"collection":[{"href":"https:\/\/ikimisli.tr\/index.php\/wp-json\/wp\/v2\/posts"}],"about":[{"href":"https:\/\/ikimisli.tr\/index.php\/wp-json\/wp\/v2\/types\/post"}],"author":[{"embeddable":true,"href":"https:\/\/ikimisli.tr\/index.php\/wp-json\/wp\/v2\/users\/1"}],"replies":[{"embeddable":true,"href":"https:\/\/ikimisli.tr\/index.php\/wp-json\/wp\/v2\/comments?post=61267"}],"version-history":[{"count":1,"href":"https:\/\/ikimisli.tr\/index.php\/wp-json\/wp\/v2\/posts\/61267\/revisions"}],"predecessor-version":[{"id":61270,"href":"https:\/\/ikimisli.tr\/index.php\/wp-json\/wp\/v2\/posts\/61267\/revisions\/61270"}],"wp:featuredmedia":[{"embeddable":true,"href":"https:\/\/ikimisli.tr\/index.php\/wp-json\/wp\/v2\/media\/61268"}],"wp:attachment":[{"href":"https:\/\/ikimisli.tr\/index.php\/wp-json\/wp\/v2\/media?parent=61267"}],"wp:term":[{"taxonomy":"category","embeddable":true,"href":"https:\/\/ikimisli.tr\/index.php\/wp-json\/wp\/v2\/categories?post=61267"},{"taxonomy":"post_tag","embeddable":true,"href":"https:\/\/ikimisli.tr\/index.php\/wp-json\/wp\/v2\/tags?post=61267"}],"curies":[{"name":"wp","href":"https:\/\/api.w.org\/{rel}","templated":true}]}}