{"id":61271,"date":"2025-07-29T01:35:49","date_gmt":"2025-07-29T01:35:49","guid":{"rendered":"https:\/\/ikimisli.tr\/?p=61271"},"modified":"2025-07-29T01:35:49","modified_gmt":"2025-07-29T01:35:49","slug":"sarayin-danismanini-cileden-cikaran-cevap-salon-bir-anda-buz-kesti","status":"publish","type":"post","link":"https:\/\/ikimisli.tr\/index.php\/2025\/07\/29\/sarayin-danismanini-cileden-cikaran-cevap-salon-bir-anda-buz-kesti\/","title":{"rendered":"Saray&#8217;\u0131n dan\u0131\u015fman\u0131n\u0131 \u00e7ileden \u00e7\u0131karan cevap! Salon bir anda buz kesti"},"content":{"rendered":"<p>Cumhurba\u015fkan\u0131 D\u0131\u015f Siyaset ve G\u00fcvenlik Ba\u015fdan\u0131\u015fman\u0131, eski Gen\u00e7lik ve Spor Bakan\u0131 Akif \u00c7a\u011fatay K\u0131l\u0131\u00e7, \u0130bn Haldun \u00dcniversitesi ile \u0130stanbul Teknik \u00dcniversitesi\u2019nin birlikte d\u00fczenledi\u011fi Tercih Fest 2025 aktifli\u011fine kat\u0131ld\u0131.<\/p>\n<p>Konu\u015fmas\u0131 s\u0131ras\u0131nda \u00f6\u011frencilere hitap eden K\u0131l\u0131\u00e7, \u201cRecep Tayyip Erdo\u011fan&#8217;\u0131n T\u00fcrkiye Cumhuriyeti Devleti&#8217;ne ve T\u00fcrk milletine ihanet edece\u011fine inan\u0131r m\u0131s\u0131n\u0131z?\u201d diye sordu.<\/p>\n<p>Salondaki bir \u00f6\u011frencinin \u201cEvet\u201d kar\u015f\u0131l\u0131\u011f\u0131n\u0131 vermesi \u00fczerine K\u0131l\u0131\u00e7 sert reaksiyon g\u00f6sterdi.<\/p>\n<p>K\u0131l\u0131\u00e7, \u00f6\u011frenciye d\u00f6nerek, \u201cSana hayatta b\u00fcy\u00fck kolayl\u0131klar diliyorum. \u00dcmit \u00d6zda\u011f ile muvaffakiyetler&#8230;\u201d dedi.<\/p>\n<p>S\u00f6zlerine devam eden K\u0131l\u0131\u00e7, \u015f\u00f6yle konu\u015ftu:<\/p>\n<p>-Senin annen, baban bundan 30 sene, 40 sene evvel h\u00fck\u00fcmetin bir temsilcisi olan bireye bu sorusuna senin verdi\u011fin yan\u0131t\u0131 verse sicili bozulur.<\/p>\n<p>-Bu sicilimizin bozulmamas\u0131, buradaki arkada\u015flar\u0131nla bir arada rahat bir formda bana istedi\u011fin soruyu sorup, istedi\u011fin kar\u015f\u0131l\u0131\u011f\u0131 alabilmenizin de alt\u0131nda Recep Tayyip Erdo\u011fan&#8217;\u0131n \u00e7ok b\u00fcy\u00fck eme\u011fi vard\u0131r.<\/p>\n<p>Tepkisini s\u00fcrd\u00fcren K\u0131l\u0131\u00e7, \u00f6\u011frenciye y\u00f6nelik \u015fu s\u00f6zleri kulland\u0131:<\/p>\n<p>-Ayr\u0131ca hangi sahikle s\u00f6yledi\u011fini bilmiyorum lakin s\u00f6yledi\u011fin kelam\u0131n ve s\u00f6ylerken ki halin fikrin yanl\u0131\u015fs\u0131z oldu\u011funu de\u011fil, sabit fikirli oldu\u011funu g\u00f6steriyor. Sabit fikirli oldu\u011funa kar\u015f\u0131l\u0131k veriyorum.\u201d<\/p>\n<p>-Ben bir soru sordum evet lakin verdi\u011fin yan\u0131t sabit fikirli oldu\u011funu ortaya koyuyor.<\/p>\n<p>-Han\u0131mefendi, ka\u00e7 ya\u015f\u0131ndas\u0131n\u0131z? Benim k\u0131z\u0131m da 18 ya\u015f\u0131nda. Tamam m\u0131? Burada duruyorum. Bunu salondaki herkes anlad\u0131. Sen de anlars\u0131n in\u015fallah.<\/p>\n","protected":false},"excerpt":{"rendered":"<p>Cumhurba\u015fkan\u0131 D\u0131\u015f Siyaset ve G\u00fcvenlik Ba\u015fdan\u0131\u015fman\u0131 Akif \u00c7a\u011fatay K\u0131l\u0131\u00e7, \u0130bn Haldun \u00dcniversitesi\u2019nde kat\u0131ld\u0131\u011f\u0131 bir programda gergin anlar ya\u015fad\u0131. Program s\u0131ras\u0131nda bir i\u015ftirak\u00e7inin, &#8220;Cumhurba\u015fkan\u0131 Erdo\u011fan\u2019\u0131n T\u00fcrkiye ve T\u00fcrk milletine ihanet edece\u011fine inan\u0131r m\u0131s\u0131n\u0131z?&#8221; sorusuna salondan \u201cEvet\u201d cevab\u0131 gelmesi \u00fczerine K\u0131l\u0131\u00e7 sonland\u0131.<\/p>\n","protected":false},"author":1,"featured_media":61272,"comment_status":"open","ping_status":"open","sticky":false,"template":"","format":"standard","meta":{"footnotes":""},"categories":[25],"tags":[2255,601],"class_list":["post-61271","post","type-post","status-publish","format-standard","has-post-thumbnail","hentry","category-gundem","tag-kilic","tag-sen"],"_links":{"self":[{"href":"https:\/\/ikimisli.tr\/index.php\/wp-json\/wp\/v2\/posts\/61271","targetHints":{"allow":["GET"]}}],"collection":[{"href":"https:\/\/ikimisli.tr\/index.php\/wp-json\/wp\/v2\/posts"}],"about":[{"href":"https:\/\/ikimisli.tr\/index.php\/wp-json\/wp\/v2\/types\/post"}],"author":[{"embeddable":true,"href":"https:\/\/ikimisli.tr\/index.php\/wp-json\/wp\/v2\/users\/1"}],"replies":[{"embeddable":true,"href":"https:\/\/ikimisli.tr\/index.php\/wp-json\/wp\/v2\/comments?post=61271"}],"version-history":[{"count":1,"href":"https:\/\/ikimisli.tr\/index.php\/wp-json\/wp\/v2\/posts\/61271\/revisions"}],"predecessor-version":[{"id":61273,"href":"https:\/\/ikimisli.tr\/index.php\/wp-json\/wp\/v2\/posts\/61271\/revisions\/61273"}],"wp:featuredmedia":[{"embeddable":true,"href":"https:\/\/ikimisli.tr\/index.php\/wp-json\/wp\/v2\/media\/61272"}],"wp:attachment":[{"href":"https:\/\/ikimisli.tr\/index.php\/wp-json\/wp\/v2\/media?parent=61271"}],"wp:term":[{"taxonomy":"category","embeddable":true,"href":"https:\/\/ikimisli.tr\/index.php\/wp-json\/wp\/v2\/categories?post=61271"},{"taxonomy":"post_tag","embeddable":true,"href":"https:\/\/ikimisli.tr\/index.php\/wp-json\/wp\/v2\/tags?post=61271"}],"curies":[{"name":"wp","href":"https:\/\/api.w.org\/{rel}","templated":true}]}}