{"id":61294,"date":"2025-07-29T02:59:49","date_gmt":"2025-07-29T02:59:49","guid":{"rendered":"https:\/\/ikimisli.tr\/?p=61294"},"modified":"2025-07-29T02:59:49","modified_gmt":"2025-07-29T02:59:49","slug":"turk-mutfaginin-vazgecilmezi-raflardan-acilen-toplatiliyor-dunyaya-nam-salmisti","status":"publish","type":"post","link":"https:\/\/ikimisli.tr\/index.php\/2025\/07\/29\/turk-mutfaginin-vazgecilmezi-raflardan-acilen-toplatiliyor-dunyaya-nam-salmisti\/","title":{"rendered":"T\u00fcrk mutfa\u011f\u0131n\u0131n vazge\u00e7ilmezi raflardan acilen toplat\u0131l\u0131yor: D\u00fcnyaya nam salm\u0131\u015ft\u0131"},"content":{"rendered":"<p>Almanya\u2019da ge\u00e7en aylarda y\u00fcksek seviyede pestisit kal\u0131nt\u0131s\u0131 nedeniyle piyasadan \u00e7ekilen Suntat markal\u0131 Tokat Erbaa salamura asma yapraklar\u0131, bu kere Fransa\u2019da g\u00fcndemde. Tokat Erbaa men\u015feli yaprak sarmalar\u0131, Fransa\u2019da yap\u0131lan kontrollerde inan\u00e7l\u0131 kabul edilen sonun 260 kat \u00fczerinde pestisit bar\u0131nd\u0131rd\u0131\u011f\u0131 tespit edilince acil geri \u00e7a\u011f\u0131rma listesine al\u0131nd\u0131.<\/p>\n<p><b>PEST\u0130S\u0130T KR\u0130Z\u0130 AVRUPA\u2019YI SARDI<\/b><\/p>\n<p>Fransa T\u00fcketiciyi M\u00fcdafaa Genel M\u00fcd\u00fcrl\u00fc\u011f\u00fc\u2019n\u00fcn (DGCCRF) kamuoyuyla payla\u015ft\u0131\u011f\u0131 datalara nazaran, Suntat yaprak sarma konservesinde birden fazla tar\u0131m ilac\u0131 kal\u0131nt\u0131s\u0131na rastland\u0131. Eser, s\u0131hhat riski olu\u015fturdu\u011fu gerek\u00e7esiyle derhal marketlerden toplat\u0131ld\u0131. Pestisitlerden kimilerinin kanserojen ve hormon bozucu tesirlere sahip oldu\u011funa dikkat \u00e7eken uzmanlar, t\u00fcketicileri etiket bilgilerini dikkatle denetim etmeleri konusunda uyard\u0131.<\/p>\n<p>Bu geli\u015fme, Avrupa\u2019da besin g\u00fcvenli\u011fi konusundaki kontrollerin ne derece s\u0131k\u0131la\u015ft\u0131\u011f\u0131n\u0131 g\u00f6zler \u00f6n\u00fcne sererken, yaprak sarma \u00fczere T\u00fcrk mutfa\u011f\u0131n\u0131n vazge\u00e7ilmez bir lezzetinde bile \u00f6nemli s\u0131hhat risklerinin bulunabilece\u011fini ortaya koydu.<\/p>\n<p><img decoding=\"async\" src=\"https:\/\/ikimisli.tr\/wp-content\/uploads\/2025\/07\/turk-mutfaginin-vazgecilmezi-raflardan-acilen-toplatiliyor-dunyaya-nam-salmisti-0-lx7vXkf2.jpg\"\/><\/p>\n<p><b>ALMANYA\u2019DAN SONRA ARTIK DE FRANSA<\/b><\/p>\n<p>S\u00f6z konusu eser, daha evvel de Almanya\u2019da emsal m\u00fcnasebetlerle raflardan \u00e7ekilmi\u015fti. Birebir marka ve \u00fcretim b\u00f6lgesine ili\u015fkin salamura yapraklar\u0131n farkl\u0131 \u00fclkelerde de tehlike yaratmas\u0131, ithalat ve kontrol s\u00fcre\u00e7lerinin tekrar sorgulanmas\u0131na neden oldu.<\/p>\n<p><b>L\u0130STEDE D\u0130\u011eER TEHL\u0130KEL\u0130 ESERLER DE VAR<\/b><\/p>\n<p>Fransa\u2019da son 7 g\u00fcn i\u00e7inde toplam 53 besin eseri, Listeria, Salmonella, E. coli ve yasakl\u0131 pestisitler nedeniyle geri \u00e7a\u011fr\u0131ld\u0131. Bilhassa et, haz\u0131r yemek, zerzevat ve baharat kategorilerinde a\u011f\u0131r alarm verildi.<\/p>\n<p>Geri \u00e7a\u011fr\u0131lan birtak\u0131m \u00f6b\u00fcr eserler \u015f\u00f6yle:<\/p>\n<p><strong>Destan marka f\u0131st\u0131k kremas\u0131:<\/strong> Etiketinde s\u00fct alerjeni belirtilmedi<\/p>\n<p><strong>Gourmet \u00c7elebi f\u0131nd\u0131k kremas\u0131:<\/strong> Yer f\u0131st\u0131\u011f\u0131, badem, Antep f\u0131st\u0131\u011f\u0131 bilgisi eksikti<\/p>\n<p><strong>U markal\u0131 baharatlar:<\/strong> Kimyasal kal\u0131nt\u0131 ve a\u011f\u0131r metal uyar\u0131s\u0131<\/p>\n<p><strong>Pom\u2019lisse patates eserleri: <\/strong>Kanserojen aromatik hidrokarbon i\u00e7erdi<\/p>\n<p><strong>Pad Thai, riz cantonnais \u00fczere Asya men\u015feli haz\u0131r yemekler: <\/strong>Alerjen bildirim hatalar\u0131<\/p>\n<p>Yetkililer, geri \u00e7a\u011fr\u0131lan eserlerin t\u00fcketilmemesini, sat\u0131n al\u0131nm\u0131\u015fsa marketlere iade edilmesini ve s\u0131hhat ku\u015fkusu durumunda en k\u0131sa m\u00fcddette t\u0131bbi yard\u0131m al\u0131nmas\u0131n\u0131 tavsiye etti.<\/p>\n","protected":false},"excerpt":{"rendered":"<p>T\u00fcrk mutfa\u011f\u0131n\u0131n vazge\u00e7ilmezi yaprak sarmaya Avrupa\u2019dan bir sefer daha k\u0131rm\u0131z\u0131 kart \u00e7\u0131kt\u0131. Almanya\u2019da ge\u00e7ti\u011fimiz aylarda raflardan toplat\u0131lan salamura asma yapraklar\u0131, art\u0131k de Fransa\u2019da t\u0131pk\u0131 m\u00fcnasebetle geri \u00e7a\u011fr\u0131ld\u0131. Eserde 5 farkl\u0131 pestisit tespit edildi, bunlardan biri inan\u00e7l\u0131 sonun tam 260 kat \u00fczerinde \u00e7\u0131kt\u0131.<\/p>\n","protected":false},"author":1,"featured_media":61295,"comment_status":"open","ping_status":"open","sticky":false,"template":"","format":"standard","meta":{"footnotes":""},"categories":[43],"tags":[864,1476,7913],"class_list":["post-61294","post","type-post","status-publish","format-standard","has-post-thumbnail","hentry","category-dunya","tag-fransa","tag-pestisit","tag-yaprak"],"_links":{"self":[{"href":"https:\/\/ikimisli.tr\/index.php\/wp-json\/wp\/v2\/posts\/61294","targetHints":{"allow":["GET"]}}],"collection":[{"href":"https:\/\/ikimisli.tr\/index.php\/wp-json\/wp\/v2\/posts"}],"about":[{"href":"https:\/\/ikimisli.tr\/index.php\/wp-json\/wp\/v2\/types\/post"}],"author":[{"embeddable":true,"href":"https:\/\/ikimisli.tr\/index.php\/wp-json\/wp\/v2\/users\/1"}],"replies":[{"embeddable":true,"href":"https:\/\/ikimisli.tr\/index.php\/wp-json\/wp\/v2\/comments?post=61294"}],"version-history":[{"count":1,"href":"https:\/\/ikimisli.tr\/index.php\/wp-json\/wp\/v2\/posts\/61294\/revisions"}],"predecessor-version":[{"id":61297,"href":"https:\/\/ikimisli.tr\/index.php\/wp-json\/wp\/v2\/posts\/61294\/revisions\/61297"}],"wp:featuredmedia":[{"embeddable":true,"href":"https:\/\/ikimisli.tr\/index.php\/wp-json\/wp\/v2\/media\/61295"}],"wp:attachment":[{"href":"https:\/\/ikimisli.tr\/index.php\/wp-json\/wp\/v2\/media?parent=61294"}],"wp:term":[{"taxonomy":"category","embeddable":true,"href":"https:\/\/ikimisli.tr\/index.php\/wp-json\/wp\/v2\/categories?post=61294"},{"taxonomy":"post_tag","embeddable":true,"href":"https:\/\/ikimisli.tr\/index.php\/wp-json\/wp\/v2\/tags?post=61294"}],"curies":[{"name":"wp","href":"https:\/\/api.w.org\/{rel}","templated":true}]}}